{"id":229044,"date":"2026-01-28T06:38:10","date_gmt":"2026-01-28T06:38:10","guid":{"rendered":"https:\/\/www.europesays.com\/pl\/229044\/"},"modified":"2026-01-28T06:38:10","modified_gmt":"2026-01-28T06:38:10","slug":"szwecja-rozwaza-wspolprace-nuklearna-z-francja-i-wielka-brytania","status":"publish","type":"post","link":"https:\/\/www.europesays.com\/pl\/229044\/","title":{"rendered":"Szwecja rozwa\u017ca wsp\u00f3\u0142prac\u0119 nuklearn\u0105 z Francj\u0105 i Wielk\u0105 Brytani\u0105"},"content":{"rendered":"<p>Premier Szwecji Ulf Kristersson ujawni\u0142, \u017ce jego kraj prowadzi wst\u0119pne rozmowy z Francj\u0105 i Wielk\u0105 Brytani\u0105 w sprawie mo\u017cliwej wsp\u00f3\u0142pracy w dziedzinie broni j\u0105drowej. To znacz\u0105ca zmiana w szwedzkiej polityce bezpiecze\u0144stwa po wej\u015bciu do NATO i w obliczu rosn\u0105cej niepewno\u015bci co do d\u0142ugoterminowego zaanga\u017cowania Stan\u00f3w Zjednoczonych w obron\u0119 Europy.<\/p>\n","protected":false},"excerpt":{"rendered":"Premier Szwecji Ulf Kristersson ujawni\u0142, \u017ce jego kraj prowadzi wst\u0119pne rozmowy z Francj\u0105 i Wielk\u0105 Brytani\u0105 w sprawie&hellip;\n","protected":false},"author":2,"featured_media":229045,"comment_status":"","ping_status":"","sticky":false,"template":"","format":"standard","meta":{"footnotes":"","_share_on_mastodon":"0"},"categories":[14],"tags":[32,33,42016,42017,96,27,34,35,28,31,160,25,40,41,80,547,29,30,26,106,82,83,84],"class_list":["post-229044","post","type-post","status-publish","format-standard","has-post-thumbnail","category-swiat","tag-breaking-news","tag-breakingnews","tag-bron-atomowa","tag-bron-nuklerana","tag-francja","tag-headlines","tag-latest-news","tag-latestnews","tag-naglowki","tag-najwazniejsze-artykuly","tag-nato","tag-news","tag-polish","tag-polski","tag-swiat","tag-szwecja","tag-top-stories","tag-topstories","tag-wiadomosci","tag-wielka-brytania","tag-world","tag-world-news","tag-worldnews"],"share_on_mastodon":{"url":"https:\/\/pubeurope.com\/@pl\/115971352328044353","error":""},"_links":{"self":[{"href":"https:\/\/www.europesays.com\/pl\/wp-json\/wp\/v2\/posts\/229044","targetHints":{"allow":["GET"]}}],"collection":[{"href":"https:\/\/www.europesays.com\/pl\/wp-json\/wp\/v2\/posts"}],"about":[{"href":"https:\/\/www.europesays.com\/pl\/wp-json\/wp\/v2\/types\/post"}],"author":[{"embeddable":true,"href":"https:\/\/www.europesays.com\/pl\/wp-json\/wp\/v2\/users\/2"}],"replies":[{"embeddable":true,"href":"https:\/\/www.europesays.com\/pl\/wp-json\/wp\/v2\/comments?post=229044"}],"version-history":[{"count":0,"href":"https:\/\/www.europesays.com\/pl\/wp-json\/wp\/v2\/posts\/229044\/revisions"}],"wp:featuredmedia":[{"embeddable":true,"href":"https:\/\/www.europesays.com\/pl\/wp-json\/wp\/v2\/media\/229045"}],"wp:attachment":[{"href":"https:\/\/www.europesays.com\/pl\/wp-json\/wp\/v2\/media?parent=229044"}],"wp:term":[{"taxonomy":"category","embeddable":true,"href":"https:\/\/www.europesays.com\/pl\/wp-json\/wp\/v2\/categories?post=229044"},{"taxonomy":"post_tag","embeddable":true,"href":"https:\/\/www.europesays.com\/pl\/wp-json\/wp\/v2\/tags?post=229044"}],"curies":[{"name":"wp","href":"https:\/\/api.w.org\/{rel}","templated":true}]}}