{"id":229134,"date":"2026-01-28T07:31:11","date_gmt":"2026-01-28T07:31:11","guid":{"rendered":"https:\/\/www.europesays.com\/pl\/229134\/"},"modified":"2026-01-28T07:31:11","modified_gmt":"2026-01-28T07:31:11","slug":"corka-nicole-kidman-juz-robi-kariere-w-swiecie-mody-upomnial-sie-o-nia-dior","status":"publish","type":"post","link":"https:\/\/www.europesays.com\/pl\/229134\/","title":{"rendered":"C\u00f3rka Nicole Kidman ju\u017c robi karier\u0119 w \u015bwiecie mody. Upomnia\u0142 si\u0119 o ni\u0105 Dior"},"content":{"rendered":"<p class=\"ods-c-paragraph \">Podczas pokazu Dior Haute Couture Wiosna\/Lato Sunday Rose mia\u0142a na sobie kr\u00f3tk\u0105, sk\u00f3rzan\u0105 kurtk\u0119, szerokie, szare jeansy typu cargo, a ca\u0142o\u015b\u0107 dope\u0142ni\u0142a czarnymi botkami, okularami przeciws\u0142onecznymi i torebk\u0105 saddle marki Dior. Jej g\u0142adko zaczesane, rudo-br\u0105zowe w\u0142osy idealnie wpisa\u0142y si\u0119 w paryski klimat. Od debiutu na wybiegu jej kariera nabiera tempa, a Sunday wsp\u00f3\u0142pracuje ju\u017c z takimi markami jak Dior, Miu Miu i Omega.<\/p>\n<p>  Dalszy ci\u0105g artyku\u0142u pod materia\u0142em wideo    <\/p>\n<p> Jakie marki wsp\u00f3\u0142pracuj\u0105 z Sunday Rose? <\/p>\n<p> W jakim wieku jest Sunday Rose? <\/p>\n<p> Gdzie debiutowa\u0142a Sunday Rose na wybiegu? <\/p>\n<p> Jakie by\u0142y postanowienia Nicole Kidman i Keitha Urbana po rozwodzie? <\/p>\n<p>  Nowa twarz Miu Miu i Dior<\/p>\n<p class=\"ods-c-paragraph \">W styczniu Sunday Rose podzi\u0119kowa\u0142a zespo\u0142owi Diora za mo\u017cliwo\u015b\u0107 udzia\u0142u w ich kampanii reklamowej, gdzie wyst\u0105pi\u0142a u boku Saar Mansvelt Beck i Laury Kaiser. Nastolatka przyzna\u0142a w rozmowie z magazynem &#8222;Nylon&#8221;, \u017ce jej rodzice, <a href=\"https:\/\/plejada.pl\/temat\/nicole-kidman-aktorka\/c28m0yf\" id=\"9aee1876-923c-4546-8895-7f72a607087e\" rel=\"nofollow noopener\" target=\"_blank\">Nicole Kidman<\/a> i Keith Urban, dbali o to, by zachowa\u0142a zdrowy dystans do rosn\u0105cej kariery. Zwr\u00f3ci\u0142a uwag\u0119, \u017ce zanim sko\u0144czy\u0142a 16 lat, nie mog\u0142a podejmowa\u0107 \u017cadnych zlece\u0144 zwi\u0105zanych z mod\u0105, a nauka zawsze musia\u0142a by\u0107 dla niej priorytetem.<\/p>\n<p class=\"ods-c-paragraph \">Keith Urban w rozmowie z magazynem &#8222;People&#8217; podkre\u015bli\u0142, \u017ce razem z Nicole chcieli, by ich c\u00f3rka przede wszystkim skupi\u0142a si\u0119 na szkole. Zaznaczy\u0142, \u017ce maj\u0105 nadziej\u0119, i\u017c ich do\u015bwiadczenie w show-biznesie pomo\u017ce Sunday zachowa\u0107 r\u00f3wnowag\u0119 mi\u0119dzy prac\u0105 a \u017cyciem prywatnym.<\/p>\n<p class=\"ods-c-paragraph \">We wrze\u015bniu 2025 r. Nicole Kidman i Keith Urban og\u0142osili rozw\u00f3d po niemal 20 latach ma\u0142\u017ce\u0144stwa. Zgodnie z dokumentami s\u0105dowymi Nicole otrzyma\u0142a g\u0142\u00f3wn\u0105 opiek\u0119 nad Sunday Rose i jej m\u0142odsz\u0105 siostr\u0105 Faith. Aktorka b\u0119dzie sp\u0119dza\u0107 z c\u00f3rkami 306 dni w roku, natomiast Keith Urban b\u0119dzie widywa\u0142 dzieci co drugi weekend i podczas wybranych \u015bwi\u0105t.<\/p>\n<p class=\"ods-c-paragraph \">&#8222;Matka i ojciec b\u0119d\u0105 wobec siebie i ka\u017cdego dziecka zachowywa\u0107 si\u0119 w taki spos\u00f3b, by zapewni\u0107 kochaj\u0105c\u0105, stabiln\u0105, konsekwentn\u0105 i wspieraj\u0105c\u0105 relacj\u0119, nawet b\u0119d\u0105c po rozwodzie&#8221; \u2014 zapisano w dokumentach. Oboje rodzice zdecydowali si\u0119 r\u00f3wnie\u017c na rezygnacj\u0119 z aliment\u00f3w oraz podzia\u0142 koszt\u00f3w s\u0105dowych po r\u00f3wno.<\/p>\n<p class=\"ods-c-paragraph \">Dzi\u0119kujemy, \u017ce przeczyta\u0142a\u015b\/e\u015b nasz artyku\u0142 do ko\u0144ca. W serwisie Plejada.pl ka\u017cdego dnia piszemy o najwa\u017cniejszych wydarzeniach show-biznesowych. B\u0105d\u017a na bie\u017c\u0105co! <a rel=\"nofollow noopener\" href=\"https:\/\/profile.google.com\/cp\/Cg0vZy8xMWJ6X19wdHBx\" id=\"1adc9213-dae6-4103-a8c8-2929af510194\" target=\"_blank\">Obserwuj<\/a> Plejad\u0119 w Google. Odwied\u017a nas tak\u017ce na <a rel=\"nofollow noopener\" href=\"https:\/\/www.facebook.com\/plejadapl\" id=\"dfb9db5a-9342-48cb-9245-8b3f185f6f34\" target=\"_blank\">Facebooku<\/a>, <a rel=\"nofollow noopener\" href=\"https:\/\/www.instagram.com\/plejadapl\/\" id=\"645dfa0f-4b4d-4fc0-a63c-473adcf4b589\" target=\"_blank\">Instagramie<\/a>, <a rel=\"nofollow noopener\" href=\"https:\/\/www.youtube.com\/c\/plejada\" id=\"77a53f89-d537-4c56-b448-9b29b2e8a544\" target=\"_blank\">YouTubie<\/a> oraz <a rel=\"nofollow noopener\" href=\"https:\/\/www.tiktok.com\/@plejada_pl\" id=\"a0ab0d95-f4e0-4e38-9fd1-e49fda7776f4\" target=\"_blank\">TikToku<\/a>.<\/p>\n<p class=\"ods-c-paragraph \">Chcesz podzieli\u0107 si\u0119 ciekawym newsem lub zaproponowa\u0107 temat? Skontaktuj si\u0119 z nami, pisz\u0105c maila na adres: <a rel=\"nofollow noopener\" href=\"https:\/\/plejada.pl\/newsy\/corka-nicole-kidman-juz-robi-kariere-w-swiecie-mody-upomnial-sie-o-nia-dior\/mailto:plejada@redakcjaonet.pl\" id=\"1b5fb812-8704-4687-8af5-a192933ffa7b\" target=\"_blank\">plejada@redakcjaon<\/a><a href=\"https:\/\/et.pl\" id=\"654de494-a7bf-4283-a83f-84529fa29a12\" rel=\"nofollow noopener\" target=\"_blank\">et.pl<\/a>.<\/p>\n<p><script async src=\"\/\/www.instagram.com\/embed.js\"><\/script><script async src=\"\/\/www.tiktok.com\/embed.js\"><\/script><\/p>\n","protected":false},"excerpt":{"rendered":"Podczas pokazu Dior Haute Couture Wiosna\/Lato Sunday Rose mia\u0142a na sobie kr\u00f3tk\u0105, sk\u00f3rzan\u0105 kurtk\u0119, szerokie, szare jeansy typu&hellip;\n","protected":false},"author":2,"featured_media":229135,"comment_status":"","ping_status":"","sticky":false,"template":"","format":"standard","meta":{"footnotes":""},"categories":[22],"tags":[122,42025,42024,7412,48,125,7411,46,42,38,40,39,41,123,47],"class_list":{"0":"post-229134","1":"post","2":"type-post","3":"status-publish","4":"format-standard","5":"has-post-thumbnail","7":"category-rozrywka","8":"tag-entertainment","9":"tag-float_tst1","10":"tag-float_tst2","11":"tag-keith_urban","12":"tag-nat_styl","13":"tag-newsy","14":"tag-nicole_kidman","15":"tag-omp","16":"tag-pl","17":"tag-poland","18":"tag-polish","19":"tag-polska","20":"tag-polski","21":"tag-rozrywka","22":"tag-screening_general"},"share_on_mastodon":{"url":"https:\/\/pubeurope.com\/@pl\/115971560783388717","error":""},"_links":{"self":[{"href":"https:\/\/www.europesays.com\/pl\/wp-json\/wp\/v2\/posts\/229134","targetHints":{"allow":["GET"]}}],"collection":[{"href":"https:\/\/www.europesays.com\/pl\/wp-json\/wp\/v2\/posts"}],"about":[{"href":"https:\/\/www.europesays.com\/pl\/wp-json\/wp\/v2\/types\/post"}],"author":[{"embeddable":true,"href":"https:\/\/www.europesays.com\/pl\/wp-json\/wp\/v2\/users\/2"}],"replies":[{"embeddable":true,"href":"https:\/\/www.europesays.com\/pl\/wp-json\/wp\/v2\/comments?post=229134"}],"version-history":[{"count":0,"href":"https:\/\/www.europesays.com\/pl\/wp-json\/wp\/v2\/posts\/229134\/revisions"}],"wp:featuredmedia":[{"embeddable":true,"href":"https:\/\/www.europesays.com\/pl\/wp-json\/wp\/v2\/media\/229135"}],"wp:attachment":[{"href":"https:\/\/www.europesays.com\/pl\/wp-json\/wp\/v2\/media?parent=229134"}],"wp:term":[{"taxonomy":"category","embeddable":true,"href":"https:\/\/www.europesays.com\/pl\/wp-json\/wp\/v2\/categories?post=229134"},{"taxonomy":"post_tag","embeddable":true,"href":"https:\/\/www.europesays.com\/pl\/wp-json\/wp\/v2\/tags?post=229134"}],"curies":[{"name":"wp","href":"https:\/\/api.w.org\/{rel}","templated":true}]}}