{"id":229354,"date":"2026-01-28T09:49:03","date_gmt":"2026-01-28T09:49:03","guid":{"rendered":"https:\/\/www.europesays.com\/pl\/229354\/"},"modified":"2026-01-28T09:49:03","modified_gmt":"2026-01-28T09:49:03","slug":"zaskakujaca-wpadka-posla-w-polsat-news-myslalem-ze-jestesmy-poza-wizja","status":"publish","type":"post","link":"https:\/\/www.europesays.com\/pl\/229354\/","title":{"rendered":"Zaskakuj\u0105ca wpadka pos\u0142a w Polsat News. &#8222;My\u015bla\u0142em, \u017ce jeste\u015bmy poza wizj\u0105&#8221;"},"content":{"rendered":"<p class=\"ods-c-paragraph \">Niecodzienna sytuacja mia\u0142a miejsce w studiu Polsat News podczas programu &#8222;Debata Gozdyry&#8221;. W trakcie przygotowa\u0144 do przerwy pose\u0142 Koalicji Obywatelskiej, Adrian Witczak, niespodziewanie zwr\u00f3ci\u0142 si\u0119 do prowadz\u0105cej, <a href=\"https:\/\/plejada.pl\/temat\/agnieszka-gozdyra\/enhtp37\" id=\"b8717fee-cb36-4833-b067-85d32e8f8035\" rel=\"nofollow noopener\" target=\"_blank\">Agnieszki Gozdyry<\/a>, co wywo\u0142a\u0142o \u015bmiech w\u015br\u00f3d pozosta\u0142ych zaproszonych go\u015bci.<\/p>\n<p> Dalszy ci\u0105g artyku\u0142u pod materia\u0142em wideo    <\/p>\n<p> Jakie s\u0142owa wypowiedzia\u0142 pose\u0142 Witczak do dziennikarki? <\/p>\n<p> Jak zareagowa\u0142a Agnieszka Gozdyra na komentarz pos\u0142a? <\/p>\n<p> Co powiedzia\u0142 pose\u0142 na temat swojej wcze\u015bniejszej wypowiedzi? <\/p>\n<p> Jak zako\u0144czy\u0142a prowadz\u0105ca program Polsat News? <\/p>\n<p>  Zaskakuj\u0105ce s\u0142owa pos\u0142a do dziennikarki. Wszystko uchwyci\u0142y kamery<\/p>\n<p class=\"ods-c-paragraph \">Podczas gdy Agnieszka Gozdyra zapowiada\u0142a kolejny temat rozmowy, Adrian Witczak, pose\u0142 KO, wypowiedzia\u0142 cicho, lecz s\u0142yszalnie dla wszystkich w studiu s\u0142owa uznania pod adresem dziennikarki.<\/p>\n<blockquote class=\"ods-o-quote\"\/>\n<p class=\"ods-c-paragraph \">\u2014 powiedzia\u0142.<\/p>\n<p class=\"ods-c-paragraph \">Natychmiast wywo\u0142a\u0142y one reakcj\u0119 prowadz\u0105cej.<\/p>\n<p class=\"ods-c-paragraph \">\u2014 Przepraszam? \u2014 dopyta\u0142a zak\u0142opotana dziennikarka. \u2014 Ale pani jest m\u0105dra \u2014 powt\u00f3rzy\u0142 pose\u0142 Witczak ju\u017c g\u0142o\u015bniej. \u2014 A dlaczego pan teraz powiedzia\u0142 takie zdanie? Nie uchylam si\u0119 od tej opinii, ale\u2026 \u2014 zapyta\u0142a Agnieszka Gozdyra.<\/p>\n<p class=\"ods-c-paragraph \">\u2014 No bo przys\u0142uchiwa\u0142em si\u0119 jak pani zadawa\u0142a pytania \u2014 odpowiedzia\u0142 Adrian Witczak, czym rozbawi\u0142 wszystkich w studiu.<\/p>\n<p class=\"ods-c-paragraph \">\u2014 Przepraszam pa\u0144stwa jestem skonsternowana \u2014 zareagowa\u0142a dziennikarka.<\/p>\n<p class=\"ods-c-paragraph \">\u2014 Szczerze powiedziawszy, to my\u015bla\u0142em, \u017ce jeste\u015bmy poza wizj\u0105 \u2014 doda\u0142 pose\u0142 KO.<\/p>\n<p class=\"ods-c-paragraph \">\u2014 To jest czas na przerw\u0119 \u2014 zako\u0144czy\u0142a prowadz\u0105ca program Polsat News.<\/p>\n<p class=\"ods-c-paragraph \">Dzi\u0119kujemy, \u017ce przeczyta\u0142a\u015b\/e\u015b nasz artyku\u0142 do ko\u0144ca. W serwisie Plejada.pl ka\u017cdego dnia piszemy o najwa\u017cniejszych wydarzeniach show-biznesowych. B\u0105d\u017a na bie\u017c\u0105co! <a rel=\"nofollow noopener\" href=\"https:\/\/profile.google.com\/cp\/Cg0vZy8xMWJ6X19wdHBx\" id=\"8f43fb31-d8d6-4477-8ce8-4e3db8e7285b\" target=\"_blank\">Obserwuj<\/a> Plejad\u0119 w Wiadomo\u015bciach Google. Odwied\u017a nas tak\u017ce na <a rel=\"nofollow noopener\" href=\"https:\/\/www.facebook.com\/plejadapl\" id=\"33f6d52b-1a5e-427c-b604-8f1249ac2d26\" target=\"_blank\">Facebooku<\/a>, <a rel=\"nofollow noopener\" href=\"https:\/\/www.instagram.com\/plejadapl\/\" id=\"f774169a-f4bb-46a2-9d84-67f52ccd322f\" target=\"_blank\">Instagramie<\/a>, <a rel=\"nofollow noopener\" href=\"https:\/\/www.youtube.com\/c\/plejada\" id=\"39bfd792-cd04-4827-b26d-75ada631553b\" target=\"_blank\">YouTube<\/a> oraz <a rel=\"nofollow noopener\" href=\"https:\/\/www.tiktok.com\/@plejada_pl\" id=\"0b69c162-58f2-4470-ac66-346638768587\" target=\"_blank\">TikToku<\/a>.<\/p>\n<p class=\"ods-c-paragraph \">Chcesz podzieli\u0107 si\u0119 ciekawym newsem lub zaproponowa\u0107 temat? Skontaktuj si\u0119 z nami, pisz\u0105c e-maila na adres: <a rel=\"nofollow noopener\" href=\"https:\/\/plejada.pl\/newsy\/zaskakujaca-wpadka-posla-w-polsat-news-myslalem-ze-jestesmy-poza-wizja\/mailto:plejada@redakcjaonet.pl\" id=\"d529ca57-ba5a-4fe1-80db-a3b28586c94e\" target=\"_blank\">plejada@redakcjaonet.pl<\/a>.<\/p>\n<p><script async src=\"\/\/www.instagram.com\/embed.js\"><\/script><script async src=\"\/\/www.tiktok.com\/embed.js\"><\/script><\/p>\n","protected":false},"excerpt":{"rendered":"Niecodzienna sytuacja mia\u0142a miejsce w studiu Polsat News podczas programu &#8222;Debata Gozdyry&#8221;. W trakcie przygotowa\u0144 do przerwy pose\u0142&hellip;\n","protected":false},"author":2,"featured_media":229355,"comment_status":"","ping_status":"","sticky":false,"template":"","format":"standard","meta":{"footnotes":""},"categories":[5],"tags":[15774,32,33,36,37,42025,27,34,35,28,31,48,25,125,46,42,38,40,263,12742,39,41,47,29,30,26],"class_list":{"0":"post-229354","1":"post","2":"type-post","3":"status-publish","4":"format-standard","5":"has-post-thumbnail","7":"category-naglowki","8":"tag-agnieszka_gozdyra","9":"tag-breaking-news","10":"tag-breakingnews","11":"tag-featured-news","12":"tag-featurednews","13":"tag-float_tst1","14":"tag-headlines","15":"tag-latest-news","16":"tag-latestnews","17":"tag-naglowki","18":"tag-najwazniejsze-artykuly","19":"tag-nat_styl","20":"tag-news","21":"tag-newsy","22":"tag-omp","23":"tag-pl","24":"tag-poland","25":"tag-polish","26":"tag-polsat","27":"tag-polsat_news","28":"tag-polska","29":"tag-polski","30":"tag-screening_general","31":"tag-top-stories","32":"tag-topstories","33":"tag-wiadomosci"},"share_on_mastodon":{"url":"https:\/\/pubeurope.com\/@pl\/115972103364341944","error":""},"_links":{"self":[{"href":"https:\/\/www.europesays.com\/pl\/wp-json\/wp\/v2\/posts\/229354","targetHints":{"allow":["GET"]}}],"collection":[{"href":"https:\/\/www.europesays.com\/pl\/wp-json\/wp\/v2\/posts"}],"about":[{"href":"https:\/\/www.europesays.com\/pl\/wp-json\/wp\/v2\/types\/post"}],"author":[{"embeddable":true,"href":"https:\/\/www.europesays.com\/pl\/wp-json\/wp\/v2\/users\/2"}],"replies":[{"embeddable":true,"href":"https:\/\/www.europesays.com\/pl\/wp-json\/wp\/v2\/comments?post=229354"}],"version-history":[{"count":0,"href":"https:\/\/www.europesays.com\/pl\/wp-json\/wp\/v2\/posts\/229354\/revisions"}],"wp:featuredmedia":[{"embeddable":true,"href":"https:\/\/www.europesays.com\/pl\/wp-json\/wp\/v2\/media\/229355"}],"wp:attachment":[{"href":"https:\/\/www.europesays.com\/pl\/wp-json\/wp\/v2\/media?parent=229354"}],"wp:term":[{"taxonomy":"category","embeddable":true,"href":"https:\/\/www.europesays.com\/pl\/wp-json\/wp\/v2\/categories?post=229354"},{"taxonomy":"post_tag","embeddable":true,"href":"https:\/\/www.europesays.com\/pl\/wp-json\/wp\/v2\/tags?post=229354"}],"curies":[{"name":"wp","href":"https:\/\/api.w.org\/{rel}","templated":true}]}}