{"id":229687,"date":"2026-01-28T12:51:10","date_gmt":"2026-01-28T12:51:10","guid":{"rendered":"https:\/\/www.europesays.com\/pl\/229687\/"},"modified":"2026-01-28T12:51:10","modified_gmt":"2026-01-28T12:51:10","slug":"syn-krzysztofa-ibisza-zrezygnowal-z-jego-nazwiska-prezenter-reaguje-jest-jeszcze-jeden-powod","status":"publish","type":"post","link":"https:\/\/www.europesays.com\/pl\/229687\/","title":{"rendered":"Syn Krzysztofa Ibisza zrezygnowa\u0142 z jego nazwiska. Prezenter reaguje: jest jeszcze jeden pow\u00f3d"},"content":{"rendered":"<p class=\"ods-c-paragraph \">Kilka dni wcze\u015bniej Maksymilian Zejdler opowiedzia\u0142 o swojej decyzji na antenie Polskiego Radia RDC w rozmowie z <a href=\"https:\/\/plejada.pl\/temat\/mateusz-szymkowiak\/m09bdm7\" id=\"dd4dd61a-6719-47e1-9598-4308958fa53b\" rel=\"nofollow noopener\" target=\"_blank\">Mateuszem Szymkowiakiem<\/a>. Nie kry\u0142 wzruszenia, m\u00f3wi\u0105c o relacjach z rodzin\u0105 ze strony mamy.<\/p>\n<blockquote class=\"ods-o-quote\">\n<p class=\"ods-o-quote__paragraph\">Zrobi\u0142em to dlatego, \u017ce bardzo jestem z\u017cyty i z mam\u0105, i z babci\u0105. I z dziadkiem by\u0142em bardzo z\u017cyty. Dziadek w\u0142o\u017cy\u0142 ogromny wysi\u0142ek w moje wychowanie. Poczu\u0142em, \u017ce chcia\u0142bym mu si\u0119 w ten spos\u00f3b odwdzi\u0119czy\u0107, jako taki symboliczny gest. Mia\u0142 do mnie ogromn\u0105 s\u0142abo\u015b\u0107 i bardzo mnie ta my\u015bl o nim rozczula. To by\u0142 cz\u0142owiek o dosy\u0107 szorstkiej naturze, ale przy mnie zmienia\u0142 si\u0119 ca\u0142kowicie. Mia\u0142 do mnie wyj\u0105tkowe serce i tak to jest taki uk\u0142on w jego stron\u0119<\/p>\n<\/blockquote>\n<p class=\"ods-c-paragraph \">\u2014 wyzna\u0142 Maksymilian Zejdler.<\/p>\n<p> Dalszy ci\u0105g artyku\u0142u pod materia\u0142em wideo    <\/p>\n<p> Dlaczego Maksymilian Zejdler zrezygnowa\u0142 z nazwiska ojca? <\/p>\n<p> Jak Krzysztof Ibisz zareagowa\u0142 na decyzj\u0119 syna? <\/p>\n<p> Co powiedzia\u0142 Maksymilian o relacjach z rodzin\u0105? <\/p>\n<p> Jakie powody mia\u0142a decyzja Maksymiliana o przyj\u0119ciu nazwiska matki? <\/p>\n<p>  Syn Krzysztofa Ibisza zrezygnowa\u0142 z jego nazwiska. Prezenter reaguje na decyzj\u0119 Maksymiliana<\/p>\n<p class=\"ods-c-paragraph \">Po tych s\u0142owach w mediach zawrza\u0142o. Internauci zacz\u0119li domy\u015bla\u0107 si\u0119, \u017ce w rodzinie Ibisz\u00f3w mog\u0142o doj\u015b\u0107 do powa\u017cnego konfliktu. Krzysztof Ibisz szybko zdementowa\u0142 te plotki <a href=\"https:\/\/ludzie.fakt.pl\/krzysztof-ibisz-komentuje-decyzje-syna-o-zmianie-nazwiska-zaskakujace-kulisy\/jfjrxk1\" id=\"8d7b6a87-6bb4-4807-9fb0-3f48c0c32475\" rel=\"nofollow noopener\" target=\"_blank\">w rozmowie z Cezarym Wi\u015bniewskim z &#8222;Faktu&#8221;<\/a>. <\/p>\n<blockquote class=\"ods-o-quote\">\n<p class=\"ods-o-quote__paragraph\">M\u00f3j syn by\u0142 bardzo zwi\u0105zany ze swoim dziadkiem, kt\u00f3rego ju\u017c, niestety, nie ma z nami. Wspania\u0142ym re\u017cyserem, dyrektorem kilku teatr\u00f3w, osobowo\u015bci\u0105 teatru \u2013 Wojciechem Zejdlerem. I z szacunku dla dziadka postanowi\u0142 mie\u0107 to nazwisko, bo ten r\u00f3d si\u0119 ko\u0144czy, dlatego, \u017ce nazwisko nosi jego mama, moja by\u0142a \u017cona i tam nie ma m\u0119skiego potomka. No wi\u0119c taka tradycja mojego syna i on j\u0105 szanuje i absolutnie te\u017c by\u0142em za<\/p>\n<\/blockquote>\n<p class=\"ods-c-paragraph \">\u2014 wyt\u0142umaczy\u0142 prezenter <\/p>\n<p> <img decoding=\"async\" src=\"https:\/\/www.europesays.com\/pl\/wp-content\/uploads\/2026\/01\/aSVk9lBaHR0cHM6Ly9vY2RuLmV1L3B1bHNjbXMvTURBXy80ZDUzZjBhMGExZjYzODFhZDY0OWVlNTY1MzMyODk3Mi5qcGeRlQLNA.jpeg\" height=\"529\" width=\"940\" style=\"min-height:529px;\" alt=\"Krzysztof Ibisz z synem Maksymilianem\" loading=\"lazy\" class=\"ods-c-image__img ods-c-image__img--vertical\"\/> <\/p>\n<p>Krzysztof Ibisz z synem MaksymilianemAndras Szilagyi \/ MW Media<\/p>\n<p class=\"ods-c-paragraph \">Jak si\u0119 okazuje, powod\u00f3w by\u0142o jednak wi\u0119cej. Prowadz\u0105cy &#8222;Awantur\u0119 o kas\u0119&#8221; zdradzi\u0142, \u017ce Maksymilian chcia\u0142 budowa\u0107 swoj\u0105 przysz\u0142o\u015b\u0107 bez \u0142atki &#8222;syna s\u0142awnego ojca&#8221;.<\/p>\n<blockquote class=\"ods-o-quote\">\n<p class=\"ods-o-quote__paragraph\">Jest jeszcze jeden pow\u00f3d tej decyzji, bo m\u00f3j syn wiedzia\u0142, \u017ce b\u0119dzie zdawa\u0142 do szko\u0142y teatralnej i bardzo nie chcia\u0142, by z g\u00f3ry by\u0142 brany za syna Krzysztofa Ibisza. I dosta\u0142 si\u0119 do Akademii Teatralnej w Krakowie absolutnie anonimowo. Tak \u017ce, synu, wielki szacunek!<\/p>\n<\/blockquote>\n<p class=\"ods-c-paragraph \">\u2014 doda\u0142 Krzysztof Ibisz. <\/p>\n<p> <img decoding=\"async\" src=\"https:\/\/www.europesays.com\/pl\/wp-content\/uploads\/2025\/09\/Fbvk9lBaHR0cHM6Ly9vY2RuLmV1L3B1bHNjbXMvTURBXy8wMDE4N2MyYmJhM2FhZWExMzUyYjM1YTg1ZjRkZjc4Mi5qcGeRlQLNB.jpeg\" height=\"627\" width=\"940\" style=\"min-height:627px;\" alt=\"Krzysztof Ibisz z synem Maksymilianem\" loading=\"lazy\" class=\"ods-c-image__img ods-c-image__img--viewport-width\"\/> <\/p>\n<p>Krzysztof Ibisz z synem MaksymilianemAndras Szilagyi \/ MW Media<\/p>\n<p class=\"ods-c-paragraph \">Dzi\u0119kujemy, \u017ce przeczyta\u0142a\u015b\/e\u015b nasz artyku\u0142 do ko\u0144ca. W serwisie Plejada.pl ka\u017cdego dnia piszemy o najwa\u017cniejszych wydarzeniach show-biznesowych. B\u0105d\u017a na bie\u017c\u0105co! <a rel=\"nofollow noopener\" href=\"https:\/\/profile.google.com\/cp\/Cg0vZy8xMWJ6X19wdHBx\" id=\"d886c74c-048d-4a00-8a66-2713d05c0578\" target=\"_blank\">Obserwuj<\/a> Plejad\u0119 w Google. Odwied\u017a nas tak\u017ce na <a rel=\"nofollow noopener\" href=\"https:\/\/www.facebook.com\/plejadapl\" id=\"4e72f389-ffb2-4b21-ae96-6e12b6dbf792\" target=\"_blank\">Facebooku<\/a>, <a rel=\"nofollow noopener\" href=\"https:\/\/www.instagram.com\/plejadapl\/\" id=\"e2bd7e3e-c3aa-47fc-8fdb-b6ef3bd1d34e\" target=\"_blank\">Instagramie<\/a>, <a rel=\"nofollow noopener\" href=\"https:\/\/www.youtube.com\/c\/plejada\" id=\"1045dddc-5c21-4819-aa6f-8ec76d429a28\" target=\"_blank\">YouTubie<\/a> oraz <a rel=\"nofollow noopener\" href=\"https:\/\/www.tiktok.com\/@plejada_pl\" id=\"a7c112e6-1297-4762-8495-ca3edbd55a31\" target=\"_blank\">TikToku<\/a>.<\/p>\n<p class=\"ods-c-paragraph \">Chcesz podzieli\u0107 si\u0119 ciekawym newsem lub zaproponowa\u0107 temat? Skontaktuj si\u0119 z nami, pisz\u0105c maila na adres: <a rel=\"nofollow noopener\" href=\"https:\/\/plejada.pl\/newsy\/syn-krzysztofa-ibisza-zrezygnowal-z-jego-nazwiska-prezenter-reaguje-jest-jeszcze\/mailto:plejada@redakcjaonet.pl\" id=\"c787896b-d0b7-49ab-b0a1-79c72494bfda\" target=\"_blank\">plejada@redakcjaon<\/a><a href=\"https:\/\/et.pl\" id=\"72b554a8-c9c0-4a23-aa6f-19f79d8aee1f\" rel=\"nofollow noopener\" target=\"_blank\">et.pl<\/a>.<\/p>\n<p><script async src=\"\/\/www.instagram.com\/embed.js\"><\/script><script async src=\"\/\/www.tiktok.com\/embed.js\"><\/script><\/p>\n","protected":false},"excerpt":{"rendered":"Kilka dni wcze\u015bniej Maksymilian Zejdler opowiedzia\u0142 o swojej decyzji na antenie Polskiego Radia RDC w rozmowie z Mateuszem&hellip;\n","protected":false},"author":2,"featured_media":229688,"comment_status":"","ping_status":"","sticky":false,"template":"","format":"standard","meta":{"footnotes":""},"categories":[5],"tags":[5199,32,33,36,37,27,3913,34,35,28,31,48,25,125,46,42,38,40,39,41,47,29,30,26],"class_list":{"0":"post-229687","1":"post","2":"type-post","3":"status-publish","4":"format-standard","5":"has-post-thumbnail","7":"category-naglowki","8":"tag-anna_zejdler","9":"tag-breaking-news","10":"tag-breakingnews","11":"tag-featured-news","12":"tag-featurednews","13":"tag-headlines","14":"tag-krzysztof_ibisz","15":"tag-latest-news","16":"tag-latestnews","17":"tag-naglowki","18":"tag-najwazniejsze-artykuly","19":"tag-nat_styl","20":"tag-news","21":"tag-newsy","22":"tag-omp","23":"tag-pl","24":"tag-poland","25":"tag-polish","26":"tag-polska","27":"tag-polski","28":"tag-screening_general","29":"tag-top-stories","30":"tag-topstories","31":"tag-wiadomosci"},"share_on_mastodon":{"url":"https:\/\/pubeurope.com\/@pl\/115972819150615594","error":""},"_links":{"self":[{"href":"https:\/\/www.europesays.com\/pl\/wp-json\/wp\/v2\/posts\/229687","targetHints":{"allow":["GET"]}}],"collection":[{"href":"https:\/\/www.europesays.com\/pl\/wp-json\/wp\/v2\/posts"}],"about":[{"href":"https:\/\/www.europesays.com\/pl\/wp-json\/wp\/v2\/types\/post"}],"author":[{"embeddable":true,"href":"https:\/\/www.europesays.com\/pl\/wp-json\/wp\/v2\/users\/2"}],"replies":[{"embeddable":true,"href":"https:\/\/www.europesays.com\/pl\/wp-json\/wp\/v2\/comments?post=229687"}],"version-history":[{"count":0,"href":"https:\/\/www.europesays.com\/pl\/wp-json\/wp\/v2\/posts\/229687\/revisions"}],"wp:featuredmedia":[{"embeddable":true,"href":"https:\/\/www.europesays.com\/pl\/wp-json\/wp\/v2\/media\/229688"}],"wp:attachment":[{"href":"https:\/\/www.europesays.com\/pl\/wp-json\/wp\/v2\/media?parent=229687"}],"wp:term":[{"taxonomy":"category","embeddable":true,"href":"https:\/\/www.europesays.com\/pl\/wp-json\/wp\/v2\/categories?post=229687"},{"taxonomy":"post_tag","embeddable":true,"href":"https:\/\/www.europesays.com\/pl\/wp-json\/wp\/v2\/tags?post=229687"}],"curies":[{"name":"wp","href":"https:\/\/api.w.org\/{rel}","templated":true}]}}