{"id":229789,"date":"2026-01-28T13:48:07","date_gmt":"2026-01-28T13:48:07","guid":{"rendered":"https:\/\/www.europesays.com\/pl\/229789\/"},"modified":"2026-01-28T13:48:07","modified_gmt":"2026-01-28T13:48:07","slug":"oficjalnie-kolejny-transfer-jagiellonii-to-dawna-gwiazda-ligi-sportowefakty","status":"publish","type":"post","link":"https:\/\/www.europesays.com\/pl\/229789\/","title":{"rendered":"Oficjalnie. Kolejny transfer Jagiellonii. To dawna gwiazda ligi &#8211; SportoweFakty"},"content":{"rendered":"<ol>\n<li><a href=\"https:\/\/news.google.com\/rss\/articles\/CBMirgFBVV95cUxPeUNkUWhZcV9TMkZBdmxEUXlWMWxUU3NOZzJnVjNSYzVoQXp3M1NUbzdadU5aQW91VDRONGpyNFBBQW9DNTFweUpJMXFjZTZTNkRPUUppN1cycktuQTZsVTNYeDZMeHZ4ekRiOUtIRklCVEVSODNGc2tMMmRPNW1UWTN6SkkyOEhaTmpfNTB6VGFCRFVrR2drY3ZQSGZjWDlxZVRyVVFUOWVobk9rQ1E?oc=5\" target=\"_blank\" rel=\"nofollow noopener\">Oficjalnie. Kolejny transfer Jagiellonii. To dawna gwiazda ligi<\/a>&nbsp;&nbsp;SportoweFakty<\/li>\n<li><a href=\"https:\/\/news.google.com\/rss\/articles\/CBMi3wFBVV95cUxPY2lOWlBXZzNqckZ4cGhWRWswMkFQZ1J3ZDkxSzUwZHhMWndsUVFySFJmeUh6aFpmVHA1SHFlUldsQkdyWDdrNGRaQUhRNUFZMkdLbjVIVnNqeEVzMUlFOTJxSXRTdTAwYllHMDNOTThWZHY1aWtTck5FNENXOFZOcEV4aktxNzZIQTVuTE0xdnV6SnZUSDRQYllhT1M3LXIzUVU4UlpaM2FEaHQ0cWJZMXY4YVBUYzNQMTNWb1VxZGFtMHNZc3FleWpjTzdSaGRBTUtPNlZhWmdTNDVUN2o4?oc=5\" target=\"_blank\" rel=\"nofollow noopener\">Jagiellonia Bia\u0142ystok z wypo\u017cyczeniem last minute. Wcze\u015bniej gra\u0142 w \u015al\u0105sku Wroc\u0142aw<\/a>&nbsp;&nbsp;Onet<\/li>\n<li><a href=\"https:\/\/news.google.com\/rss\/articles\/CBMilAFBVV95cUxNbmNES2wwa0VvUlFqbGVVUVBEYXhkbV9vYWtTRDZzdGg4QkdsbENQczJOcDY1U2YtQXJxNFJCOW96V0g1Y0RTXzZaZUVpYlkwSURHQlVZWW1UNWV6cEk1ejhtMWZ5UFpQRFVwd195ZmFEdjVPYS1rbXAzbHJwTW9Wci0yay1UXzBmUWF0di0xVGdIUUpx?oc=5\" target=\"_blank\" rel=\"nofollow noopener\">Mat\u00edas Nahuel Leiva nowym pi\u0142karzem Jagiellonii Bia\u0142ystok<\/a>&nbsp;&nbsp;bialystok.tvp.pl<\/li>\n<li><a href=\"https:\/\/news.google.com\/rss\/articles\/CBMiqgFBVV95cUxPdkR1bVlIRjEyT0tQdFlTZkZkUml0T3VvTTVlTlpHNTZ2c3BudVRqOEh0UGs0R1h3d0xkWFBPZUMzV3FGUmVsMUhQeFNjd0ljY0hqVVNrNDUya0ZDOEtiTWVRX2F2SktneUZDeFRnNWI3aXBRR3h4NlFaYzBERHYxeWJTM1hjRVpVS0daSWhrNkdodThzbHpqdTRlTFIxZ01TU1pxcVZoWWo1dw?oc=5\" target=\"_blank\" rel=\"nofollow noopener\">G\u0142o\u015bny powr\u00f3t do Ekstraklasy. Jagiellonia og\u0142osi\u0142a transfer<\/a>&nbsp;&nbsp;Meczyki.pl<\/li>\n<li><a href=\"https:\/\/news.google.com\/rss\/articles\/CBMirwFBVV95cUxNd0w1R3BGVmlqOUtFNFFzSDVWTDladVVRdWM4MU5Jd0xIVW85ZU1kWUhSVkpRelFzZjRJR0hXS1RhOGItcTA1ZmRPVkdoZjU5bmdMVVJhVFd6ZjczOVJEdHhGQzhIV0lmZE1yaWRsal9jMjV0OU85OThlQW5UZERDcXFfX0g0UlhRWTM5dW5RQVRONkQyc2Y5QUxqODhQaFF3djRyS0pYam9iTk1CYmpR?oc=5\" target=\"_blank\" rel=\"nofollow noopener\">Hiszpan w Jagiellonii. Strzela\u0142 ju\u017c gole w Ekstraklasie<\/a>&nbsp;&nbsp;RMF24<\/li>\n<\/ol>\n","protected":false},"excerpt":{"rendered":"Oficjalnie. Kolejny transfer Jagiellonii. To dawna gwiazda ligi&nbsp;&nbsp;SportoweFakty Jagiellonia Bia\u0142ystok z wypo\u017cyczeniem last minute. Wcze\u015bniej gra\u0142 w \u015al\u0105sku&hellip;\n","protected":false},"author":2,"featured_media":229790,"comment_status":"","ping_status":"","sticky":false,"template":"","format":"standard","meta":{"footnotes":""},"categories":[24],"tags":[2151,2615,42086,269,1724,42,38,40,39,41,127,126,4868],"class_list":{"0":"post-229789","1":"post","2":"type-post","3":"status-publish","4":"format-standard","5":"has-post-thumbnail","7":"category-sport","8":"tag-bialystok","9":"tag-jagiellonia-bialystok","10":"tag-nahuel-leiva","11":"tag-pilka-nozna","12":"tag-pko-ekstraklasa","13":"tag-pl","14":"tag-poland","15":"tag-polish","16":"tag-polska","17":"tag-polski","18":"tag-sport","19":"tag-sports","20":"tag-stadion-miejski-w-bialymstoku"},"share_on_mastodon":{"url":"https:\/\/pubeurope.com\/@pl\/115973043262540076","error":""},"_links":{"self":[{"href":"https:\/\/www.europesays.com\/pl\/wp-json\/wp\/v2\/posts\/229789","targetHints":{"allow":["GET"]}}],"collection":[{"href":"https:\/\/www.europesays.com\/pl\/wp-json\/wp\/v2\/posts"}],"about":[{"href":"https:\/\/www.europesays.com\/pl\/wp-json\/wp\/v2\/types\/post"}],"author":[{"embeddable":true,"href":"https:\/\/www.europesays.com\/pl\/wp-json\/wp\/v2\/users\/2"}],"replies":[{"embeddable":true,"href":"https:\/\/www.europesays.com\/pl\/wp-json\/wp\/v2\/comments?post=229789"}],"version-history":[{"count":0,"href":"https:\/\/www.europesays.com\/pl\/wp-json\/wp\/v2\/posts\/229789\/revisions"}],"wp:featuredmedia":[{"embeddable":true,"href":"https:\/\/www.europesays.com\/pl\/wp-json\/wp\/v2\/media\/229790"}],"wp:attachment":[{"href":"https:\/\/www.europesays.com\/pl\/wp-json\/wp\/v2\/media?parent=229789"}],"wp:term":[{"taxonomy":"category","embeddable":true,"href":"https:\/\/www.europesays.com\/pl\/wp-json\/wp\/v2\/categories?post=229789"},{"taxonomy":"post_tag","embeddable":true,"href":"https:\/\/www.europesays.com\/pl\/wp-json\/wp\/v2\/tags?post=229789"}],"curies":[{"name":"wp","href":"https:\/\/api.w.org\/{rel}","templated":true}]}}