{"id":230014,"date":"2026-01-28T16:02:09","date_gmt":"2026-01-28T16:02:09","guid":{"rendered":"https:\/\/www.europesays.com\/pl\/230014\/"},"modified":"2026-01-28T16:02:09","modified_gmt":"2026-01-28T16:02:09","slug":"dziennikarz-tvn24-w-zalobie-w-sieci-opublikowano-nekrolog","status":"publish","type":"post","link":"https:\/\/www.europesays.com\/pl\/230014\/","title":{"rendered":"Dziennikarz TVN24 w \u017ca\u0142obie. W sieci opublikowano nekrolog"},"content":{"rendered":"<p class=\"ods-c-paragraph \"><a href=\"https:\/\/plejada.pl\/temat\/tomasz-sianecki\/ypzc7qn\" id=\"a542f4f8-6088-4fba-a97a-1796c8ac916a\" rel=\"nofollow noopener\" target=\"_blank\">Tomasz Sianecki <\/a>to ceniony polski dziennikarz i prezenter telewizyjny, od lat zwi\u0105zany ze stacj\u0105 TVN. Widzowie kojarz\u0105 go przede wszystkim jako prowadz\u0105cego kultowy program &#8222;<a href=\"https:\/\/plejada.pl\/temat\/szklo-kontaktowe\/l3e2e44\" id=\"33955994-0043-4d71-a3bb-b30a2e2f9cdb\" rel=\"nofollow noopener\" target=\"_blank\">Szk\u0142o kontaktowe<\/a>&#8222;.<\/p>\n<p class=\"ods-c-paragraph \">Karier\u0119 dziennikarsk\u0105 rozpocz\u0105\u0142 jeszcze w latach 80., a szerok\u0105 rozpoznawalno\u015b\u0107 zdoby\u0142 po do\u0142\u0105czeniu do zespo\u0142u TVN. Tam prowadzi\u0142 programy: &#8222;600 sekund \u017cycia&#8221; i &#8222;Automaniak, a w latach 1998\u20132010 przygotowywa\u0142 dla redakcji &#8222;Fakt\u00f3w&#8221; humorystyczne i lekkie w formie felietony oraz reporta\u017ce o tematyce sportowej. W 2005 r. zosta\u0142 jednym z prowadz\u0105cych program &#8222;Szk\u0142o kontaktowe&#8221;.<\/p>\n<p class=\"ods-c-paragraph \">Polecamy: <a href=\"https:\/\/plejada.pl\/newsy\/komentator-szkla-kontaktowego-bez-spodni-w-teatrze-do-gorszacych-scen-doszlo\/sps4dyd\" id=\"fd9c5450-5816-4f37-9381-780bcc9203bc\" rel=\"nofollow noopener\" target=\"_blank\">Komentator &#8222;Szk\u0142a kontaktowego&#8221; bez spodni w teatrze. &#8222;Do gorsz\u0105cych scen dosz\u0142o&#8221;<\/a><\/p>\n<p class=\"ods-c-paragraph \">Sianecki cieszy si\u0119 sympati\u0105 widz\u00f3w dzi\u0119ki dystansowi do siebie, inteligentnemu poczuciu humoru i umiej\u0119tno\u015bci prowadzenia trudnych temat\u00f3w w przyst\u0119pny spos\u00f3b. Cho\u0107 rzadko m\u00f3wi o \u017cyciu prywatnym, znany jest z tego, \u017ce potrafi w naturalny i szczery spos\u00f3b dzieli\u0107 si\u0119 emocjami \u2014 co widzowie zapami\u0119tali m.in. po jego poruszaj\u0105cym po\u017cegnaniu ojca na antenie w 2022 r.<\/p>\n<p class=\"ods-c-paragraph \">&#8222;Dzisiaj po\u017cegna\u0142em jednego z dwojga najwierniejszych widz\u00f3w &#8222;Szk\u0142a kontaktowego&#8221;. Tato, dzi\u0119ki za wszystko&#8221; \u2014 powiedzia\u0142.<\/p>\n<p> Dalszy ci\u0105g artyku\u0142u pod materia\u0142em wideo    <\/p>\n<p> Kto zmar\u0142 w rodzinie Tomasza Sianeckiego? <\/p>\n<p> Kiedy Tomasz Sianecki po\u017cegna\u0142 swojego ojca? <\/p>\n<p> Jakie programy prowadzi\u0142 Tomasz Sianecki? <\/p>\n<p> Jak na wiadomo\u015b\u0107 o \u015bmierci mamy zareagowali koledzy Tomasza Sianeckiego? <\/p>\n<p>  Tomasz Sianecki po\u017cegna\u0142 mam\u0119<\/p>\n<p class=\"ods-c-paragraph \">O \u015bmierci mamy Tomasza Sianeckiego poinformowali jego koledzy z redakcji. Umie\u015bcili nekrolog w &#8222;Gazecie Wyborczej&#8221;.<\/p>\n<blockquote class=\"ods-o-quote\">\n<p class=\"ods-o-quote__paragraph\">Z g\u0142\u0119bokim \u017calem przyj\u0119li\u015bmy wiadomo\u015b\u0107 o \u015bmierci Mamy naszego Kolegi Tomasza Sianeckiego. Tomku, przyjmij wyrazy najszczerszego wsp\u00f3\u0142czucia, wsparcia i solidarno\u015bci. W tym trudnym czasie jeste\u015bmy z Tob\u0105. Rodzinie oraz Bliskim sk\u0142adamy najszczersze kondolencje<\/p>\n<\/blockquote>\n<p class=\"ods-c-paragraph \">\u2014 podpisa\u0142y Redakcje Szk\u0142a Kontaktowego, TVN24, tvn24.pl oraz Fakt\u00f3w TVN.<\/p>\n<p> <img decoding=\"async\" src=\"https:\/\/www.europesays.com\/pl\/wp-content\/uploads\/2026\/01\/syJk9lBaHR0cHM6Ly9vY2RuLmV1L3B1bHNjbXMvTURBXy9mNDgyZmViYjk0ZDlhMWZkYjk0ZWViYjZlMWQ4ZGRkMi5wbmeRlQLNA.jpeg\" height=\"529\" width=\"940\" style=\"min-height:529px;\" alt=\"Nekrolog w &quot;Gazecie Wyborczej&quot;\" loading=\"lazy\" class=\"ods-c-image__img ods-c-image__img--vertical\"\/> <\/p>\n<p>Nekrolog w &#8222;Gazecie Wyborczej&#8221;nekrologi.wyborcza.pl<\/p>\n<p class=\"ods-c-paragraph \">Dzi\u0119kujemy, \u017ce przeczyta\u0142a\u015b\/e\u015b nasz artyku\u0142 do ko\u0144ca. W serwisie Plejada.pl ka\u017cdego dnia piszemy o najwa\u017cniejszych wydarzeniach show-biznesowych. B\u0105d\u017a na bie\u017c\u0105co! <a rel=\"nofollow noopener\" href=\"https:\/\/news.google.com\/publications\/CAAiEF0PeAlb7W1llpV_mwV2rL4qFAgKIhBdD3gJW-1tZZaVf5sFdqy-?hl=pl&amp;gl=PL&amp;ceid=PL%3Apl\" id=\"80be1acd-98bb-474e-91a8-4bd98f1fdf8c\" target=\"_blank\">Obserwuj<\/a> Plejad\u0119 w Wiadomo\u015bciach Google. Odwied\u017a nas tak\u017ce na <a rel=\"nofollow noopener\" href=\"https:\/\/www.facebook.com\/plejadapl\" id=\"23022f87-9e29-40c4-99ab-7d94eb334249\" target=\"_blank\">Facebooku<\/a>, <a rel=\"nofollow noopener\" href=\"https:\/\/www.instagram.com\/plejadapl\/\" id=\"e47becb1-efb1-48f9-8156-20d84964e2be\" target=\"_blank\">Instagramie<\/a>, <a rel=\"nofollow noopener\" href=\"https:\/\/www.youtube.com\/c\/plejada\" id=\"d4d735b2-44c1-4b22-ae4c-5cad0f0f2e39\" target=\"_blank\">YouTubie<\/a> oraz <a rel=\"nofollow noopener\" href=\"https:\/\/www.tiktok.com\/@plejada_pl\" id=\"b41fc1a2-628a-4ce3-bc5c-c405aeae4a40\" target=\"_blank\">TikToku<\/a>.<\/p>\n<p class=\"ods-c-paragraph \">Chcesz podzieli\u0107 si\u0119 ciekawym newsem lub zaproponowa\u0107 temat? Skontaktuj si\u0119 z nami, pisz\u0105c maila na adres: plejada@redakcjaonet.pl.<\/p>\n<p><script async src=\"\/\/www.instagram.com\/embed.js\"><\/script><script async src=\"\/\/www.tiktok.com\/embed.js\"><\/script><\/p>\n","protected":false},"excerpt":{"rendered":"Tomasz Sianecki to ceniony polski dziennikarz i prezenter telewizyjny, od lat zwi\u0105zany ze stacj\u0105 TVN. Widzowie kojarz\u0105 go&hellip;\n","protected":false},"author":2,"featured_media":230015,"comment_status":"","ping_status":"","sticky":false,"template":"","format":"standard","meta":{"footnotes":""},"categories":[22],"tags":[122,42025,48,125,46,42,38,40,39,41,123,47,1282,318],"class_list":{"0":"post-230014","1":"post","2":"type-post","3":"status-publish","4":"format-standard","5":"has-post-thumbnail","7":"category-rozrywka","8":"tag-entertainment","9":"tag-float_tst1","10":"tag-nat_styl","11":"tag-newsy","12":"tag-omp","13":"tag-pl","14":"tag-poland","15":"tag-polish","16":"tag-polska","17":"tag-polski","18":"tag-rozrywka","19":"tag-screening_general","20":"tag-tomasz_sianecki","21":"tag-tvn"},"share_on_mastodon":{"url":"https:\/\/pubeurope.com\/@pl\/115973570077257687","error":""},"_links":{"self":[{"href":"https:\/\/www.europesays.com\/pl\/wp-json\/wp\/v2\/posts\/230014","targetHints":{"allow":["GET"]}}],"collection":[{"href":"https:\/\/www.europesays.com\/pl\/wp-json\/wp\/v2\/posts"}],"about":[{"href":"https:\/\/www.europesays.com\/pl\/wp-json\/wp\/v2\/types\/post"}],"author":[{"embeddable":true,"href":"https:\/\/www.europesays.com\/pl\/wp-json\/wp\/v2\/users\/2"}],"replies":[{"embeddable":true,"href":"https:\/\/www.europesays.com\/pl\/wp-json\/wp\/v2\/comments?post=230014"}],"version-history":[{"count":0,"href":"https:\/\/www.europesays.com\/pl\/wp-json\/wp\/v2\/posts\/230014\/revisions"}],"wp:featuredmedia":[{"embeddable":true,"href":"https:\/\/www.europesays.com\/pl\/wp-json\/wp\/v2\/media\/230015"}],"wp:attachment":[{"href":"https:\/\/www.europesays.com\/pl\/wp-json\/wp\/v2\/media?parent=230014"}],"wp:term":[{"taxonomy":"category","embeddable":true,"href":"https:\/\/www.europesays.com\/pl\/wp-json\/wp\/v2\/categories?post=230014"},{"taxonomy":"post_tag","embeddable":true,"href":"https:\/\/www.europesays.com\/pl\/wp-json\/wp\/v2\/tags?post=230014"}],"curies":[{"name":"wp","href":"https:\/\/api.w.org\/{rel}","templated":true}]}}