{"id":230254,"date":"2026-01-28T18:32:14","date_gmt":"2026-01-28T18:32:14","guid":{"rendered":"https:\/\/www.europesays.com\/pl\/230254\/"},"modified":"2026-01-28T18:32:14","modified_gmt":"2026-01-28T18:32:14","slug":"waza-sie-losy-arktyki-premierka-danii-z-przeslaniem-do-usa","status":"publish","type":"post","link":"https:\/\/www.europesays.com\/pl\/230254\/","title":{"rendered":"Wa\u017c\u0105 si\u0119 losy Arktyki. Premierka Danii z przes\u0142aniem do USA"},"content":{"rendered":"<p class=\"ods-c-paragraph \">Szefowa du\u0144skiego rz\u0105du wypowiada\u0142a si\u0119 na konferencji prasowej w Pary\u017cu. W \u015brod\u0119 po po\u0142udniu Frederiksen i premier Grenlandii Jens-Frederik Nielsen spotkaj\u0105 si\u0119 z prezydentem Francji Emmanuelem Macronem na roboczym lunchu.<\/p>\n<p> Dalszy ci\u0105g artyku\u0142u pod materia\u0142em wideo    <\/p>\n<p> Jakie jest stanowisko premierki Danii w sprawie bezpiecze\u0144stwa Arktyki? <\/p>\n<p> Z kim premierka Danii spotka si\u0119 w Pary\u017cu? <\/p>\n<p> Jakie dzia\u0142ania podejmie Francja na Grenlandii? <\/p>\n<p> Jakie obawy maj\u0105 mieszka\u0144cy Grenlandii? <\/p>\n<p class=\"ods-c-paragraph \">Premierka Danii podkre\u015bli\u0142a, \u017ce Europa i USA powinny si\u0119 wspiera\u0107. Zapewni\u0142a, \u017ce podziela zaniepokojenie Stan\u00f3w Zjednoczonych dotycz\u0105ce bezpiecze\u0144stwa Arktyki. Ostrzeg\u0142a te\u017c, \u017ce Rosja nie chce pozostawa\u0107 w pokojowych relacjach z Europ\u0105.<\/p>\n<p class=\"ods-c-paragraph \">Nielsen podkre\u015bli\u0142 na spotkaniu w presti\u017cowej uczelni Sciences Po, w kt\u00f3rym uczestniczy\u0142 wraz z Frederiksen, \u017ce Grenlandia zgadza si\u0119, i\u017c region wymaga \u015bci\u015blejszej obserwacji i wzmocnienia bezpiecze\u0144stwa ze wzgl\u0119du na dzia\u0142ania Rosji. Zastrzeg\u0142 jednak, \u017ce Grenlandia nie podda si\u0119 presji z zewn\u0105trz. Premier przyzna\u0142, \u017ce mieszka\u0144cy wyspy s\u0105 obecnie zaniepokojeni i przestraszeni.<\/p>\n<p>   Przyw\u00f3dcy Danii i Grenlandii w Pary\u017cu. Tematem bezpiecze\u0144stwo w Arktyce<\/p>\n<p class=\"ods-c-paragraph \">Jak zapowiedzia\u0142 Pa\u0142ac Elizejski, w trakcie spotkania obojga przyw\u00f3dc\u00f3w z prezydentem Francji om\u00f3wione zostan\u0105 wyzwania dla bezpiecze\u0144stwa w rejonie Arktyki oraz mo\u017cliwo\u015bci wsparcia przez Francj\u0119 i ca\u0142\u0105 Uni\u0119 Europejsk\u0105 rozwoju gospodarczego i spo\u0142ecznego Grenlandii. Macron &#8222;potwierdzi przy tej okazji solidarno\u015b\u0107 europejsk\u0105 i wsparcie Francji wobec Danii i Grenlandii, ich suwerenno\u015bci i integralno\u015bci terytorialnej&#8221; \u2014 dodano w komunikacie zapowiadaj\u0105cym rozmowy.<\/p>\n<p class=\"ods-c-paragraph \">Francja popiera Dani\u0119 w jej sporze z USA o Grenlandi\u0119. W ostatnim czasie by\u0142a jednym z o\u015bmiu kraj\u00f3w europejskich, kt\u00f3re wys\u0142a\u0142y grupy \u017co\u0142nierzy na Grenlandi\u0119 w ramach wsp\u00f3lnych \u0107wicze\u0144 zorganizowanych przez Dani\u0119. 6 lutego Francja otworzy sw\u00f3j konsulat w Nuuk; krok ten Macron zapowiedzia\u0142 wiosn\u0105 2025 r. podczas wizyty na Grenlandii.<\/p>\n","protected":false},"excerpt":{"rendered":"Szefowa du\u0144skiego rz\u0105du wypowiada\u0142a si\u0119 na konferencji prasowej w Pary\u017cu. W \u015brod\u0119 po po\u0142udniu Frederiksen i premier Grenlandii&hellip;\n","protected":false},"author":2,"featured_media":230255,"comment_status":"","ping_status":"","sticky":false,"template":"","format":"standard","meta":{"footnotes":"","_share_on_mastodon":"0"},"categories":[14],"tags":[2649,32,33,2787,340,96,9796,27,34,35,7949,28,31,48,25,46,40,41,87,47,80,29,30,26,82,83,84],"class_list":["post-230254","post","type-post","status-publish","format-standard","has-post-thumbnail","category-swiat","tag-arktyka","tag-breaking-news","tag-breakingnews","tag-dania","tag-emmanuel_macron","tag-francja","tag-grenlandia","tag-headlines","tag-latest-news","tag-latestnews","tag-mette_frederiksen","tag-naglowki","tag-najwazniejsze-artykuly","tag-nat_styl","tag-news","tag-omp","tag-polish","tag-polski","tag-rosja","tag-screening_general","tag-swiat","tag-top-stories","tag-topstories","tag-wiadomosci","tag-world","tag-world-news","tag-worldnews"],"share_on_mastodon":{"url":"https:\/\/pubeurope.com\/@pl\/115974159920380326","error":""},"_links":{"self":[{"href":"https:\/\/www.europesays.com\/pl\/wp-json\/wp\/v2\/posts\/230254","targetHints":{"allow":["GET"]}}],"collection":[{"href":"https:\/\/www.europesays.com\/pl\/wp-json\/wp\/v2\/posts"}],"about":[{"href":"https:\/\/www.europesays.com\/pl\/wp-json\/wp\/v2\/types\/post"}],"author":[{"embeddable":true,"href":"https:\/\/www.europesays.com\/pl\/wp-json\/wp\/v2\/users\/2"}],"replies":[{"embeddable":true,"href":"https:\/\/www.europesays.com\/pl\/wp-json\/wp\/v2\/comments?post=230254"}],"version-history":[{"count":0,"href":"https:\/\/www.europesays.com\/pl\/wp-json\/wp\/v2\/posts\/230254\/revisions"}],"wp:featuredmedia":[{"embeddable":true,"href":"https:\/\/www.europesays.com\/pl\/wp-json\/wp\/v2\/media\/230255"}],"wp:attachment":[{"href":"https:\/\/www.europesays.com\/pl\/wp-json\/wp\/v2\/media?parent=230254"}],"wp:term":[{"taxonomy":"category","embeddable":true,"href":"https:\/\/www.europesays.com\/pl\/wp-json\/wp\/v2\/categories?post=230254"},{"taxonomy":"post_tag","embeddable":true,"href":"https:\/\/www.europesays.com\/pl\/wp-json\/wp\/v2\/tags?post=230254"}],"curies":[{"name":"wp","href":"https:\/\/api.w.org\/{rel}","templated":true}]}}