{"id":230312,"date":"2026-01-28T19:04:11","date_gmt":"2026-01-28T19:04:11","guid":{"rendered":"https:\/\/www.europesays.com\/pl\/230312\/"},"modified":"2026-01-28T19:04:11","modified_gmt":"2026-01-28T19:04:11","slug":"film-o-melanii-trump-juz-budzi-emocje-w-tle-ogromne-pieniadze-i-powrot-rezysera-po-skandalu","status":"publish","type":"post","link":"https:\/\/www.europesays.com\/pl\/230312\/","title":{"rendered":"Film o Melanii Trump ju\u017c budzi emocje. W tle ogromne pieni\u0105dze i powr\u00f3t re\u017cysera po skandalu"},"content":{"rendered":"<p class=\"ods-c-paragraph \">Jak informuje &#8222;The Wall Street Journal&#8221;, Melania Trump ma zarobi\u0107 na po\u015bwi\u0119conym jej projekcie a\u017c 28 mln dol. Niekt\u00f3rzy nazywaj\u0105 jednak ca\u0142e przedsi\u0119wzi\u0119cie &#8222;\u0142ap\u00f3wk\u0105 Jeffa Bezosa dla Trump\u00f3w&#8221;. Nie brakuje g\u0142os\u00f3w, \u017ce to kolejny przyk\u0142ad przenikania si\u0119 wielkiego biznesu, polityki i popkultury.<\/p>\n<p class=\"ods-c-paragraph \">Premiera obrazu odbywa si\u0119 w napi\u0119tej atmosferze. W dniu, gdy Ameryka \u017cy\u0142a dramatycznym wydarzeniem \u2014 zastrzeleniem Alexa Prettiego przez agent\u00f3w federalnych w Minneapolis \u2014 Melania Trump zorganizowa\u0142a zamkni\u0119ty, luksusowy pokaz za bramami Bia\u0142ego Domu. W\u015br\u00f3d zaproszonych go\u015bci znalaz\u0142a si\u0119 m.in. kr\u00f3lowa Rania z Jordanii.<\/p>\n<p>    Dalszy ci\u0105g artyku\u0142u pod materia\u0142em wideo    <\/p>\n<p> Jakie jest \u017ar\u00f3d\u0142o informacji o filmie o Melanii Trump? <\/p>\n<p> Ile Melania Trump ma zarobi\u0107 na swoim filmie? <\/p>\n<p> Kto jest re\u017cyserem produkcji o Melanii Trump? <\/p>\n<p> Jakie komentarze pojawi\u0142y si\u0119 w internecie na temat filmu? <\/p>\n<p class=\"ods-c-paragraph \">Za kamer\u0105 stan\u0105\u0142 Brett Ratner, kt\u00f3ry od kilku lat pr\u00f3buje wr\u00f3ci\u0107 do bran\u017cy po tym, jak jego kariera leg\u0142a w gruzach w 2017 r. w zwi\u0105zku z oskar\u017ceniami o molestowanie seksualne. Ratner konsekwentnie zaprzecza\u0142 i nie postawiono mu \u017cadnych zarzut\u00f3w, o czym przypomina magazyn &#8222;People&#8221;. Aczkolwiek jego nazwisko pojawi\u0142o si\u0119 w dokumentach zwi\u0105zanych ze spraw\u0105 Jeffreya Epsteina.<\/p>\n<p>Internet nie wybacza   <\/p>\n<p class=\"ods-c-paragraph \">Jeszcze przed wej\u015bciem dokumentu do kin sta\u0142 si\u0119 on obiektem internetowych \u017cart\u00f3w i krytyki. U\u017cytkownicy popularnego serwisu Letterboxd zorganizowali si\u0119, by masowo zani\u017ca\u0107 ocen\u0119 produkcji, a ich komentarze \u2014 cz\u0119sto bardzo dosadne \u2014 sta\u0142y si\u0119 viralem.<\/p>\n<p class=\"ods-c-paragraph \">Oto niekt\u00f3re z \u0142agodniejszych opinii:<\/p>\n<p class=\"ods-c-paragraph \">&#8222;Naprawd\u0119 mnie to nie obchodzi, a was? [nawi\u0105zanie do has\u0142a z p\u0142aszcza pierwszej damy, w kt\u00f3rym przyby\u0142a do o\u015brodka dla dzieci nielegalnych imigrant\u00f3w \u2014 red.]. Daj\u0119 p\u00f3\u0142 gwiazdki&#8221;<\/p>\n<p class=\"ods-c-paragraph \">&#8222;Zlikwidowa\u0107 ICE. Ujawni\u0107 dokumenty Epsteina&#8221;<\/p>\n<p class=\"ods-c-paragraph \">&#8222;Ch\u0119tnie zobaczy\u0142bym odtworzenie tego filmu scena po scenie z udzia\u0142em Laury Benanti [aktorka parodiuj\u0105ca S\u0142owenk\u0119 w programie Stephena Colberta \u2014 red.]&#8221;<\/p>\n<p class=\"ods-c-paragraph \">&#8222;\u015amier\u0107 kina. \u015amier\u0107 ameryka\u0144skiej demokracji&#8221;<\/p>\n<p class=\"ods-c-paragraph \">&#8222;Nikt nie prosi\u0142 o ten totalny \u015bmie\u0107&#8221;<\/p>\n<p class=\"ods-c-paragraph \">&#8222;S\u0142ysza\u0142em, \u017ce wszystkie jej kwestie pochodz\u0105 z dokumentu o Michelle Obamie&#8221;.<\/p>\n<p class=\"ods-c-paragraph \">Pojawi\u0142y si\u0119 jednak tak\u017ce g\u0142osy pe\u0142ne zachwytu. Jeden z u\u017cytkownik\u00f3w napisa\u0142:<\/p>\n<p class=\"ods-c-paragraph \">&#8222;Zdumiewaj\u0105cy biograficzny dokument, w kt\u00f3rym ca\u0142e \u017cycie, ze wszystkimi zawi\u0142o\u015bciami i sprzeczno\u015bciami, jest ukazane poprzez seri\u0119 nielinearnych, subiektywnych fragment\u00f3w \u2014 pokazuj\u0105cych, jak buduje si\u0119 i jednocze\u015bnie dekonstruuje enigmatyczny mit ameryka\u0144skiego imperium. (\u2026) To triumf w ka\u017cdym tego s\u0142owa znaczeniu. Zabrak\u0142o mi s\u0142\u00f3w, b\u0119dziecie si\u0119 \u015bmia\u0107, p\u0142aka\u0107, w\u015bcieka\u0107. Emocji nie zabraknie. To a\u017c niewiarygodne, \u017ce musieli\u015bmy tak d\u0142ugo czeka\u0107 na ten projekt&#8221;.<\/p>\n","protected":false},"excerpt":{"rendered":"Jak informuje &#8222;The Wall Street Journal&#8221;, Melania Trump ma zarobi\u0107 na po\u015bwi\u0119conym jej projekcie a\u017c 28 mln dol.&hellip;\n","protected":false},"author":2,"featured_media":230313,"comment_status":"","ping_status":"","sticky":false,"template":"","format":"standard","meta":{"footnotes":""},"categories":[22],"tags":[41753,1942,122,816,687,48,46,42,38,40,39,41,123,47,40590],"class_list":{"0":"post-230312","1":"post","2":"type-post","3":"status-publish","4":"format-standard","5":"has-post-thumbnail","7":"category-rozrywka","8":"tag-brett_ratner","9":"tag-celebryci","10":"tag-entertainment","11":"tag-film","12":"tag-melania_trump","13":"tag-nat_styl","14":"tag-omp","15":"tag-pl","16":"tag-poland","17":"tag-polish","18":"tag-polska","19":"tag-polski","20":"tag-rozrywka","21":"tag-screening_general","22":"tag-taboola_tst1"},"share_on_mastodon":{"url":"https:\/\/pubeurope.com\/@pl\/115974285921146783","error":""},"_links":{"self":[{"href":"https:\/\/www.europesays.com\/pl\/wp-json\/wp\/v2\/posts\/230312","targetHints":{"allow":["GET"]}}],"collection":[{"href":"https:\/\/www.europesays.com\/pl\/wp-json\/wp\/v2\/posts"}],"about":[{"href":"https:\/\/www.europesays.com\/pl\/wp-json\/wp\/v2\/types\/post"}],"author":[{"embeddable":true,"href":"https:\/\/www.europesays.com\/pl\/wp-json\/wp\/v2\/users\/2"}],"replies":[{"embeddable":true,"href":"https:\/\/www.europesays.com\/pl\/wp-json\/wp\/v2\/comments?post=230312"}],"version-history":[{"count":0,"href":"https:\/\/www.europesays.com\/pl\/wp-json\/wp\/v2\/posts\/230312\/revisions"}],"wp:featuredmedia":[{"embeddable":true,"href":"https:\/\/www.europesays.com\/pl\/wp-json\/wp\/v2\/media\/230313"}],"wp:attachment":[{"href":"https:\/\/www.europesays.com\/pl\/wp-json\/wp\/v2\/media?parent=230312"}],"wp:term":[{"taxonomy":"category","embeddable":true,"href":"https:\/\/www.europesays.com\/pl\/wp-json\/wp\/v2\/categories?post=230312"},{"taxonomy":"post_tag","embeddable":true,"href":"https:\/\/www.europesays.com\/pl\/wp-json\/wp\/v2\/tags?post=230312"}],"curies":[{"name":"wp","href":"https:\/\/api.w.org\/{rel}","templated":true}]}}