{"id":230420,"date":"2026-01-28T20:14:08","date_gmt":"2026-01-28T20:14:08","guid":{"rendered":"https:\/\/www.europesays.com\/pl\/230420\/"},"modified":"2026-01-28T20:14:08","modified_gmt":"2026-01-28T20:14:08","slug":"sylwia-peretti-upamietnila-zmarlego-syna-to-co-zrobila-rozdziera-serce","status":"publish","type":"post","link":"https:\/\/www.europesays.com\/pl\/230420\/","title":{"rendered":"Sylwia Peretti upami\u0119tni\u0142a zmar\u0142ego syna. To, co zrobi\u0142a, rozdziera serce"},"content":{"rendered":"<p class=\"ods-c-paragraph \"><a href=\"https:\/\/plejada.pl\/temat\/sylwia-peretti\/8lbspcn\" id=\"61d23dcf-59bf-4c60-a7a2-69525cdeb19e\" rel=\"nofollow noopener\" target=\"_blank\">Sylwia Peretti<\/a> zyska\u0142a rozpoznawalno\u015b\u0107 po tym, jak pojawi\u0142a si\u0119 w programie &#8222;Kr\u00f3lowe \u017cycia&#8221;, emitowanym na antenie TTV. Cho\u0107 emisja reality show, w kt\u00f3rym bogate kobiety pokazuj\u0105 swoj\u0105 ociekaj\u0105c\u0105 luksusem codzienno\u015b\u0107, zosta\u0142a zako\u0144czona ju\u017c jaki\u015b czas temu, bohaterki programu nadal ciesz\u0105 si\u0119 du\u017cym zainteresowaniem i popularno\u015bci\u0105. Jedn\u0105 z najbardziej lubianych &#8222;kr\u00f3lowych&#8221; bez w\u0105tpienia by\u0142a Sylwia Peretti, kt\u00f3ra po zako\u0144czeniu przygody z show zacz\u0119\u0142a dzia\u0142alno\u015b\u0107 influencersk\u0105.<\/p>\n<p> Dalszy ci\u0105g artyku\u0142u pod materia\u0142em wideo    <\/p>\n<p> Jak zgin\u0105\u0142 syn Sylwii Peretti? <\/p>\n<p> Co przedstawia nowy tatua\u017c Sylwii Peretti? <\/p>\n<p> Kiedy odby\u0142 si\u0119 tragiczny wypadek? <\/p>\n<p> W jakim programie Sylwia Peretti zdoby\u0142a popularno\u015b\u0107? <\/p>\n<p>  Sylwia Peretti upami\u0119tni\u0142a zmar\u0142ego syna. To, co zrobi\u0142a, rozdziera serce<\/p>\n<p class=\"ods-c-paragraph \">W nocy z 14 na 15 lipca 2023 r. ca\u0142e \u017cycie Sylwii Peretti leg\u0142o w gruzach \u2014 to w\u0142a\u015bnie wtedy na mo\u015bcie D\u0119bnickim w Krakowie dosz\u0142o do wypadku, w wyniku kt\u00f3rego \u015bmier\u0107 ponios\u0142y cztery osoby, w tym jedyny syn &#8222;kr\u00f3lowej \u017cycia&#8221;.<\/p>\n<p class=\"ods-c-paragraph \">Samoch\u00f3d, kt\u00f3rym kierowa\u0142 Patryk Peretti wypad\u0142 z drogi, uderzy\u0142 w sygnalizator, a nast\u0119pnie dachowa\u0142, zatrzymuj\u0105c si\u0119 na murze bulwaru Czerwie\u0144skiego. W momencie wypadku 24-latek porusza\u0142 si\u0119 z pr\u0119dko\u015bci\u0105 120 km na godz., a w jego krwi by\u0142o 2,3 promila alkoholu.<\/p>\n<p> <img decoding=\"async\" src=\"https:\/\/cdn.plejada.pl\/1\/4G6k9lBaHR0cHM6Ly9vY2RuLmV1L3B1bHNjbXMvTURBXy8yMTczOGY4ODM3ZTY0YjFiOTUwYzgwOWZmNmZhYWNjYi5wbmeSlQPNAebNAR7NAWzNAkiVAs0HWADCw94AAqEwB6ExBA\" height=\"529\" width=\"940\" style=\"min-height:529px;\" alt=\"Sylwia Peretti i Patryk Peretti\" loading=\"lazy\" class=\"ods-c-image__img ods-c-image__img--viewport-width\"\/> <\/p>\n<p>Sylwia Peretti i Patryk Perettihttps:\/\/www.instagram.com\/sylwia_peretti\/?hl=pl<\/p>\n<p class=\"ods-c-paragraph \">Po \u015bmierci jedynego dziecka Sylwia Peretti pogr\u0105\u017cy\u0142a si\u0119 w \u017ca\u0142obie \u2014 ca\u0142kowicie wycofa\u0142a si\u0119 z show-biznesu i przesta\u0142a pojawia\u0107 si\u0119 na imprezach bran\u017cowych. R\u00f3wnie\u017c aktywne dotychczas konto instagramowe celebrytki wype\u0142ni\u0142y publikowane raz na jaki\u015b czas czarno-bia\u0142e posty, w kt\u00f3rych najcz\u0119\u015bciej op\u0142akuje zmar\u0142ego syna.<\/p>\n<p class=\"ods-c-paragraph \">Na Instastory Peretti pojawi\u0142o si\u0119 ostatnio zdj\u0119cie, na kt\u00f3rym pokaza\u0142a sw\u00f3j nowy tatua\u017c. Celebrytka ma wytatuowan\u0105 du\u017c\u0105 cz\u0119\u015b\u0107 cia\u0142a, dlatego nikogo nie dziwi kolejny rysunek na jej sk\u00f3rze. Znaczenie tego nowego jest jednak wyj\u0105tkowe \u2014 na palcu &#8222;kr\u00f3lowej \u017cycia&#8221; widnieje teraz data i godzina urodzin Patryka: &#8222;12.05.99 7:25&#8221;.<\/p>\n<p> <img decoding=\"async\" src=\"https:\/\/cdn.plejada.pl\/1\/PsOk9lBaHR0cHM6Ly9vY2RuLmV1L3B1bHNjbXMvTURBXy9kNDg5ZjM3YTYwMmQ0MmE0ZTRiZWZiMTlkMzI3YWNlYi5wbmeSlQPNAuDMzM0BqM0CxpUCzQdYAMLD3gACoTAHoTEE\" height=\"529\" width=\"940\" style=\"min-height:529px;\" alt=\"Sylwia Peretti na Instastory\" loading=\"lazy\" class=\"ods-c-image__img ods-c-image__img--viewport-width\"\/> <\/p>\n<p>Sylwia Peretti na Instastoryhttps:\/\/www.instagram.com\/sylwia_peretti\/?hl=pl<\/p>\n<p>  <img decoding=\"async\" src=\"https:\/\/cdn.plejada.pl\/1\/om9k9lBaHR0cHM6Ly9vY2RuLmV1L3B1bHNjbXMvTURBXy8wZjIwMThkNGExZjdkYTA3MWIxY2Y3OGMzMWMyMmE2Ni5wbmeSlQPNAczM2M0Bos0CypUCzQdYAMLD3gACoTAHoTEE\" height=\"529\" width=\"940\" style=\"min-height:529px;\" alt=\"Sylwia Peretti na Instagramie\" loading=\"lazy\" class=\"ods-c-image__img ods-c-image__img--viewport-width\"\/> <\/p>\n<p>Sylwia Peretti na Instagramiehttps:\/\/www.instagram.com\/sylwia_peretti\/?hl=pl<\/p>\n<p>  <img decoding=\"async\" src=\"https:\/\/cdn.plejada.pl\/1\/4PWk9lBaHR0cHM6Ly9vY2RuLmV1L3B1bHNjbXMvTURBXy9iNTAzZjUzMmQyMThmZmVjZGRiYmIyMmMzOGRiN2VjYy5wbmeSlQPNAXDM2M0CMM0C2JUCzQdYAMLD3gACoTAHoTEE\" height=\"529\" width=\"940\" style=\"min-height:529px;\" alt=\"Sylwia Peretti na Instagramie\" loading=\"lazy\" class=\"ods-c-image__img ods-c-image__img--viewport-width\"\/> <\/p>\n<p>Sylwia Peretti na Instagramiehttps:\/\/www.instagram.com\/sylwia_peretti\/?hl=pl<\/p>\n<p class=\"ods-c-paragraph \">Dzi\u0119kujemy, \u017ce przeczyta\u0142a\u015b\/e\u015b nasz artyku\u0142 do ko\u0144ca. W serwisie Plejada.pl ka\u017cdego dnia piszemy o najwa\u017cniejszych wydarzeniach show-biznesowych. B\u0105d\u017a na bie\u017c\u0105co! <a rel=\"nofollow noopener\" href=\"https:\/\/profile.google.com\/cp\/Cg0vZy8xMWJ6X19wdHBx\" id=\"38b68aef-ea96-47b4-ae2e-b2e997addc84\" target=\"_blank\">Obserwuj<\/a> Plejad\u0119 w Google. Odwied\u017a nas tak\u017ce na <a rel=\"nofollow noopener\" href=\"https:\/\/www.facebook.com\/plejadapl\" id=\"6d61934e-d0c2-4e94-a2e7-ce4e94066594\" target=\"_blank\">Facebooku<\/a>, <a rel=\"nofollow noopener\" href=\"https:\/\/www.instagram.com\/plejadapl\/\" id=\"4bb78719-5d70-4ec8-be58-616a28154ff2\" target=\"_blank\">Instagramie<\/a>, <a rel=\"nofollow noopener\" href=\"https:\/\/www.youtube.com\/c\/plejada\" id=\"5fc5e453-d1e0-4e38-8f44-401b6eee8a03\" target=\"_blank\">YouTubie<\/a> oraz <a rel=\"nofollow noopener\" href=\"https:\/\/www.tiktok.com\/@plejada_pl\" id=\"7cfcc14e-f965-4d22-8946-4c016074c660\" target=\"_blank\">TikToku<\/a>.<\/p>\n<p class=\"ods-c-paragraph \">Chcesz podzieli\u0107 si\u0119 ciekawym newsem lub zaproponowa\u0107 temat? Skontaktuj si\u0119 z nami, pisz\u0105c maila na adres: <a rel=\"nofollow noopener\" href=\"https:\/\/plejada.pl\/newsy\/sylwia-peretti-upamietnila-zmarlego-syna-to-co-zrobila-rozdziera-serce\/mailto:plejada@redakcjaonet.pl\" id=\"af811256-feb2-4640-9b93-c78cccd87163\" target=\"_blank\">plejada@redakcjaon<\/a><a href=\"https:\/\/et.pl\" id=\"f2fd9359-9691-473c-bf24-2e56a2d2e5a2\" rel=\"nofollow noopener\" target=\"_blank\">et.pl<\/a>.<\/p>\n<p><script async src=\"\/\/www.instagram.com\/embed.js\"><\/script><script async src=\"\/\/www.tiktok.com\/embed.js\"><\/script><\/p>\n","protected":false},"excerpt":{"rendered":"Sylwia Peretti zyska\u0142a rozpoznawalno\u015b\u0107 po tym, jak pojawi\u0142a si\u0119 w programie &#8222;Kr\u00f3lowe \u017cycia&#8221;, emitowanym na antenie TTV. Cho\u0107&hellip;\n","protected":false},"author":2,"featured_media":230421,"comment_status":"","ping_status":"","sticky":false,"template":"","format":"standard","meta":{"footnotes":""},"categories":[22],"tags":[2501,122,42093,1354,48,125,46,19467,42,38,40,39,41,123,47,511,2657,8297,2588],"class_list":{"0":"post-230420","1":"post","2":"type-post","3":"status-publish","4":"format-standard","5":"has-post-thumbnail","7":"category-rozrywka","8":"tag-dzieci_gwiazd","9":"tag-entertainment","10":"tag-float_tst0","11":"tag-krolowe_zycia","12":"tag-nat_styl","13":"tag-newsy","14":"tag-omp","15":"tag-patryk_peretti","16":"tag-pl","17":"tag-poland","18":"tag-polish","19":"tag-polska","20":"tag-polski","21":"tag-rozrywka","22":"tag-screening_general","23":"tag-smierc","24":"tag-sylwia_peretti","25":"tag-ttv","26":"tag-wypadek"},"share_on_mastodon":{"url":"https:\/\/pubeurope.com\/@pl\/115974561072415601","error":""},"_links":{"self":[{"href":"https:\/\/www.europesays.com\/pl\/wp-json\/wp\/v2\/posts\/230420","targetHints":{"allow":["GET"]}}],"collection":[{"href":"https:\/\/www.europesays.com\/pl\/wp-json\/wp\/v2\/posts"}],"about":[{"href":"https:\/\/www.europesays.com\/pl\/wp-json\/wp\/v2\/types\/post"}],"author":[{"embeddable":true,"href":"https:\/\/www.europesays.com\/pl\/wp-json\/wp\/v2\/users\/2"}],"replies":[{"embeddable":true,"href":"https:\/\/www.europesays.com\/pl\/wp-json\/wp\/v2\/comments?post=230420"}],"version-history":[{"count":0,"href":"https:\/\/www.europesays.com\/pl\/wp-json\/wp\/v2\/posts\/230420\/revisions"}],"wp:featuredmedia":[{"embeddable":true,"href":"https:\/\/www.europesays.com\/pl\/wp-json\/wp\/v2\/media\/230421"}],"wp:attachment":[{"href":"https:\/\/www.europesays.com\/pl\/wp-json\/wp\/v2\/media?parent=230420"}],"wp:term":[{"taxonomy":"category","embeddable":true,"href":"https:\/\/www.europesays.com\/pl\/wp-json\/wp\/v2\/categories?post=230420"},{"taxonomy":"post_tag","embeddable":true,"href":"https:\/\/www.europesays.com\/pl\/wp-json\/wp\/v2\/tags?post=230420"}],"curies":[{"name":"wp","href":"https:\/\/api.w.org\/{rel}","templated":true}]}}