{"id":230493,"date":"2026-01-28T21:22:09","date_gmt":"2026-01-28T21:22:09","guid":{"rendered":"https:\/\/www.europesays.com\/pl\/230493\/"},"modified":"2026-01-28T21:22:09","modified_gmt":"2026-01-28T21:22:09","slug":"niepokojace-slowa-sekretarza-stanu-usa-nato-musi-byc-przemyslane-na-nowo-2","status":"publish","type":"post","link":"https:\/\/www.europesays.com\/pl\/230493\/","title":{"rendered":"Niepokoj\u0105ce s\u0142owa sekretarza stanu USA. &#8222;NATO musi by\u0107 przemy\u015blane na nowo&#8221;"},"content":{"rendered":"<p class=\"ods-c-paragraph \"><a href=\"https:\/\/wiadomosci.onet.pl\/swiat\/81-rocznica-wyzwolenia-auschwitz-sekretarz-stanu-usa-zabral-glos\/3mlmbts\" id=\"9efe9cc3-b2a8-4044-967c-6e3e5fb52bbe\" rel=\"nofollow noopener\" target=\"_blank\">Marco Rubio<\/a> odni\u00f3s\u0142 si\u0119 do rozm\u00f3w dotycz\u0105cych Grenlandii podczas wys\u0142uchania przed senack\u0105 Komisj\u0105 Spraw Zagranicznych na temat Wenezueli. Sekretarz stanu zapewni\u0142, \u017ce w sprawie wyspy zostanie wypracowane dobre porozumienie i sprawy stoj\u0105 &#8222;w dobrym miejscu&#8221;.<\/p>\n<p class=\"ods-c-paragraph \">\u2014 W rzeczy samej, nawet teraz, gdy do was m\u00f3wi\u0119, odb\u0119d\u0105 si\u0119 pewne spotkania techniczne mi\u0119dzy nami, a naszymi partnerami z Grenlandii i Danii w tej sprawie. My\u015bl\u0119, \u017ce mamy proces, kt\u00f3ry doprowadzi nas do korzystnego dla wszystkich rezultatu. Zainteresowanie prezydenta Grenlandi\u0105 jest oczywiste \u2014 powiedzia\u0142 Rubio.<\/p>\n<p>    Dalszy ci\u0105g artyku\u0142u pod materia\u0142em wideo    <\/p>\n<p> Jakie rozmowy prowadz\u0105 Stany Zjednoczone w sprawie Grenlandii? <\/p>\n<p> Kto jest sekretarzem stanu USA? <\/p>\n<p> Dlaczego Rubio m\u00f3wi o przemy\u015bleniu NATO? <\/p>\n<p> Jakie s\u0105 cele rozm\u00f3w dotycz\u0105cych Grenlandii? <\/p>\n<p class=\"ods-c-paragraph \">\u2014 Rozpoczniemy ten proces w bardzo profesjonalny i bezpo\u015bredni spos\u00f3b. Rozpocznie si\u0119 on dzisiaj i b\u0119dzie to regularny proces. Postaramy si\u0119 zrobi\u0107 to w spos\u00f3b, kt\u00f3ry nie b\u0119dzie przypomina\u0142 medialnego cyrku za ka\u017cdym razem, gdy odbywaj\u0105 si\u0119 takie rozmowy, poniewa\u017c uwa\u017camy, \u017ce daje to obu stronom wi\u0119ksz\u0105 elastyczno\u015b\u0107 w d\u0105\u017ceniu do pozytywnego rezultatu \u2014 doda\u0142.<\/p>\n<p class=\"ods-c-paragraph \">Szef dyplomacji nie zdradzi\u0142 szczeg\u00f3\u0142\u00f3w na temat tego, czego dotyczy\u0107 maj\u0105 rozmowy i jaki cel maj\u0105 Stany Zjednoczone, jednak przypomnia\u0142, \u017ce prezydent Donald Trump wykluczy\u0142 u\u017cycie si\u0142y, by pozyska\u0107 Grenlandi\u0119. Z wypowiedzi Trumpa oraz doniesie\u0144 m.in. agencji Bloomberga i dziennika &#8222;New York Times&#8221; wynika, \u017ce og\u0142oszone przez niego &#8222;ramy przysz\u0142ego porozumienia&#8221; obejmuj\u0105 zwi\u0119kszenie zaanga\u017cowania NATO w bezpiecze\u0144stwo Arktyki, dost\u0119p do z\u0142\u00f3\u017c minera\u0142\u00f3w i by\u0107 mo\u017ce pozyskanie przez USA grunt\u00f3w, na kt\u00f3rych powstan\u0105 bazy wojskowe.<\/p>\n<p>   Niepokoj\u0105ce s\u0142owa sekretarza stanu USA o NATO<\/p>\n<p class=\"ods-c-paragraph \">Podczas wys\u0142uchania Rubio broni\u0142 si\u0119 te\u017c przed krytyk\u0105 Demokrat\u00f3w, kt\u00f3rzy pot\u0119piali retoryk\u0119 i dzia\u0142ania administracji Trumpa wobec sojusznik\u00f3w z NATO. Wiceszefowa komisji Jeanne Shaheen zarzuci\u0142a, \u017ce administracja &#8222;pcha sojusznik\u00f3w w obj\u0119cia Chin&#8221;, bo nie uwa\u017caj\u0105 oni USA za wiarygodnego partnera oraz \u017ce stanowi to w rzeczywisto\u015bci &#8222;jednostronne rozbrojenie si\u0119&#8221; w rywalizacji z ChRL.<\/p>\n<p class=\"ods-c-paragraph \"><a href=\"https:\/\/wiadomosci.onet.pl\/swiat\/mark-rutte-nie-ma-zludzen-bez-usa-obrona-europy-kosztowalaby-fortune\/7p3vnhr\" id=\"2d4041c4-bd40-4c63-97cf-69e26ad3f8e4\" rel=\"nofollow noopener\" target=\"_blank\">Rubio stwierdzi\u0142, \u017ce NATO musi zosta\u0107 &#8222;przemy\u015blane na nowo&#8221;<\/a> ze wzgl\u0119du na nier\u00f3wnowag\u0119 w sile USA i innych sojusznik\u00f3w. Odnosz\u0105c si\u0119 do gwarancji bezpiecze\u0144stwa, kt\u00f3re maj\u0105 zosta\u0107 udzielone Ukrainie, zaznaczy\u0142, \u017ce cho\u0107 ma w ich ramach wej\u015b\u0107 &#8222;garstka \u017co\u0142nierzy z Wielkiej Brytanii i Francji&#8221;, to w rzeczywisto\u015bci b\u0119d\u0105 si\u0119 one opiera\u0107 na ameryka\u0144skiej gwarancji przyj\u015bcia tym si\u0142om z pomoc\u0105.<\/p>\n<p class=\"ods-c-paragraph \">\u2014 Powodem tego jest to, \u017ce europejscy partnerzy nie inwestowali wystarczaj\u0105co w swoj\u0105 obron\u0119 \u2014 zaznaczy\u0142.<\/p>\n<p class=\"ods-c-paragraph \">Sugerowa\u0142, \u017ce USA nie maj\u0105 wystarczaj\u0105co \u015brodk\u00f3w, by w r\u00f3wnym stopniu po\u015bwi\u0119ca\u0107 uwag\u0119 Europie i Indo-Pacyfikowi.<\/p>\n<p class=\"ods-c-paragraph \">\u2014 Nie mo\u017cemy mie\u0107 tych samych \u017co\u0142nierzy i okr\u0119t\u00f3w w Europie i na Pacyfiku. Musimy dokona\u0107 wyboru. Niezale\u017cnie od tego, ile okr\u0119t\u00f3w zbudujemy, niezale\u017cnie od tego, jak bardzo rozwiniemy nasze zdolno\u015bci, b\u0119dziemy musieli dokona\u0107 tych korekt. Im silniejsi b\u0119d\u0105 nasi partnerzy w NATO, tym wi\u0119ksz\u0105 elastyczno\u015b\u0107 b\u0119d\u0105 mia\u0142y Stany Zjednoczone, aby zabezpieczy\u0107 nasze interesy w r\u00f3\u017cnych cz\u0119\u015bciach \u015bwiata \u2014 powiedzia\u0142.<\/p>\n","protected":false},"excerpt":{"rendered":"Marco Rubio odni\u00f3s\u0142 si\u0119 do rozm\u00f3w dotycz\u0105cych Grenlandii podczas wys\u0142uchania przed senack\u0105 Komisj\u0105 Spraw Zagranicznych na temat Wenezueli.&hellip;\n","protected":false},"author":2,"featured_media":230494,"comment_status":"","ping_status":"","sticky":false,"template":"","format":"standard","meta":{"footnotes":""},"categories":[5],"tags":[32,33,2787,36,37,9796,27,34,35,5190,28,31,48,160,25,46,42,38,40,39,41,47,80,29,30,71,26],"class_list":{"0":"post-230493","1":"post","2":"type-post","3":"status-publish","4":"format-standard","5":"has-post-thumbnail","7":"category-naglowki","8":"tag-breaking-news","9":"tag-breakingnews","10":"tag-dania","11":"tag-featured-news","12":"tag-featurednews","13":"tag-grenlandia","14":"tag-headlines","15":"tag-latest-news","16":"tag-latestnews","17":"tag-marco_rubio","18":"tag-naglowki","19":"tag-najwazniejsze-artykuly","20":"tag-nat_styl","21":"tag-nato","22":"tag-news","23":"tag-omp","24":"tag-pl","25":"tag-poland","26":"tag-polish","27":"tag-polska","28":"tag-polski","29":"tag-screening_general","30":"tag-swiat","31":"tag-top-stories","32":"tag-topstories","33":"tag-usa","34":"tag-wiadomosci"},"share_on_mastodon":{"url":"https:\/\/pubeurope.com\/@pl\/115974828446175499","error":""},"_links":{"self":[{"href":"https:\/\/www.europesays.com\/pl\/wp-json\/wp\/v2\/posts\/230493","targetHints":{"allow":["GET"]}}],"collection":[{"href":"https:\/\/www.europesays.com\/pl\/wp-json\/wp\/v2\/posts"}],"about":[{"href":"https:\/\/www.europesays.com\/pl\/wp-json\/wp\/v2\/types\/post"}],"author":[{"embeddable":true,"href":"https:\/\/www.europesays.com\/pl\/wp-json\/wp\/v2\/users\/2"}],"replies":[{"embeddable":true,"href":"https:\/\/www.europesays.com\/pl\/wp-json\/wp\/v2\/comments?post=230493"}],"version-history":[{"count":0,"href":"https:\/\/www.europesays.com\/pl\/wp-json\/wp\/v2\/posts\/230493\/revisions"}],"wp:featuredmedia":[{"embeddable":true,"href":"https:\/\/www.europesays.com\/pl\/wp-json\/wp\/v2\/media\/230494"}],"wp:attachment":[{"href":"https:\/\/www.europesays.com\/pl\/wp-json\/wp\/v2\/media?parent=230493"}],"wp:term":[{"taxonomy":"category","embeddable":true,"href":"https:\/\/www.europesays.com\/pl\/wp-json\/wp\/v2\/categories?post=230493"},{"taxonomy":"post_tag","embeddable":true,"href":"https:\/\/www.europesays.com\/pl\/wp-json\/wp\/v2\/tags?post=230493"}],"curies":[{"name":"wp","href":"https:\/\/api.w.org\/{rel}","templated":true}]}}