{"id":230519,"date":"2026-01-28T21:36:09","date_gmt":"2026-01-28T21:36:09","guid":{"rendered":"https:\/\/www.europesays.com\/pl\/230519\/"},"modified":"2026-01-28T21:36:09","modified_gmt":"2026-01-28T21:36:09","slug":"agent-ice-probowal-wtargnac-do-konsulatu-stanowcza-reakcja-ekwadoru-2","status":"publish","type":"post","link":"https:\/\/www.europesays.com\/pl\/230519\/","title":{"rendered":"Agent ICE pr\u00f3bowa\u0142 wtargn\u0105\u0107 do konsulatu. Stanowcza reakcja Ekwadoru"},"content":{"rendered":"<ul class=\"UnorderedList_container__nmfSl\">\n<li class=\"UnorderedList_listElement__Py7xi\" data-id=\"ai-summary-link\">Du\u017co czytania, a ma\u0142o czasu? Sprawd\u017a\u00a0skr\u00f3t\u00a0artyku\u0142u<\/li>\n<\/ul>\n<p class=\"Paragraph_desktopParagraph__U31Gm\">Ekwadorskie MSZ wys\u0142a\u0142o not\u0119 protestacyjn\u0105 do ambasady USA w Quito, w kt\u00f3rej za\u017c\u0105da\u0142o, aby tego typu incydenty si\u0119 nie powtarza\u0142y. W nocie opisano zdarzenie jako &#8222;pr\u00f3b\u0119 wdarcia si\u0119 przez agent\u00f3w ICE do konsulatu Ekwadoru w Minneapolis&#8221;. Podkre\u015blono, \u017ce dzia\u0142ania pracownik\u00f3w konsulatu, maj\u0105ce na celu uniemo\u017cliwienie tego, zapewni\u0142y ochron\u0119 obywatelom Ekwadoru, kt\u00f3rzy w tym czasie przebywali w budynku.<\/p>\n<p class=\"VideoPlayerText_videoPlayerText__iDwyz\">Dalszy ci\u0105g materia\u0142u pod wideo<\/p>\n<ul class=\"OchatFollowUps_wrapper__1ry7X\">\n<li class=\"OchatFollowUps_item__Dhyly OchatFollowUps_itemDesktop__R6aBv\">Jaki incydent mia\u0142 miejsce w Minneapolis?<\/li>\n<li class=\"OchatFollowUps_item__Dhyly OchatFollowUps_itemDesktop__R6aBv\">Jak zareagowa\u0142o Ekwadorskie MSZ?<\/li>\n<li class=\"OchatFollowUps_item__Dhyly OchatFollowUps_itemDesktop__R6aBv\">Kto bra\u0142 udzia\u0142 w incydencie?<\/li>\n<li class=\"OchatFollowUps_item__Dhyly OchatFollowUps_itemDesktop__R6aBv\">Co m\u00f3wi\u0105 \u015bwiadkowie zdarzenia?<\/li>\n<\/ul>\n<p>W Minneapolis wrze po akcji Trumpa <\/p>\n<p class=\"Paragraph_desktopParagraph__U31Gm\">Do zdarzenia dosz\u0142o w czasie zwi\u0119kszonego napi\u0119cia w Minneapolis, co jest zwi\u0105zane z prowadzon\u0105 tam operacj\u0105 wy\u0142apywania i deportowania nielegalnych imigrant\u00f3w. Na polecenie prezydenta USA Donalda Trumpa do miasta wys\u0142anych zosta\u0142o ok. 3000 uzbrojonych funkcjonariuszy ICE oraz Stra\u017cy Granicznej. W ci\u0105gu ostatnich trzech tygodni dosz\u0142o tam do dw\u00f3ch przypadk\u00f3w \u015bmiertelnego postrzelenia dwojga obywateli USA.<\/p>\n<p class=\"Paragraph_desktopParagraph__U31Gm\">Ekwadorskie MSZ nie poda\u0142o szczeg\u00f3\u0142\u00f3w zdarzenia, ale cytowani przez Reutersa \u015bwiadkowie, pracuj\u0105cy w sklepach w pobli\u017cu konsulatu, powiedzieli, \u017ce widzieli agent\u00f3w imigracyjnych pr\u00f3buj\u0105cych wej\u015b\u0107 do budynku. \u2014 Widzia\u0142am, jak funkcjonariusze \u015bcigali dwie osoby na ulicy, a potem te osoby wesz\u0142y do konsulatu, a funkcjonariusze pr\u00f3bowali wej\u015b\u0107 za nimi. Z tego, co widzia\u0142am, agenci nie byli w stanie wej\u015b\u0107 do konsulatu \u2014 opowiedzia\u0142a anonimowo jedna z kobiet.<\/p>\n<p class=\"Paragraph_desktopParagraph__U31Gm\">Zgodnie z prawem mi\u0119dzynarodowym, ambasady, konsulaty i inne plac\u00f3wki dyplomatyczne danego kraju s\u0105 traktowane jako terytorium suwerenne tego kraju, chronione immunitetem dyplomatycznym przed nieuprawnionym wej\u015bciem funkcjonariuszy pa\u0144stwa przyjmuj\u0105cego.<\/p>\n","protected":false},"excerpt":{"rendered":"Du\u017co czytania, a ma\u0142o czasu? Sprawd\u017a\u00a0skr\u00f3t\u00a0artyku\u0142u Ekwadorskie MSZ wys\u0142a\u0142o not\u0119 protestacyjn\u0105 do ambasady USA w Quito, w kt\u00f3rej&hellip;\n","protected":false},"author":2,"featured_media":230520,"comment_status":"","ping_status":"","sticky":false,"template":"","format":"standard","meta":{"footnotes":""},"categories":[5],"tags":[32,33,58,2799,36,37,27,41311,67,34,35,37515,28,31,53,25,52,68,51,55,42,38,40,39,41,47,59,29,30,65,50,26],"class_list":{"0":"post-230519","1":"post","2":"type-post","3":"status-publish","4":"format-standard","5":"has-post-thumbnail","7":"category-naglowki","8":"tag-breaking-news","9":"tag-breakingnews","10":"tag-donald_trump_prezydent_usa","11":"tag-ekwador","12":"tag-featured-news","13":"tag-featurednews","14":"tag-headlines","15":"tag-ice_amerykanska_sluzba_imigracyjna","16":"tag-intextvideo_splayer","17":"tag-latest-news","18":"tag-latestnews","19":"tag-minneapolis","20":"tag-naglowki","21":"tag-najwazniejsze-artykuly","22":"tag-new_header","23":"tag-news","24":"tag-onet3","25":"tag-onet3d","26":"tag-onet3d_2i","27":"tag-phx","28":"tag-pl","29":"tag-poland","30":"tag-polish","31":"tag-polska","32":"tag-polski","33":"tag-screening_general","34":"tag-stany_zjednoczone_usa","35":"tag-top-stories","36":"tag-topstories","37":"tag-update_me","38":"tag-v2021","39":"tag-wiadomosci"},"share_on_mastodon":{"url":"","error":"Validation failed: Text character limit of 500 exceeded"},"_links":{"self":[{"href":"https:\/\/www.europesays.com\/pl\/wp-json\/wp\/v2\/posts\/230519","targetHints":{"allow":["GET"]}}],"collection":[{"href":"https:\/\/www.europesays.com\/pl\/wp-json\/wp\/v2\/posts"}],"about":[{"href":"https:\/\/www.europesays.com\/pl\/wp-json\/wp\/v2\/types\/post"}],"author":[{"embeddable":true,"href":"https:\/\/www.europesays.com\/pl\/wp-json\/wp\/v2\/users\/2"}],"replies":[{"embeddable":true,"href":"https:\/\/www.europesays.com\/pl\/wp-json\/wp\/v2\/comments?post=230519"}],"version-history":[{"count":0,"href":"https:\/\/www.europesays.com\/pl\/wp-json\/wp\/v2\/posts\/230519\/revisions"}],"wp:featuredmedia":[{"embeddable":true,"href":"https:\/\/www.europesays.com\/pl\/wp-json\/wp\/v2\/media\/230520"}],"wp:attachment":[{"href":"https:\/\/www.europesays.com\/pl\/wp-json\/wp\/v2\/media?parent=230519"}],"wp:term":[{"taxonomy":"category","embeddable":true,"href":"https:\/\/www.europesays.com\/pl\/wp-json\/wp\/v2\/categories?post=230519"},{"taxonomy":"post_tag","embeddable":true,"href":"https:\/\/www.europesays.com\/pl\/wp-json\/wp\/v2\/tags?post=230519"}],"curies":[{"name":"wp","href":"https:\/\/api.w.org\/{rel}","templated":true}]}}