{"id":230521,"date":"2026-01-28T21:37:09","date_gmt":"2026-01-28T21:37:09","guid":{"rendered":"https:\/\/www.europesays.com\/pl\/230521\/"},"modified":"2026-01-28T21:37:09","modified_gmt":"2026-01-28T21:37:09","slug":"to-robi-legia-tuz-przed-startem-ekstraklasy-kibice-nie-moga-uwierzyc","status":"publish","type":"post","link":"https:\/\/www.europesays.com\/pl\/230521\/","title":{"rendered":"To robi Legia tu\u017c przed startem Ekstraklasy. Kibice nie mog\u0105 uwierzy\u0107"},"content":{"rendered":"<p class=\"art_paragraph\">O warszawskim klubie wiele si\u0119 m\u00f3wi zawsze, ale w obliczu zatrudnienia Marka Papszuna oraz nadchodz\u0105cej walki o utrzymanie si\u0119 w Ekstraklasie, Legia tym bardziej b\u0119dzie przez najbli\u017csze miesi\u0105ce znajdowa\u0107 si\u0119 w centrum uwagi. Ju\u017c 1 lutego natomiast zmierzy si\u0119 w 19. kolejce na w\u0142asnym boisku z Koron\u0105 Kielce, a wi\u0119c 9. dru\u017cyn\u0105 Ekstraklasy. <a href=\"https:\/\/www.sport.pl\/pilka\/7,65039,32534996,zona-grosickiego-trafi-do-pogoni-pilkarz-wprost-trzymam-kciuki.html#anchorLink\" rel=\"nofollow noopener\" target=\"_blank\">Pi\u0142karze<\/a> Papszuna b\u0119d\u0105 mieli \u015bwietn\u0105 okazj\u0119, aby zdoby\u0107 cenne punkty.<\/p>\n<p>\n    Zobacz wideo Mocne spi\u0119cie na linii Kosecki-Skor\u017ca. &#8222;Ty si\u0119, k***a, to przedszkola nadajesz!&#8221;\n  <\/p>\n<p class=\"art_paragraph\">Legia uspokaja. Oto wszystko, co wiadomo w sprawie murawy<\/p>\n<p class=\"art_paragraph\">Sto\u0142eczny klub w \u015brod\u0119 poinformowa\u0142 <a href=\"https:\/\/www.sport.pl\/kibice#anchorLink\" rel=\"nofollow noopener\" target=\"_blank\">kibic\u00f3w<\/a>, \u017ce jeszcze przed startem rundy Ekstraklasy chce dokona\u0107 do\u015b\u0107 znacz\u0105cego <a href=\"https:\/\/www.sport.pl\/ruch-chorzow#anchorLink\" rel=\"nofollow noopener\" target=\"_blank\">ruchu<\/a>. To znaczy &#8211; wymieni\u0107 muraw\u0119 na stadionie. Nie wszystkim fanom Legii si\u0119 to spodoba\u0142o. &#8222;Wymiana murawy, kilka stopni mrozu, 4 dni przed <a href=\"https:\/\/www.sport.pl\/mecze#anchorLink\" rel=\"nofollow noopener\" target=\"_blank\">meczem<\/a>&#8221; &#8211; wypomnia\u0142 jeden z nich. Podobnych komentarzy na portalu &#8222;X&#8221; pojawi\u0142o si\u0119 sporo.<\/p>\n<p class=\"art_paragraph\">Legia postanowi\u0142a jeszcze w ten sam dzie\u0144 spr\u00f3bowa\u0107 rozwia\u0107 wszelkie w\u0105tpliwo\u015bci. Klub w komunikacie na portalu &#8222;X&#8221; odpowiedzia\u0142 na to, czy obecnie istniej\u0105 warunki do wymiany murawy.<\/p>\n<p class=\"art_paragraph\">&#8222;Warunki atmosferyczne od kilku dni s\u0105 lepsze &#8211; temperatura jest minimalnie na plusie i pozwala na przeprowadzenie wymiany. Wsp\u00f3\u0142pracujemy z profesjonaln\u0105, do\u015bwiadczon\u0105 firm\u0105 Flexgrass z W\u0142och, kt\u00f3ra oceni\u0142a sytuacj\u0119 pozytywnie. Nowa nawierzchnia przyjecha\u0142a w 21 transportach w klimatyzowanych kontenerach z Holandii i od razu jest gotowa do po\u0142o\u017cenia. Nad wymian\u0105 pracuje kilkadziesi\u0105t os\u00f3b z dzia\u0142u technicznego klubu i firmy Flexgrass przez kilkana\u015bcie godzin dziennie&#8221; &#8211; relacjonuje Legia.<\/p>\n<p class=\"art_paragraph\">Przy okazji sto\u0142eczny klub potwierdzi\u0142, \u017ce murawa ma by\u0107 gotowa na najbli\u017cszy <a href=\"https:\/\/www.sport.pl\/mecz#anchorLink\" rel=\"nofollow noopener\" target=\"_blank\">mecz<\/a> zespo\u0142u z Koron\u0105 Kielce, a tak\u017ce\u00a0podkre\u015bli\u0142, \u017ce\u00a0nic niespodziewanego nie powinno si\u0119 wydarzy\u0107. &#8222;Nie, nie ma takiego ryzyka [\u017ce murawa si\u0119 nie przyjmie &#8211; przyp. red.]. Na pierwszy mecz trawa b\u0119dzie mia\u0142a nieco bledszy odcie\u0144, ale po kilku tygodniach zyska pe\u0142ny, zielony kolor. Nowa murawa to mniejsze ryzyko kontuzji i lepsze warunki do gry &#8211; podsumowuje Legia Warszawa.\u00a0<\/p>\n","protected":false},"excerpt":{"rendered":"O warszawskim klubie wiele si\u0119 m\u00f3wi zawsze, ale w obliczu zatrudnienia Marka Papszuna oraz nadchodz\u0105cej walki o utrzymanie&hellip;\n","protected":false},"author":2,"featured_media":230522,"comment_status":"","ping_status":"","sticky":false,"template":"","format":"standard","meta":{"footnotes":""},"categories":[24],"tags":[42,38,40,39,41,127,126],"class_list":{"0":"post-230521","1":"post","2":"type-post","3":"status-publish","4":"format-standard","5":"has-post-thumbnail","7":"category-sport","8":"tag-pl","9":"tag-poland","10":"tag-polish","11":"tag-polska","12":"tag-polski","13":"tag-sport","14":"tag-sports"},"share_on_mastodon":{"url":"https:\/\/pubeurope.com\/@pl\/115974887579583827","error":""},"_links":{"self":[{"href":"https:\/\/www.europesays.com\/pl\/wp-json\/wp\/v2\/posts\/230521","targetHints":{"allow":["GET"]}}],"collection":[{"href":"https:\/\/www.europesays.com\/pl\/wp-json\/wp\/v2\/posts"}],"about":[{"href":"https:\/\/www.europesays.com\/pl\/wp-json\/wp\/v2\/types\/post"}],"author":[{"embeddable":true,"href":"https:\/\/www.europesays.com\/pl\/wp-json\/wp\/v2\/users\/2"}],"replies":[{"embeddable":true,"href":"https:\/\/www.europesays.com\/pl\/wp-json\/wp\/v2\/comments?post=230521"}],"version-history":[{"count":0,"href":"https:\/\/www.europesays.com\/pl\/wp-json\/wp\/v2\/posts\/230521\/revisions"}],"wp:featuredmedia":[{"embeddable":true,"href":"https:\/\/www.europesays.com\/pl\/wp-json\/wp\/v2\/media\/230522"}],"wp:attachment":[{"href":"https:\/\/www.europesays.com\/pl\/wp-json\/wp\/v2\/media?parent=230521"}],"wp:term":[{"taxonomy":"category","embeddable":true,"href":"https:\/\/www.europesays.com\/pl\/wp-json\/wp\/v2\/categories?post=230521"},{"taxonomy":"post_tag","embeddable":true,"href":"https:\/\/www.europesays.com\/pl\/wp-json\/wp\/v2\/tags?post=230521"}],"curies":[{"name":"wp","href":"https:\/\/api.w.org\/{rel}","templated":true}]}}