{"id":230733,"date":"2026-01-28T23:58:17","date_gmt":"2026-01-28T23:58:17","guid":{"rendered":"https:\/\/www.europesays.com\/pl\/230733\/"},"modified":"2026-01-28T23:58:17","modified_gmt":"2026-01-28T23:58:17","slug":"anja-rubik-zachwycila-na-paris-fashion-week-klasyka-w-nowoczesnym-wydaniu-2","status":"publish","type":"post","link":"https:\/\/www.europesays.com\/pl\/230733\/","title":{"rendered":"Anja Rubik zachwyci\u0142a na Paris Fashion Week. Klasyka w nowoczesnym wydaniu"},"content":{"rendered":"<p class=\"Paragraph_desktopParagraph__U31Gm\">Pokaz, kt\u00f3ry odby\u0142 si\u0119 we wtorkowy wiecz\u00f3r 27 stycznia, by\u0142 jednym z najbardziej wyczekiwanych punkt\u00f3w <a href=\"https:\/\/plejada.pl\/temat\/paris-fashion-week\/3jzlkhr\" id=\"9f540887-f7cd-4d4b-b1ce-ec1955eaeebd\" rel=\"nofollow noopener\" target=\"_blank\">paryskiego tygodnia mody.<\/a> Anthony Vaccarello, dyrektor kreatywny <a href=\"https:\/\/plejada.pl\/temat\/yves-saint-laurent\/2fxvlej\" id=\"554d8212-f5d0-4a64-ae9e-99febf279cfe\" rel=\"nofollow noopener\" target=\"_blank\">Saint Laurent, <\/a>zaprezentowa\u0142 najnowsz\u0105 m\u0119sk\u0105 kolekcj\u0119 na sezon wiosna-lato 2026. Na widowni nie zabrak\u0142o gwiazd, a w\u015br\u00f3d nich zasiad\u0142a w\u0142a\u015bnie <a href=\"https:\/\/plejada.pl\/temat\/anja-rubik\/9v4lpl6\" id=\"fe976549-ea12-4524-ad91-6ab58b8a19f4\" rel=\"nofollow noopener\" target=\"_blank\">Anja Rubik.<\/a><\/p>\n<ul class=\"OchatFollowUps_wrapper__1ry7X\">\n<li class=\"OchatFollowUps_item__Dhyly OchatFollowUps_itemDesktop__R6aBv\">Co zaprezentowa\u0142a Anja Rubik na Paris Fashion Week?<\/li>\n<li class=\"OchatFollowUps_item__Dhyly OchatFollowUps_itemDesktop__R6aBv\">Jak\u0105 koszul\u0119 mia\u0142a na sobie Anja Rubik?<\/li>\n<li class=\"OchatFollowUps_item__Dhyly OchatFollowUps_itemDesktop__R6aBv\">Kto by\u0142 dyrektorem kreatywnym Saint Laurent?<\/li>\n<li class=\"OchatFollowUps_item__Dhyly OchatFollowUps_itemDesktop__R6aBv\">Jakie dodatki uzupe\u0142ni\u0142y stylizacj\u0119 Anji Rubik?<\/li>\n<\/ul>\n<p>Anja Rubik ol\u015bni\u0142a w Pary\u017cu <\/p>\n<p class=\"Paragraph_desktopParagraph__U31Gm\">Modelka postawi\u0142a na zestaw, kt\u00f3ry doskonale \u0142\u0105czy klasyczn\u0105 elegancj\u0119 z nowoczesnym akcentem. G\u0142\u00f3wnym elementem stylizacji by\u0142a bia\u0142a koszula w oryginalnej ods\u0142onie \u2014 uwag\u0119 przykuwa\u0142o efektowne wi\u0105zanie. Anja Rubik zestawi\u0142a j\u0105 ze sk\u00f3rzan\u0105, o\u0142\u00f3wkow\u0105 sp\u00f3dnic\u0105 midi, dope\u0142niaj\u0105c ca\u0142o\u015b\u0107 ciemnymi rajstopami, kontrastuj\u0105cymi szpilkami oraz per\u0142owymi kolczykami.<\/p>\n<p class=\"Paragraph_desktopParagraph__U31Gm\">Wyrafinowane detale sprawi\u0142y, \u017ce pozornie proste elementy nabra\u0142y modowego charakteru. Stylizacja Anji Rubik to przyk\u0142ad na to, jak wielk\u0105 rol\u0119 odgrywa umiej\u0119tne \u0142\u0105czenie ubra\u0144 i dodatk\u00f3w. Modelka po raz kolejny udowodni\u0142a, \u017ce w \u015bwiecie mody liczy si\u0119 nie tylko to, co si\u0119 nosi, ale przede wszystkim \u2013 jak si\u0119 to nosi.<\/p>\n<p>Anja Rubik na Paris Fashion Week [ZDJ\u0118CIA] <img decoding=\"async\" class=\"Image_image__0tuHp Image_autoHeight__f2n87 \" height=\"720\" width=\"480\" src=\"https:\/\/www.europesays.com\/pl\/wp-content\/uploads\/2026\/01\/AnIk9kpTURBXy81ODYyNTBkNjUzZGNhMTljYWZlMjZkNTAwYjUwOGMyOC5qcGeSlQLNAjwAwsOVAgDNAtDCw94AA6EwAaExAaEzw.jpeg\" alt=\"Anja Rubik\" loading=\"lazy\" \/>Castel Franck \/ ABACA \/ PAP<img decoding=\"async\" class=\"Image_image__0tuHp Image_autoHeight__f2n87 \" height=\"720\" width=\"480\" src=\"https:\/\/www.europesays.com\/pl\/wp-content\/uploads\/2026\/01\/jEmk9kpTURBXy8zZGU5ZGQwNGRiYmIwYjM1MjljYTczOTY1MjQ5MDcwMS5qcGeSlQLNAjwAwsOVAgDNAtDCw94AA6EwAaExAaEzw.jpeg\" alt=\"Anja Rubik\" loading=\"lazy\" \/>Castel Franck \/ ABACA \/ PAP<\/p>\n","protected":false},"excerpt":{"rendered":"Pokaz, kt\u00f3ry odby\u0142 si\u0119 we wtorkowy wiecz\u00f3r 27 stycznia, by\u0142 jednym z najbardziej wyczekiwanych punkt\u00f3w paryskiego tygodnia mody.&hellip;\n","protected":false},"author":2,"featured_media":230734,"comment_status":"","ping_status":"","sticky":false,"template":"","format":"standard","meta":{"footnotes":""},"categories":[22],"tags":[26954,244,122,30897,67,922,53,52,68,51,55,42,38,40,39,41,123,47,196,1607,5103,65,50],"class_list":{"0":"post-230733","1":"post","2":"type-post","3":"status-publish","4":"format-standard","5":"has-post-thumbnail","7":"category-rozrywka","8":"tag-anja_rubik","9":"tag-ctr_tst","10":"tag-entertainment","11":"tag-gwiazdy_na_czerwonym_dywanie","12":"tag-intextvideo_splayer","13":"tag-moda_pokazy_mody_ubrania_design","14":"tag-new_header","15":"tag-onet3","16":"tag-onet3d","17":"tag-onet3d_2i","18":"tag-phx","19":"tag-pl","20":"tag-poland","21":"tag-polish","22":"tag-polska","23":"tag-polski","24":"tag-rozrywka","25":"tag-screening_general","26":"tag-styl_zycia","27":"tag-time_limited","28":"tag-tydzien_mody","29":"tag-update_me","30":"tag-v2021"},"share_on_mastodon":{"url":"https:\/\/pubeurope.com\/@pl\/115975441901848648","error":""},"_links":{"self":[{"href":"https:\/\/www.europesays.com\/pl\/wp-json\/wp\/v2\/posts\/230733","targetHints":{"allow":["GET"]}}],"collection":[{"href":"https:\/\/www.europesays.com\/pl\/wp-json\/wp\/v2\/posts"}],"about":[{"href":"https:\/\/www.europesays.com\/pl\/wp-json\/wp\/v2\/types\/post"}],"author":[{"embeddable":true,"href":"https:\/\/www.europesays.com\/pl\/wp-json\/wp\/v2\/users\/2"}],"replies":[{"embeddable":true,"href":"https:\/\/www.europesays.com\/pl\/wp-json\/wp\/v2\/comments?post=230733"}],"version-history":[{"count":0,"href":"https:\/\/www.europesays.com\/pl\/wp-json\/wp\/v2\/posts\/230733\/revisions"}],"wp:featuredmedia":[{"embeddable":true,"href":"https:\/\/www.europesays.com\/pl\/wp-json\/wp\/v2\/media\/230734"}],"wp:attachment":[{"href":"https:\/\/www.europesays.com\/pl\/wp-json\/wp\/v2\/media?parent=230733"}],"wp:term":[{"taxonomy":"category","embeddable":true,"href":"https:\/\/www.europesays.com\/pl\/wp-json\/wp\/v2\/categories?post=230733"},{"taxonomy":"post_tag","embeddable":true,"href":"https:\/\/www.europesays.com\/pl\/wp-json\/wp\/v2\/tags?post=230733"}],"curies":[{"name":"wp","href":"https:\/\/api.w.org\/{rel}","templated":true}]}}