{"id":230769,"date":"2026-01-29T00:32:10","date_gmt":"2026-01-29T00:32:10","guid":{"rendered":"https:\/\/www.europesays.com\/pl\/230769\/"},"modified":"2026-01-29T00:32:10","modified_gmt":"2026-01-29T00:32:10","slug":"reprezentacja-polski-nie-wystapi-w-piatkowym-konkursie-pucharu-swiata-w-willingen-sport-tvp-pl","status":"publish","type":"post","link":"https:\/\/www.europesays.com\/pl\/230769\/","title":{"rendered":"Reprezentacja Polski nie wyst\u0105pi w pi\u0105tkowym konkursie Pucharu \u015awiata w Willingen &#8211; sport.tvp.pl"},"content":{"rendered":"<ol>\n<li><a href=\"https:\/\/news.google.com\/rss\/articles\/CBMimwFBVV95cUxNTHVXMWJYRjlPVFRiVHhCZmszY1FPR240dE9td1pNMW1NRWctSFI0aUJ2SWhENmdfZE9MZXJoUXRZRkpoQ05hV0JVWHRoeTdUcEhoTWZvd0tZZ1FHMHB6QldyMk0tbjRvcVFia05Ha2U2bWR4bEhSQ19FQjBrbW1kdWN4Z2luWV9sZjNRUGJLNVFHQmZOUUJCbTBFTdIBoAFBVV95cUxQaHhCM09RcDlQVG1CQUVLS3NtT1RBak5NZmRBRm5FTWdmRkNEUDhIY3NCbHllZG93SHlyV1lMUG4xQzFSTHMxb2RzRlhrYVRmbW5QUldvT3NHZENIaEdJemtyR3JmT05IdkstdFJTUUo3TkVlc0hnNWUya29zc1dRd2tmeDZKVTl6NXN3UTRiZ1VlQ1FJVUk1bEFnZXVLUWNF?oc=5\" target=\"_blank\" rel=\"nofollow noopener\">Reprezentacja Polski nie wyst\u0105pi w pi\u0105tkowym konkursie Pucharu \u015awiata w Willingen<\/a>&nbsp;&nbsp;sport.tvp.pl<\/li>\n<li><a href=\"https:\/\/news.google.com\/rss\/articles\/CBMi2wFBVV95cUxOVmVYZG1QLWpRXzdxSXZTWWFKVy1Ea2hkZGkzQndMbkhWbmdldkl3UlRqVzlCQ1NxdEgyOVZ2STVXMm9UajB3UWQ4NjBoYzllS0ZCODZ0UWx3QVk4aE56cUNFN3gxNGdCMGNYelgwaTl2SEhIbm1MRElvTjQwS0xuZGdyUkhkdTJNZ2NLUzB3RE1IRDZOYTAzSzRmcDY3Sm1WRkRYcHZ4ZXNETk5rVWFnSUpXUGlpSF8zb3AwM3hCRGRkOU9JazJnNmZoWXdxNUtzLU9qaURySWtvcWc?oc=5\" target=\"_blank\" rel=\"nofollow noopener\">Gwiazdy pomini\u0119te, nie b\u0119dzie nawet trenera! Oto sk\u0142ad na P\u015a w Willingen<\/a>&nbsp;&nbsp;Onet<\/li>\n<li><a href=\"https:\/\/news.google.com\/rss\/articles\/CBMivgFBVV95cUxPckhpaFE0aVZjZFBiZ1Rjemowd3hpZU5MVFUxQTRxMVR0YXU2bDZ4Snd4RkY1ejYzMEJIVkNOZ3R1cVFPTVlreFRDcVpBZUhiMm85M0ctWGRSR0Nzc3ZuR3JCZk5nOXR0Q3VvYlBicHpJVmZMNllOSzgzdDZDeFBfUTJ0VGR1NE1vaXpmUktQbkotWFc0S0dDb25jcDlhU212X2xPaUdURmxLT3FuX0Z6NnI5b2R2UnZacGZqZzd3?oc=5\" target=\"_blank\" rel=\"nofollow noopener\">Kompromitacja, a teraz pilny komunikat PZN. Polacy jednak rezygnuj\u0105<\/a>&nbsp;&nbsp;Sport w INTERIA.PL<\/li>\n<li><a href=\"https:\/\/news.google.com\/rss\/articles\/CBMiqgFBVV95cUxPLVJKWWNWdDgyX1BEV2hGNzV0S2VKOVI3SjJtbVl1SVc5UUl6angzLW44T2hjY3pvdlZXSy14QUkwWXBOQ0EtTFZRWXlCRTdTZ0JZMDByTC1OX3N0MjhtcUdnNnJMTlpieHIyZzA2NHo2OThBTkJFZWdkZXM0OEpEcm9MOVBrVEprNWYxeE5hbU9rTENfeWN1dWMtLUUxeUU5czBtWnhjcnhFQQ?oc=5\" target=\"_blank\" rel=\"nofollow noopener\">Maciusiak zostawia polskich skoczk\u00f3w. Sam podj\u0105\u0142 decyzj\u0119<\/a>&nbsp;&nbsp;Sport.pl<\/li>\n<li><a href=\"https:\/\/news.google.com\/rss\/articles\/CBMihwJBVV95cUxPQ0lLU2RkQUNYeGZUaGFtX1JCS1BvajR2cl9qaGt6N0c2aFVoWXhtd0N2V3N0RnIwRnVSOEFCMmlQVVFIcFhvQklvS0hVdWluaHRPMzJLdVZNUW15U3lST3lMMWhXZ0t5b3c1QlR0ZnBiTWhneWcwdU5mcW9fMTJTMG91QWNTa0hoWDNQMG5WbTZYeGt6emRfSzRDMFRVUXU5ZVNnSS1MSlhsV1lleTRzUld0T0xmQ1dQdWxCUllXRktaaW9vRUJIWU1kQXBjdVNGZ0tiUW5qQ2wxOVNzQXo3Y1pKMXZzaExBVnVGTjQzTk9hSFA2QnF1dC04ajBtM2tmendVUy16SQ?oc=5\" target=\"_blank\" rel=\"nofollow noopener\">Spore zmiany w kadrze skoczk\u00f3w. Czo\u0142owi Polacy nie jad\u0105 do Willingen<\/a>&nbsp;&nbsp;Eurosport Polska<\/li>\n<\/ol>\n","protected":false},"excerpt":{"rendered":"Reprezentacja Polski nie wyst\u0105pi w pi\u0105tkowym konkursie Pucharu \u015awiata w Willingen&nbsp;&nbsp;sport.tvp.pl Gwiazdy pomini\u0119te, nie b\u0119dzie nawet trenera! Oto&hellip;\n","protected":false},"author":2,"featured_media":230770,"comment_status":"","ping_status":"","sticky":false,"template":"","format":"standard","meta":{"footnotes":"","_share_on_mastodon":"0"},"categories":[24],"tags":[42,38,40,39,41,17495,1538,127,334,126,40241],"class_list":["post-230769","post","type-post","status-publish","format-standard","has-post-thumbnail","category-sport","tag-pl","tag-poland","tag-polish","tag-polska","tag-polski","tag-puchar-swiata-w-skokach-narciarskich","tag-skoki-narciarskie","tag-sport","tag-sport-tvp-pl","tag-sports","tag-willingen"],"share_on_mastodon":{"url":"https:\/\/pubeurope.com\/@pl\/115975575737154915","error":""},"_links":{"self":[{"href":"https:\/\/www.europesays.com\/pl\/wp-json\/wp\/v2\/posts\/230769","targetHints":{"allow":["GET"]}}],"collection":[{"href":"https:\/\/www.europesays.com\/pl\/wp-json\/wp\/v2\/posts"}],"about":[{"href":"https:\/\/www.europesays.com\/pl\/wp-json\/wp\/v2\/types\/post"}],"author":[{"embeddable":true,"href":"https:\/\/www.europesays.com\/pl\/wp-json\/wp\/v2\/users\/2"}],"replies":[{"embeddable":true,"href":"https:\/\/www.europesays.com\/pl\/wp-json\/wp\/v2\/comments?post=230769"}],"version-history":[{"count":0,"href":"https:\/\/www.europesays.com\/pl\/wp-json\/wp\/v2\/posts\/230769\/revisions"}],"wp:featuredmedia":[{"embeddable":true,"href":"https:\/\/www.europesays.com\/pl\/wp-json\/wp\/v2\/media\/230770"}],"wp:attachment":[{"href":"https:\/\/www.europesays.com\/pl\/wp-json\/wp\/v2\/media?parent=230769"}],"wp:term":[{"taxonomy":"category","embeddable":true,"href":"https:\/\/www.europesays.com\/pl\/wp-json\/wp\/v2\/categories?post=230769"},{"taxonomy":"post_tag","embeddable":true,"href":"https:\/\/www.europesays.com\/pl\/wp-json\/wp\/v2\/tags?post=230769"}],"curies":[{"name":"wp","href":"https:\/\/api.w.org\/{rel}","templated":true}]}}