{"id":230777,"date":"2026-01-29T00:38:09","date_gmt":"2026-01-29T00:38:09","guid":{"rendered":"https:\/\/www.europesays.com\/pl\/230777\/"},"modified":"2026-01-29T00:38:09","modified_gmt":"2026-01-29T00:38:09","slug":"tego-nie-dalo-sie-zmarnowac-zobacz-bramke-lewandowskiego","status":"publish","type":"post","link":"https:\/\/www.europesays.com\/pl\/230777\/","title":{"rendered":"Tego nie da\u0142o si\u0119 zmarnowa\u0107. Zobacz bramk\u0119 Lewandowskiego"},"content":{"rendered":"\n<p class=\"contentpart contentpart--default contentpart--text\" data-position=\"0\"><a href=\"https:\/\/sportowefakty.wp.pl\/pilka-nozna\/fc-barcelona\" rel=\"nofollow noopener\" target=\"_blank\">FC Barcelona<\/a>\u00a0by\u0142a w tarapatach, bo nieoczekiwanie po pierwszej po\u0142owie przegrywa\u0142a na Camp Nou z <a href=\"https:\/\/sportowefakty.wp.pl\/pilka-nozna\/fc-kopenhaga\" rel=\"nofollow noopener\" target=\"_blank\">FC Kopenhag\u0105<\/a>\u00a00:1 w \u00f3smej kolejce fazy ligowej Ligi Mistrz\u00f3w. By\u0142o to istotne spotkanie z perspektywy &#8222;Dumy Katalonii&#8221; w kontek\u015bcie tego, czy znajdzie si\u0119 w TOP 8 i awansuje bezpo\u015brednio do 1\/8 fina\u0142u rozgrywek.<\/p>\n<p class=\"contentpart contentpart--default contentpart--text\" data-position=\"1\">Od pocz\u0105tku drugiej po\u0142owy gracze Barcelony ruszyli do zdecydowanego ataku. Ju\u017c w 48. minucie <a href=\"https:\/\/sportowefakty.wp.pl\/pilka-nozna\/lamine-yamal\" rel=\"nofollow noopener\" target=\"_blank\">Lamine Yamal<\/a>\u00a0min\u0105\u0142 bramkarza rywali i wy\u0142o\u017cy\u0142 pi\u0142k\u0119 do\u00a0<a href=\"https:\/\/sportowefakty.wp.pl\/pilka-nozna\/robert-lewandowski\" rel=\"nofollow noopener\" target=\"_blank\">Roberta Lewandowskiego<\/a>. Ten z najbli\u017cszej odleg\u0142o\u015bci wpakowa\u0142 j\u0105 do siatki.\u00a0<\/p>\n<p>  <img decoding=\"async\" src=\"https:\/\/v.wpimg.pl\/X3dwLnN2d1IFFTpdYUl6R0ZNbgcnEHQREVV2TGEGbUtRT2MdOlZ2RBQUKABgQjQcDRotCStBd1IAAWMeIlM7VgwYIAorQAdEFFk_GCkQJQ\" alt=\"\" width=\"45\" height=\"58\" loading=\"lazy\"\/>  <\/p>\n<p class=\"contentpart contentpart--default contentpart--text\" data-position=\"2\">12 minut p\u00f3\u017aniej Yamal do asysty do\u0142o\u017cy\u0142 bramk\u0119. Tym razem niezwykle utalentowany pi\u0142karz zdecydowa\u0142 si\u0119 na strza\u0142, futbol\u00f3wka otar\u0142a si\u0119 o obro\u0144c\u0119 rywali i przelobowa\u0142a golkipera.<\/p>\n<p class=\"contentpart contentpart--default contentpart--text\" data-position=\"3\">Na tym jednak podopieczni Hansiego Flicka nie poprzestali. W 67. minucie Lewandowski wywalczy\u0142 rzut karny dla mistrza Hiszpanii, a &#8222;jedenastk\u0119&#8221; na bramk\u0119 zamieni\u0142 Raphinha.<\/p>\n<p class=\"contentpart contentpart--default contentpart--text\" data-position=\"4\">Warto doda\u0107, \u017ce dla Lewandowskiego \u015brodowe trafienie by\u0142o drugim w tej edycji Ligi Mistrz\u00f3w.<\/p>\n<p class=\"contentpart contentpart--default contentpart--text\" data-position=\"5\">Mecz ostatecznie zako\u0144czy\u0142 si\u0119 triumfem Barcelony 4:1.<\/p>\n<p class=\"contentpart contentpart--default contentpart--text\" data-position=\"6\">Zobacz trafienie Roberta Lewandowskiego:<\/p>\n<p class=\"contentpart contentpart--default contentpart--text\" data-position=\"8\">ZOBACZ WIDEO: Nie zawaha\u0142 si\u0119. Zobacz kapitalnego gola<\/p>\n","protected":false},"excerpt":{"rendered":"FC Barcelona\u00a0by\u0142a w tarapatach, bo nieoczekiwanie po pierwszej po\u0142owie przegrywa\u0142a na Camp Nou z FC Kopenhag\u0105\u00a00:1 w \u00f3smej&hellip;\n","protected":false},"author":2,"featured_media":230778,"comment_status":"","ping_status":"","sticky":false,"template":"","format":"standard","meta":{"footnotes":""},"categories":[5],"tags":[32,33,693,272,8143,36,37,27,3943,34,35,270,28,31,25,269,42,38,40,39,41,273,29,30,26],"class_list":{"0":"post-230777","1":"post","2":"type-post","3":"status-publish","4":"format-standard","5":"has-post-thumbnail","7":"category-naglowki","8":"tag-breaking-news","9":"tag-breakingnews","10":"tag-europejskie-puchary","11":"tag-fc-barcelona","12":"tag-fc-kopenhaga","13":"tag-featured-news","14":"tag-featurednews","15":"tag-headlines","16":"tag-lamine-yamal","17":"tag-latest-news","18":"tag-latestnews","19":"tag-liga-mistrzow","20":"tag-naglowki","21":"tag-najwazniejsze-artykuly","22":"tag-news","23":"tag-pilka-nozna","24":"tag-pl","25":"tag-poland","26":"tag-polish","27":"tag-polska","28":"tag-polski","29":"tag-robert-lewandowski","30":"tag-top-stories","31":"tag-topstories","32":"tag-wiadomosci"},"share_on_mastodon":{"url":"https:\/\/pubeurope.com\/@pl\/115975599168124602","error":""},"_links":{"self":[{"href":"https:\/\/www.europesays.com\/pl\/wp-json\/wp\/v2\/posts\/230777","targetHints":{"allow":["GET"]}}],"collection":[{"href":"https:\/\/www.europesays.com\/pl\/wp-json\/wp\/v2\/posts"}],"about":[{"href":"https:\/\/www.europesays.com\/pl\/wp-json\/wp\/v2\/types\/post"}],"author":[{"embeddable":true,"href":"https:\/\/www.europesays.com\/pl\/wp-json\/wp\/v2\/users\/2"}],"replies":[{"embeddable":true,"href":"https:\/\/www.europesays.com\/pl\/wp-json\/wp\/v2\/comments?post=230777"}],"version-history":[{"count":0,"href":"https:\/\/www.europesays.com\/pl\/wp-json\/wp\/v2\/posts\/230777\/revisions"}],"wp:featuredmedia":[{"embeddable":true,"href":"https:\/\/www.europesays.com\/pl\/wp-json\/wp\/v2\/media\/230778"}],"wp:attachment":[{"href":"https:\/\/www.europesays.com\/pl\/wp-json\/wp\/v2\/media?parent=230777"}],"wp:term":[{"taxonomy":"category","embeddable":true,"href":"https:\/\/www.europesays.com\/pl\/wp-json\/wp\/v2\/categories?post=230777"},{"taxonomy":"post_tag","embeddable":true,"href":"https:\/\/www.europesays.com\/pl\/wp-json\/wp\/v2\/tags?post=230777"}],"curies":[{"name":"wp","href":"https:\/\/api.w.org\/{rel}","templated":true}]}}