{"id":230793,"date":"2026-01-29T00:53:10","date_gmt":"2026-01-29T00:53:10","guid":{"rendered":"https:\/\/www.europesays.com\/pl\/230793\/"},"modified":"2026-01-29T00:53:10","modified_gmt":"2026-01-29T00:53:10","slug":"leonardo-rocha-nie-zostanie-w-zaglebiu-pilkarz-pozegnal-kibicow-z-lubina","status":"publish","type":"post","link":"https:\/\/www.europesays.com\/pl\/230793\/","title":{"rendered":"Leonardo Rocha nie zostanie w Zag\u0142\u0119biu. Pi\u0142karz po\u017cegna\u0142 kibic\u00f3w z Lubina"},"content":{"rendered":"<p>Leonardo Rocha zaliczy\u0142 udan\u0105 rund\u0119 jesienn\u0105 w\u00a0Zag\u0142\u0119biu Lubin i\u00a0bardzo chcia\u0142 pozosta\u0107 zawodnikiem Miedziowych. Negocjacje na\u00a0linii Zag\u0142\u0119bie \u2013 Rak\u00f3w Cz\u0119stochowa zako\u0144czy\u0142y si\u0119 jednak fiaskiem. Pi\u0142karz nie\u00a0ma\u00a0ju\u017c co\u00a0do\u00a0tego z\u0142udze\u0144.<\/p>\n<p>28-latek po\u017cegna\u0142 si\u0119 z\u00a0kibicami z\u00a0Lubina za\u00a0po\u015brednictwem Instagrama.<\/p>\n<p>Leonardo Rocha \u017cegna si\u0119 z\u00a0fanami Zag\u0142\u0119bia. \u201eMia\u0142em tu\u00a0jeszcze du\u017co do\u00a0zaoferowania\u201d<\/p>\n<p>\u2013 Pora si\u0119 po\u017cegna\u0107 i\u00a0trudno znale\u017a\u0107 w\u0142a\u015bciwe s\u0142owa. Da\u0142em z\u00a0siebie wszystko reprezentuj\u0105c ten klub, zawsze z\u00a0dum\u0105, po\u015bwi\u0119ceniem i\u00a0szacunkiem dla tej\u00a0koszulki. Od\u00a0pierwszego dnia czu\u0142em wasze wsparcie z\u00a0trybun, w\u00a0wiadomo\u015bciach i\u00a0w\u00a0codziennych gestach. Odchodz\u0119 pewny, \u017ce\u00a0okaza\u0142em klubowi szacunek i\u00a0zawsze dawa\u0142em z\u00a0siebie wszystko, niezale\u017cnie od\u00a0okoliczno\u015bci \u2013 przekaza\u0142 napastnik w\u00a0mediach spo\u0142eczno\u015bciowych. \u2013 Niestety, chocia\u017c chcia\u0142em dalej tu\u00a0gra\u0107 i\u00a0zaakceptowa\u0142em wszystkie warunki, jakie mi\u00a0przedstawiono, klub postanowi\u0142 nie\u00a0kontynuowa\u0107 rozm\u00f3w transferowych.\u00a0<\/p>\n<p>\u2013 To\u00a0cz\u0119\u015b\u0107 futbolu, nawet je\u015bli bolesna. Szanuj\u0119 t\u0119\u00a0decyzj\u0119, ale\u00a0nie\u00a0ukrywam smutku. Wierz\u0119, \u017ce\u00a0mia\u0142em tu\u00a0jeszcze du\u017co do\u00a0zaoferowania \u2013 doda\u0142 Rocha.<\/p>\n<p>Jego przygoda w\u00a0Zag\u0142\u0119biu Lubin ko\u0144czy si\u0119 zatem na\u00a0trzynastu wyst\u0119pach i\u00a0siedmiu golach. Wcze\u015bniej Rocha zapisa\u0142 na\u00a0swoim koncie 21 trafie\u0144 w\u00a059 spotkaniach dla Radomiaka Radom, natomiast w\u00a0Rakowie rozegra\u0142 jak dot\u0105d 24 mecze i\u00a0zdoby\u0142 zaledwie dwie bramki.<\/p>\n<p style=\"display: flex; align-items: center; justify-content: start; flex-direction: row; gap: 3px; min-height: 24px; height: 24px; padding: 8px 0px 0px; margin: 0px; font-size: 12px; font-style: normal; font-weight: 500; line-height: 16px;\">Statystyki zawodnika (sezon) dostarczony przez\u00a0<a style=\"margin: 0px; padding: 0px;\" href=\"https:\/\/superscore.live\/pl-PL?utm_source=website&amp;utm_medium=widget&amp;utm_campaign=widget_pl\" target=\"_blank\" rel=\"external noopener nofollow\">Superscore<\/a><\/p>\n<p>\u00a0<\/p>\n<p>WI\u0118CEJ O\u00a0TRANSFERACH NA\u00a0WESZ\u0141O:<\/p>\n<p>fot.\u00a0NewsPix.pl<\/p>\n","protected":false},"excerpt":{"rendered":"Leonardo Rocha zaliczy\u0142 udan\u0105 rund\u0119 jesienn\u0105 w\u00a0Zag\u0142\u0119biu Lubin i\u00a0bardzo chcia\u0142 pozosta\u0107 zawodnikiem Miedziowych. Negocjacje na\u00a0linii Zag\u0142\u0119bie \u2013 Rak\u00f3w&hellip;\n","protected":false},"author":2,"featured_media":230794,"comment_status":"","ping_status":"","sticky":false,"template":"","format":"standard","meta":{"footnotes":""},"categories":[24],"tags":[21173,42,38,40,39,41,2369,127,126,3363],"class_list":{"0":"post-230793","1":"post","2":"type-post","3":"status-publish","4":"format-standard","5":"has-post-thumbnail","7":"category-sport","8":"tag-leonardo-rocha","9":"tag-pl","10":"tag-poland","11":"tag-polish","12":"tag-polska","13":"tag-polski","14":"tag-rakow-czestochowa","15":"tag-sport","16":"tag-sports","17":"tag-zaglebie-lubin"},"share_on_mastodon":{"url":"https:\/\/pubeurope.com\/@pl\/115975658078465817","error":""},"_links":{"self":[{"href":"https:\/\/www.europesays.com\/pl\/wp-json\/wp\/v2\/posts\/230793","targetHints":{"allow":["GET"]}}],"collection":[{"href":"https:\/\/www.europesays.com\/pl\/wp-json\/wp\/v2\/posts"}],"about":[{"href":"https:\/\/www.europesays.com\/pl\/wp-json\/wp\/v2\/types\/post"}],"author":[{"embeddable":true,"href":"https:\/\/www.europesays.com\/pl\/wp-json\/wp\/v2\/users\/2"}],"replies":[{"embeddable":true,"href":"https:\/\/www.europesays.com\/pl\/wp-json\/wp\/v2\/comments?post=230793"}],"version-history":[{"count":0,"href":"https:\/\/www.europesays.com\/pl\/wp-json\/wp\/v2\/posts\/230793\/revisions"}],"wp:featuredmedia":[{"embeddable":true,"href":"https:\/\/www.europesays.com\/pl\/wp-json\/wp\/v2\/media\/230794"}],"wp:attachment":[{"href":"https:\/\/www.europesays.com\/pl\/wp-json\/wp\/v2\/media?parent=230793"}],"wp:term":[{"taxonomy":"category","embeddable":true,"href":"https:\/\/www.europesays.com\/pl\/wp-json\/wp\/v2\/categories?post=230793"},{"taxonomy":"post_tag","embeddable":true,"href":"https:\/\/www.europesays.com\/pl\/wp-json\/wp\/v2\/tags?post=230793"}],"curies":[{"name":"wp","href":"https:\/\/api.w.org\/{rel}","templated":true}]}}