{"id":230823,"date":"2026-01-29T01:22:11","date_gmt":"2026-01-29T01:22:11","guid":{"rendered":"https:\/\/www.europesays.com\/pl\/230823\/"},"modified":"2026-01-29T01:22:11","modified_gmt":"2026-01-29T01:22:11","slug":"marcin-hakiel-szokuje-wyznaniem-o-zdradzie-jak-bedzie-chciala-to-mnie-zdradzi","status":"publish","type":"post","link":"https:\/\/www.europesays.com\/pl\/230823\/","title":{"rendered":"Marcin Hakiel szokuje wyznaniem o zdradzie. &#8222;Jak b\u0119dzie chcia\u0142a, to mnie zdradzi&#8221;"},"content":{"rendered":"<p class=\"ods-c-paragraph \">Po burzliwym rozstaniu z <a href=\"https:\/\/plejada.pl\/temat\/katarzyna-cichopek\/d6qbrps\" id=\"51ac56b8-000a-4d62-bbee-180307e5a849\" rel=\"nofollow noopener\" target=\"_blank\">Katarzyn\u0105 Cichopek<\/a> <a href=\"https:\/\/plejada.pl\/temat\/marcin-hakiel\/nxh5ncd\" id=\"702f5e6d-e3f9-400e-9f33-b563404fdeeb\" rel=\"nofollow noopener\" target=\"_blank\">Marcin Hakiel<\/a> odnalaz\u0142 szcz\u0119\u015bcie u boku Dominiki Serowskiej. Para doczeka\u0142a si\u0119 synka Romeo i \u2013 jak sam przyznaje tancerz \u2013 stworzy\u0142a prawdziwe &#8222;ognisko domowe&#8221;. W rozmowie z Kozaczkiem Marcin Hakiel nie tylko opowiedzia\u0142 o \u017cyciu rodzinnym, ale te\u017c zaskoczy\u0142 szczero\u015bci\u0105 w kwestii zdrady i zaufania. Jak wyzna\u0142, bardzo ceni autentyczno\u015b\u0107 partnerki.<\/p>\n<blockquote class=\"ods-o-quote\">\n<p class=\"ods-o-quote__paragraph\">Jak jest z\u0142a, to jest wp***dziel w chacie, a jak jest weso\u0142a, to jest mega pozytywnie<\/p>\n<\/blockquote>\n<p class=\"ods-c-paragraph \">\u2014 powiedzia\u0142 bez ogr\u00f3dek.<\/p>\n<p> Dalszy ci\u0105g artyku\u0142u pod materia\u0142em wideo    <\/p>\n<p> Co Marcin Hakiel my\u015bli o zdradzie? <\/p>\n<p> Jakie zdanie ma Hakiel na temat kontaktu Dominiki z by\u0142ymi? <\/p>\n<p> Jak Hakiel opisuje swoj\u0105 relacj\u0119 z Dominik\u0105? <\/p>\n<p> Czy Marcin Hakiel jest zazdrosny o swoj\u0105 partnerk\u0119? <\/p>\n<p>  Marcin Hakiel o zdradzie i by\u0142ych Dominiki Serowskiej. &#8222;Sprawdzanie telefon\u00f3w jest poni\u017cej mojego szacunku do siebie&#8221;   <\/p>\n<p class=\"ods-c-paragraph \">Tancerz ujawni\u0142 r\u00f3wnie\u017c, \u017ce Dominika utrzymuje kontakt ze swoimi by\u0142ymi partnerami i nie stanowi to dla niego \u017cadnego problemu. Wr\u0119cz przeciwnie, podkre\u015bla, \u017ce chce budowa\u0107 relacj\u0119 na zaufaniu, a nie kontroli.<\/p>\n<blockquote class=\"ods-o-quote\">\n<p class=\"ods-o-quote__paragraph\">W\u0142a\u015bnie ostatnio mia\u0142a urodziny, dzwoni\u0105 do niej i ona tak: &#8222;a ty si\u0119 nie pytasz, kto dzwoni?&#8221; A ja jej m\u00f3wi\u0119: &#8222;s\u0142uchaj, b\u0119dziesz chcia\u0142a, to powiesz. Wiem, \u017ce masz kontakt z by\u0142ymi, wi\u0119c skoro masz kontakt, a masz urodziny, no to by\u0142oby dziwne, \u017ceby nie zadzwonili, no bo to by znaczy\u0142o, \u017ce jednak nie chc\u0105 mie\u0107 tego kontaktu&#8221;. Ja sporo przepracowa\u0142em na terapii. Zreszt\u0105 ja w tym moim d\u0142ugim zwi\u0105zku ma\u0142\u017ce\u0144skim te\u017c raczej nie by\u0142em jako\u015b chorobliwie zazdrosny<\/p>\n<\/blockquote>\n<p class=\"ods-c-paragraph \">\u2014 wyzna\u0142 Marcin Hakiel. <\/p>\n<p> <img decoding=\"async\" src=\"https:\/\/www.europesays.com\/pl\/wp-content\/uploads\/2025\/12\/_xMk9lBaHR0cHM6Ly9vY2RuLmV1L3B1bHNjbXMvTURBXy9hOGMwNjExNjRkMTIwMWQ0NWU5NTlmYTA5MTk2YzViMi5qcGeRlQLNA.jpeg\" height=\"529\" width=\"940\" style=\"min-height:529px;\" alt=\"Dominika Serowska i Marcin Hakiel (2024 r.)\" loading=\"lazy\" class=\"ods-c-image__img ods-c-image__img--vertical\"\/> <\/p>\n<p>Dominika Serowska i Marcin Hakiel (2024 r.)Andras Szilagyi \/ MW Media<\/p>\n<p class=\"ods-c-paragraph \">Hakiel doda\u0142 te\u017c, \u017ce nie wierzy w zakazy i kontrolowanie partnera. \u2014 Je\u015bli dw\u00f3jka doros\u0142ych ludzi chce by\u0107 razem, no to chce by\u0107 razem. To, \u017ce b\u0119dziemy sobie co\u015b zabrania\u0107, czy jako\u015b przesadnie si\u0119 ogranicza\u0107, czy sprawdza\u0107, to nie wiem, czy to ma sens. Tak samo sprawdzanie telefon\u00f3w jest poni\u017cej mojego szacunku wobec samego siebie. Ja wychodz\u0119 z za\u0142o\u017cenia, \u017ce jak moja partnerka b\u0119dzie chcia\u0142a mnie zdradzi\u0107, to mnie zdradzi \u2014 podsumowa\u0142.<\/p>\n<p>    <img decoding=\"async\" src=\"https:\/\/www.europesays.com\/pl\/wp-content\/uploads\/2025\/11\/JMIk9lBaHR0cHM6Ly9vY2RuLmV1L3B1bHNjbXMvTURBXy82MDc3NzcyYjg2NGMyYTdkNzdmM2E2MTVmNDU4ODBjZS5qcGeRlQLNA.jpeg\" height=\"529\" width=\"940\" style=\"min-height:529px;\" alt=\"Dominika Serowska i Marcin Hakiel\" loading=\"lazy\" class=\"ods-c-image__img ods-c-image__img--vertical\"\/> <\/p>\n<p>Dominika Serowska i Marcin HakielPIOTR ANDRZEJCZAK \/MWMEDIA WARSZAWA \/ MW Media<\/p>\n<p class=\"ods-c-paragraph \">Dzi\u0119kujemy, \u017ce przeczyta\u0142a\u015b\/e\u015b nasz artyku\u0142 do ko\u0144ca. W serwisie Plejada.pl ka\u017cdego dnia piszemy o najwa\u017cniejszych wydarzeniach show-biznesowych. B\u0105d\u017a na bie\u017c\u0105co! <a rel=\"nofollow noopener\" href=\"https:\/\/profile.google.com\/cp\/Cg0vZy8xMWJ6X19wdHBx\" id=\"01c64ca1-474b-4bc7-92f1-7e7683a383e1\" target=\"_blank\">Obserwuj<\/a> Plejad\u0119 w Google. Odwied\u017a nas tak\u017ce na <a rel=\"nofollow noopener\" href=\"https:\/\/www.facebook.com\/plejadapl\" id=\"9c769e35-0fd3-4b62-a65d-d390d4c4301e\" target=\"_blank\">Facebooku<\/a>, <a rel=\"nofollow noopener\" href=\"https:\/\/www.instagram.com\/plejadapl\/\" id=\"8a89c898-32cf-4f7b-abf3-6632197bba0a\" target=\"_blank\">Instagramie<\/a>, <a rel=\"nofollow noopener\" href=\"https:\/\/www.youtube.com\/c\/plejada\" id=\"dcbc9905-7375-4da4-b817-b86602a1145f\" target=\"_blank\">YouTubie<\/a> oraz <a rel=\"nofollow noopener\" href=\"https:\/\/www.tiktok.com\/@plejada_pl\" id=\"c941bc3d-39c1-40d9-85ff-563cbbce6ca3\" target=\"_blank\">TikToku<\/a>.<\/p>\n<p class=\"ods-c-paragraph \">Chcesz podzieli\u0107 si\u0119 ciekawym newsem lub zaproponowa\u0107 temat? Skontaktuj si\u0119 z nami, pisz\u0105c maila na adres: <a rel=\"nofollow noopener\" href=\"https:\/\/plejada.pl\/newsy\/marcin-hakiel-szokuje-wyznaniem-o-zdradzie-jak-bedzie-chciala-to-mnie-zdradzi\/mailto:plejada@redakcjaonet.pl\" id=\"de237247-b660-4536-8938-622e84ff29aa\" target=\"_blank\">plejada@redakcjaon<\/a><a href=\"https:\/\/et.pl\" id=\"dd01deaf-61d3-4b81-8d2e-5afbbc73390e\" rel=\"nofollow noopener\" target=\"_blank\">et.pl<\/a>.<\/p>\n<p><script async src=\"\/\/www.instagram.com\/embed.js\"><\/script><script async src=\"\/\/www.tiktok.com\/embed.js\"><\/script><\/p>\n","protected":false},"excerpt":{"rendered":"Po burzliwym rozstaniu z Katarzyn\u0105 Cichopek Marcin Hakiel odnalaz\u0142 szcz\u0119\u015bcie u boku Dominiki Serowskiej. Para doczeka\u0142a si\u0119 synka&hellip;\n","protected":false},"author":2,"featured_media":230824,"comment_status":"","ping_status":"","sticky":false,"template":"","format":"standard","meta":{"footnotes":""},"categories":[22],"tags":[1857,122,42025,1859,48,125,46,42,38,40,39,41,123,47],"class_list":{"0":"post-230823","1":"post","2":"type-post","3":"status-publish","4":"format-standard","5":"has-post-thumbnail","7":"category-rozrywka","8":"tag-dominika_serowska","9":"tag-entertainment","10":"tag-float_tst1","11":"tag-marcin_hakiel","12":"tag-nat_styl","13":"tag-newsy","14":"tag-omp","15":"tag-pl","16":"tag-poland","17":"tag-polish","18":"tag-polska","19":"tag-polski","20":"tag-rozrywka","21":"tag-screening_general"},"share_on_mastodon":{"url":"https:\/\/pubeurope.com\/@pl\/115975772105400485","error":""},"_links":{"self":[{"href":"https:\/\/www.europesays.com\/pl\/wp-json\/wp\/v2\/posts\/230823","targetHints":{"allow":["GET"]}}],"collection":[{"href":"https:\/\/www.europesays.com\/pl\/wp-json\/wp\/v2\/posts"}],"about":[{"href":"https:\/\/www.europesays.com\/pl\/wp-json\/wp\/v2\/types\/post"}],"author":[{"embeddable":true,"href":"https:\/\/www.europesays.com\/pl\/wp-json\/wp\/v2\/users\/2"}],"replies":[{"embeddable":true,"href":"https:\/\/www.europesays.com\/pl\/wp-json\/wp\/v2\/comments?post=230823"}],"version-history":[{"count":0,"href":"https:\/\/www.europesays.com\/pl\/wp-json\/wp\/v2\/posts\/230823\/revisions"}],"wp:featuredmedia":[{"embeddable":true,"href":"https:\/\/www.europesays.com\/pl\/wp-json\/wp\/v2\/media\/230824"}],"wp:attachment":[{"href":"https:\/\/www.europesays.com\/pl\/wp-json\/wp\/v2\/media?parent=230823"}],"wp:term":[{"taxonomy":"category","embeddable":true,"href":"https:\/\/www.europesays.com\/pl\/wp-json\/wp\/v2\/categories?post=230823"},{"taxonomy":"post_tag","embeddable":true,"href":"https:\/\/www.europesays.com\/pl\/wp-json\/wp\/v2\/tags?post=230823"}],"curies":[{"name":"wp","href":"https:\/\/api.w.org\/{rel}","templated":true}]}}