{"id":230833,"date":"2026-01-29T01:36:10","date_gmt":"2026-01-29T01:36:10","guid":{"rendered":"https:\/\/www.europesays.com\/pl\/230833\/"},"modified":"2026-01-29T01:36:10","modified_gmt":"2026-01-29T01:36:10","slug":"wstrzasajaca-relacja-z-sobolewa-prawniczka-uderza-w-urzednikow","status":"publish","type":"post","link":"https:\/\/www.europesays.com\/pl\/230833\/","title":{"rendered":"Wstrz\u0105saj\u0105ca relacja z Sobolewa. Prawniczka uderza w urz\u0119dnik\u00f3w"},"content":{"rendered":"<p class=\"Paragraph_desktopParagraph__U31Gm\">W ostatnich tygodniach <a href=\"https:\/\/plejada.pl\/temat\/doda-piosenkarka-dorota-rabczewska\/69zbzpz\" id=\"a56cfc2d-d932-41ce-a686-b237c3879a97\" rel=\"nofollow noopener\" target=\"_blank\">Doda<\/a> w\u0142\u0105czy\u0142a si\u0119 w pomoc bezdomnym zwierz\u0119tom. Nie tylko pomog\u0142a w przygotowaniu ich na niebezpieczne mrozy, lecz tak\u017ce nag\u0142o\u015bni\u0142a dramat rozgrywaj\u0105cy si\u0119 w schronisku &#8222;Happy Dog&#8221; w Sobolewie. W sobot\u0119, 24 stycznia, lekarz weterynarii podj\u0105\u0142 decyzj\u0119 o zamkni\u0119ciu plac\u00f3wki, a ludzie natychmiast ruszyli z pomoc\u0105 czworonogom.<\/p>\n<p class=\"Paragraph_desktopParagraph__U31Gm\">Przez ca\u0142\u0105 noc dzia\u0142ania zwi\u0105zane z dokumentowaniem tragedii ps\u00f3w prowadzi\u0142y m.in. DIOZ oraz Fundacja Judyta. Na miejscu obecna by\u0142a tak\u017ce adwokat Katarzyna Topczewska, kt\u00f3ra czuwa\u0142a nad prawid\u0142owym zabezpieczeniem zwierz\u0105t oraz dowod\u00f3w w sprawie.<\/p>\n<p class=\"Paragraph_desktopParagraph__U31Gm\">&#8222;To by\u0142a bardzo ci\u0119\u017cka noc. Pracowali\u015bmy w trudnych warunkach, bez jakiejkolwiek pomocy s\u0142u\u017cb. Nie mieli\u015bmy \u015bwiat\u0142a. By\u0142o przera\u017aliwie zimno. Nigdy nie widzia\u0142am tylu zl\u0119knionych ps\u00f3w sikaj\u0105cych ze strachu na widok cz\u0142owieka albo chowaj\u0105cych si\u0119 do wykopanych dziur, a wchodzi\u0142am to niejednego schroniska. By\u0107 mo\u017ce te kije ustawione obok boks\u00f3w t\u0142umacz\u0105, sk\u0105d ten przera\u017aliwy stan\u2026&#8221; \u2014 relacjonowa\u0142a w mediach spo\u0142eczno\u015bciowych.<\/p>\n<ul class=\"OchatFollowUps_wrapper__1ry7X\">\n<li class=\"OchatFollowUps_item__Dhyly OchatFollowUps_itemDesktop__R6aBv\">Jakie dzia\u0142ania podj\u0119\u0142a Doda w sprawie schroniska w Sobolewie?<\/li>\n<li class=\"OchatFollowUps_item__Dhyly OchatFollowUps_itemDesktop__R6aBv\">Co mia\u0142a na my\u015bli Katarzyna Topczewska, m\u00f3wi\u0105c o urz\u0119dniczej indolencji?<\/li>\n<li class=\"OchatFollowUps_item__Dhyly OchatFollowUps_itemDesktop__R6aBv\">Jakie zmiany w prawie proponuje Katarzyna Topczewska?<\/li>\n<li class=\"OchatFollowUps_item__Dhyly OchatFollowUps_itemDesktop__R6aBv\">Dlaczego zamkni\u0119cie schroniska wzbudzi\u0142o zainteresowanie najwy\u017cszych instytucji pa\u0144stwowych?<\/li>\n<\/ul>\n<p>Wstrz\u0105saj\u0105ca relacja z Sobolewa. Prawniczka apeluje o pilne dzia\u0142ania <\/p>\n<p class=\"Paragraph_desktopParagraph__U31Gm\">Katarzyna Topczewska nie pozostaje oboj\u0119tna na krzywd\u0119 zwierz\u0105t \u2014 otwarcie sprzeciwia\u0142a si\u0119 zawetowaniu tzw. ustawy \u0142a\u0144cuchowej i bra\u0142a udzia\u0142 w protestach przeciwko decyzji prezydenta. W rozmowie z Plejad\u0105 odnios\u0142a si\u0119 do tragedii czworonog\u00f3w w schronisku w Sobolewie.<\/p>\n<blockquote>\n<p class=\"Paragraph_desktopParagraph__U31Gm\">Sobolew sta\u0142 si\u0119 symbolem urz\u0119dniczej indolencji, znieczulicy i zwyk\u0142ego kolesiostwa. Przez lat kontrole Inspekcji Weterynaryjnej nie stwierdza\u0142y nieprawid\u0142owo\u015bci. W\u00f3jt dzier\u017cawi\u0142 gminny teren za \u015bmieszne pieni\u0105dze, nie widz\u0105c \u017cadnego problemu w tym, \u017ce od 2018 r. w\u0142a\u015bciciel schroniska ma postawione zarzuty za zn\u0119canie si\u0119 nad zwierz\u0119tami, a na swoim biurku mia\u0142 zdj\u0119cia zwierz\u0105t, kt\u00f3re tam umar\u0142y<\/p>\n<\/blockquote>\n<p class=\"Paragraph_desktopParagraph__U31Gm\">\u2014 Policja broni\u0142a tej twierdzy niedost\u0119pnej dla nikogo z zewn\u0105trz, uniemo\u017cliwiaj\u0105c organizacjom spo\u0142ecznym kontrol\u0119 tego miejsca. Lokalny uk\u0142ad, na kt\u00f3rym najbardziej cierpia\u0142y zwierz\u0119ta \u2014 twierdzi.<\/p>\n<p class=\"Paragraph_desktopParagraph__U31Gm\">Katarzyna Topczewska podkre\u015bli\u0142a, \u017ce dzi\u0119ki dzia\u0142aniu Dody, osoby rz\u0105dz\u0105ce zainteresowa\u0142y si\u0119 spraw\u0105.<\/p>\n<blockquote>\n<p class=\"Paragraph_desktopParagraph__U31Gm\">Trzeba by\u0142o nag\u0142o\u015bnienia sprawy przez Dod\u0119, \u017ceby zainteresowa\u0142y si\u0119 nim najwy\u017csze instytucje pa\u0144stwowe. Mam nadziej\u0119, \u017ce ta sprawa przys\u0142u\u017cy si\u0119 temu, \u017ce kontrole w tego rodzaju miejscach zaczn\u0105 by\u0107 w ko\u0144cu faktyczne i skuteczne, a nie iluzoryczne<\/p>\n<\/blockquote>\n<p class=\"Paragraph_desktopParagraph__U31Gm\">\u2014 Bo jak to mo\u017cliwe, \u017ce pracownicy inspekcji weterynaryjnej, kt\u00f3rzy s\u0105 lekarzami, nie widzieli \u017cadnych nieprawid\u0142owo\u015bci, kiedy my w sobot\u0119 i niedziel\u0119 podczas ewakuacji zwierz\u0105t, zabierali\u015bmy je z dziurawych bud, z nieleczonymi guzami wielko\u015bci pi\u0119\u015bci? \u2014 m\u00f3wi.<\/p>\n<p class=\"Paragraph_desktopParagraph__U31Gm\">Prawniczka wymienia, jakie zmiany w prawie powinny zaj\u015b\u0107, aby unikn\u0105\u0107 tragedii zwierz\u0105t w innych schroniskach.<\/p>\n<blockquote>\n<p class=\"Paragraph_desktopParagraph__U31Gm\">Potrzebne jest pilne wzmo\u017cenie kontroli, kt\u00f3re przed wszystkim powinny by\u0107 niezapowiedziane i zmiana przepis\u00f3w, aby schroniska nie mog\u0142y na zwierz\u0119tach zarabia\u0107, bo to zazwyczaj odbywa si\u0119 kosztem obni\u017cenia koszt\u00f3w opieki nad nimi. \u017beby gminy mia\u0142y obowi\u0105zek kontrolowania, co si\u0119 dzieje ze zwierz\u0119tami od momentu ich od\u0142owienia, do adopcji lub \u015bmierci w schronisku<\/p>\n<\/blockquote>\n<p class=\"Paragraph_desktopParagraph__U31Gm\">\u2014 Urz\u0119dnicy powinni kontrolowa\u0107 tego rodzaju miejsca, sprawdza\u0107 warunki bytowe przed podpisaniem umowy i w trakcie jej trwania, a nie wybiera\u0107 oferenta jedynie na podstawie najni\u017cszej stawki \u2014 podsumowuje.<\/p>\n<p><img decoding=\"async\" class=\"Image_image__0tuHp Image_autoHeight__f2n87 \" height=\"587\" width=\"880\" src=\"https:\/\/www.europesays.com\/pl\/wp-content\/uploads\/2026\/01\/A5jk9kpTURBXy9hN2I1YjlkNGFlZDJlYmFlYzlkNTIwOWFlODg3MjNjMy5qcGeSlQLNA6wAwsOVAgDNAkvCw94AA6EwAaExAaEzw.jpeg\" alt=\"Doda\" loading=\"lazy\" \/>MW Media<\/p>\n<p>Doda<\/p>\n<p class=\"Paragraph_desktopParagraph__U31Gm\">Dzi\u0119kujemy, \u017ce przeczyta\u0142a\u015b\/e\u015b nasz artyku\u0142 do ko\u0144ca. W serwisie Plejada.pl ka\u017cdego dnia piszemy o najwa\u017cniejszych wydarzeniach show-biznesowych. B\u0105d\u017a na bie\u017c\u0105co! <a rel=\"nofollow noopener\" href=\"https:\/\/news.google.com\/publications\/CAAiEF0PeAlb7W1llpV_mwV2rL4qFAgKIhBdD3gJW-1tZZaVf5sFdqy-?hl=pl&amp;gl=PL&amp;ceid=PL%3Apl\" id=\"31a0ee99-37f6-465a-a7b1-5833217dd3ce\" target=\"_blank\">Obserwuj<\/a> Plejad\u0119 w Google. Odwied\u017a nas tak\u017ce na <a rel=\"nofollow noopener\" href=\"https:\/\/www.facebook.com\/plejadapl\" id=\"00737606-fe91-44a9-80cd-85b87761bda4\" target=\"_blank\">Facebooku<\/a>, <a rel=\"nofollow noopener\" href=\"https:\/\/www.instagram.com\/plejadapl\/\" id=\"5b591958-14e7-4af0-8eec-62ceb2163828\" target=\"_blank\">Instagramie<\/a>, <a rel=\"nofollow noopener\" href=\"https:\/\/www.youtube.com\/c\/plejada\" id=\"955ab793-ccab-4f8c-9f3e-bf2ce9b530af\" target=\"_blank\">YouTubie<\/a> oraz <a rel=\"nofollow noopener\" href=\"https:\/\/www.tiktok.com\/@plejada_pl\" id=\"cf21860e-4fd0-4011-bf72-4ed71a851b33\" target=\"_blank\">TikToku<\/a>.<\/p>\n<p class=\"Paragraph_desktopParagraph__U31Gm\">Chcesz podzieli\u0107 si\u0119 ciekawym newsem lub zaproponowa\u0107 temat? Skontaktuj si\u0119 z nami, pisz\u0105c maila na adres: plejada@redakcjaonet.pl.<\/p>\n<p><script async src=\"\/\/www.instagram.com\/embed.js\"><\/script><script async src=\"\/\/www.tiktok.com\/embed.js\"><\/script><\/p>\n","protected":false},"excerpt":{"rendered":"W ostatnich tygodniach Doda w\u0142\u0105czy\u0142a si\u0119 w pomoc bezdomnym zwierz\u0119tom. Nie tylko pomog\u0142a w przygotowaniu ich na niebezpieczne&hellip;\n","protected":false},"author":2,"featured_media":230834,"comment_status":"","ping_status":"","sticky":false,"template":"","format":"standard","meta":{"footnotes":""},"categories":[22],"tags":[7104,122,67,53,52,68,51,55,42,38,40,39,41,123,39438,47,196,341,338,65,50],"class_list":{"0":"post-230833","1":"post","2":"type-post","3":"status-publish","4":"format-standard","5":"has-post-thumbnail","7":"category-rozrywka","8":"tag-doda_piosenkarka_dorota_rabczewska","9":"tag-entertainment","10":"tag-intextvideo_splayer","11":"tag-new_header","12":"tag-onet3","13":"tag-onet3d","14":"tag-onet3d_2i","15":"tag-phx","16":"tag-pl","17":"tag-poland","18":"tag-polish","19":"tag-polska","20":"tag-polski","21":"tag-rozrywka","22":"tag-schronisko","23":"tag-screening_general","24":"tag-styl_zycia","25":"tag-tylko_w_onecie","26":"tag-tylko_w_plejadzie","27":"tag-update_me","28":"tag-v2021"},"share_on_mastodon":{"url":"https:\/\/pubeurope.com\/@pl\/115975827139189210","error":""},"_links":{"self":[{"href":"https:\/\/www.europesays.com\/pl\/wp-json\/wp\/v2\/posts\/230833","targetHints":{"allow":["GET"]}}],"collection":[{"href":"https:\/\/www.europesays.com\/pl\/wp-json\/wp\/v2\/posts"}],"about":[{"href":"https:\/\/www.europesays.com\/pl\/wp-json\/wp\/v2\/types\/post"}],"author":[{"embeddable":true,"href":"https:\/\/www.europesays.com\/pl\/wp-json\/wp\/v2\/users\/2"}],"replies":[{"embeddable":true,"href":"https:\/\/www.europesays.com\/pl\/wp-json\/wp\/v2\/comments?post=230833"}],"version-history":[{"count":0,"href":"https:\/\/www.europesays.com\/pl\/wp-json\/wp\/v2\/posts\/230833\/revisions"}],"wp:featuredmedia":[{"embeddable":true,"href":"https:\/\/www.europesays.com\/pl\/wp-json\/wp\/v2\/media\/230834"}],"wp:attachment":[{"href":"https:\/\/www.europesays.com\/pl\/wp-json\/wp\/v2\/media?parent=230833"}],"wp:term":[{"taxonomy":"category","embeddable":true,"href":"https:\/\/www.europesays.com\/pl\/wp-json\/wp\/v2\/categories?post=230833"},{"taxonomy":"post_tag","embeddable":true,"href":"https:\/\/www.europesays.com\/pl\/wp-json\/wp\/v2\/tags?post=230833"}],"curies":[{"name":"wp","href":"https:\/\/api.w.org\/{rel}","templated":true}]}}