{"id":230956,"date":"2026-01-29T05:29:11","date_gmt":"2026-01-29T05:29:11","guid":{"rendered":"https:\/\/www.europesays.com\/pl\/230956\/"},"modified":"2026-01-29T05:29:11","modified_gmt":"2026-01-29T05:29:11","slug":"rekordowa-emerytura-mieszkaniec-slaska-otrzymuje-ponad-50-tys-zl-miesiecznie","status":"publish","type":"post","link":"https:\/\/www.europesays.com\/pl\/230956\/","title":{"rendered":"Rekordowa emerytura. Mieszkaniec \u015al\u0105ska otrzymuje ponad 50 tys. z\u0142 miesi\u0119cznie"},"content":{"rendered":"<p>Emerytalny rekordzista pobi\u0142 historyczny wynik<\/p>\n<p class=\"ods-c-paragraph \">Tak wysokiego \u015bwiadczenia Zak\u0142ad Ubezpiecze\u0144 Spo\u0142ecznych nie wyp\u0142aca\u0142 nigdy wcze\u015bniej. Rekord zosta\u0142 ustanowiony ju\u017c dwa lata temu, a po ostatniej waloryzacji emerytur w 2025 r. \u015bwiadczenie wzros\u0142o o 2677,04 z\u0142 \u2014 z 48 673,53 z\u0142 do obecnych 51 350,57 z\u0142.<\/p>\n<p class=\"ods-c-paragraph \">W 2026 r., przy prognozowanym wska\u017aniku waloryzacji na poziomie co najmniej 4,9 proc., najni\u017csza <a href=\"https:\/\/kobieta.onet.pl\/emerytury\" id=\"ac4cdf97-bb32-41a9-9ac0-822f41d75db4\" rel=\"nofollow noopener\" target=\"_blank\">emerytura<\/a> w Polsce wzro\u015bnie o 92,07 z\u0142 \u2014 z 1878,91 z\u0142 do 1970,98 z\u0142. Natomiast rekordowa emerytura mo\u017ce si\u0119gn\u0105\u0107 ju\u017c 53 866 z\u0142, czyli o ponad 2500 z\u0142 wi\u0119cej ni\u017c obecnie \u2014 czytamy w serwisie Biznes Interia.<\/p>\n<p>    Dalszy ci\u0105g artyku\u0142u pod materia\u0142em wideo    <\/p>\n<p> Ile wynosi najwy\u017csza emerytura w Polsce? <\/p>\n<p> Kto otrzymuje najwy\u017csz\u0105 emerytur\u0119? <\/p>\n<p> Jak d\u0142ugo pracowa\u0142 rekordzista emerytalny? <\/p>\n<p> Kiedy rekordzista przeszed\u0142 na emerytur\u0119? <\/p>\n<p>  Droga do wysokiej emerytury: d\u0142ugi sta\u017c i p\u00f3\u017ana decyzja<\/p>\n<p class=\"ods-c-paragraph \">ZUS podaje, \u017ce rekordzista pracowa\u0142 a\u017c 67 lat, a na emerytur\u0119 przeszed\u0142 ponad 20 lat po osi\u0105gni\u0119ciu powszechnego wieku emerytalnego dla m\u0119\u017cczyzn. To w\u0142a\u015bnie p\u00f3\u017aniejsze przej\u015bcie na emerytur\u0119 mia\u0142o kluczowe znaczenie dla wysoko\u015bci \u015bwiadczenia.<\/p>\n<p class=\"ods-c-paragraph \">Przeczytaj r\u00f3wnie\u017c: <\/p>\n<p class=\"ods-c-paragraph \">Im p\u00f3\u017aniej sk\u0142adany jest wniosek o emerytur\u0119, tym wi\u0119ksze \u015bwiadczenie \u2014 wynika z mechanizmu, wed\u0142ug kt\u00f3rego zgromadzony kapita\u0142 dzielony jest przez \u015bredni\u0105 liczb\u0119 miesi\u0119cy dalszego trwania \u017cycia. W przypadku rekordzisty, kt\u00f3ry przeszed\u0142 na emerytur\u0119 w wieku 86 lat, zgromadzone \u015brodki zosta\u0142y podzielone przez mniejsz\u0105 liczb\u0119 miesi\u0119cy ni\u017c gdyby zrobi\u0142 to wcze\u015bniej.<\/p>\n","protected":false},"excerpt":{"rendered":"Emerytalny rekordzista pobi\u0142 historyczny wynik Tak wysokiego \u015bwiadczenia Zak\u0142ad Ubezpiecze\u0144 Spo\u0142ecznych nie wyp\u0142aca\u0142 nigdy wcze\u015bniej. Rekord zosta\u0142 ustanowiony&hellip;\n","protected":false},"author":2,"featured_media":230957,"comment_status":"","ping_status":"","sticky":false,"template":"","format":"standard","meta":{"footnotes":""},"categories":[16],"tags":[113,112,29086,48,46,42,38,40,39,41,47,2058,4058],"class_list":{"0":"post-230956","1":"post","2":"type-post","3":"status-publish","4":"format-standard","5":"has-post-thumbnail","7":"category-biznes","8":"tag-biznes","9":"tag-business","10":"tag-emerytury_renty","11":"tag-nat_styl","12":"tag-omp","13":"tag-pl","14":"tag-poland","15":"tag-polish","16":"tag-polska","17":"tag-polski","18":"tag-screening_general","19":"tag-senior","20":"tag-waloryzacja"},"share_on_mastodon":{"url":"https:\/\/pubeurope.com\/@pl\/115976743299069136","error":""},"_links":{"self":[{"href":"https:\/\/www.europesays.com\/pl\/wp-json\/wp\/v2\/posts\/230956","targetHints":{"allow":["GET"]}}],"collection":[{"href":"https:\/\/www.europesays.com\/pl\/wp-json\/wp\/v2\/posts"}],"about":[{"href":"https:\/\/www.europesays.com\/pl\/wp-json\/wp\/v2\/types\/post"}],"author":[{"embeddable":true,"href":"https:\/\/www.europesays.com\/pl\/wp-json\/wp\/v2\/users\/2"}],"replies":[{"embeddable":true,"href":"https:\/\/www.europesays.com\/pl\/wp-json\/wp\/v2\/comments?post=230956"}],"version-history":[{"count":0,"href":"https:\/\/www.europesays.com\/pl\/wp-json\/wp\/v2\/posts\/230956\/revisions"}],"wp:featuredmedia":[{"embeddable":true,"href":"https:\/\/www.europesays.com\/pl\/wp-json\/wp\/v2\/media\/230957"}],"wp:attachment":[{"href":"https:\/\/www.europesays.com\/pl\/wp-json\/wp\/v2\/media?parent=230956"}],"wp:term":[{"taxonomy":"category","embeddable":true,"href":"https:\/\/www.europesays.com\/pl\/wp-json\/wp\/v2\/categories?post=230956"},{"taxonomy":"post_tag","embeddable":true,"href":"https:\/\/www.europesays.com\/pl\/wp-json\/wp\/v2\/tags?post=230956"}],"curies":[{"name":"wp","href":"https:\/\/api.w.org\/{rel}","templated":true}]}}