{"id":230966,"date":"2026-01-29T05:39:08","date_gmt":"2026-01-29T05:39:08","guid":{"rendered":"https:\/\/www.europesays.com\/pl\/230966\/"},"modified":"2026-01-29T05:39:08","modified_gmt":"2026-01-29T05:39:08","slug":"jaja-to-malo-powiedziane-internet-plonie-po-meczu-realu","status":"publish","type":"post","link":"https:\/\/www.europesays.com\/pl\/230966\/","title":{"rendered":"&#8222;Jaja to ma\u0142o powiedziane&#8221;. Internet p\u0142onie po meczu Realu"},"content":{"rendered":"\n<p class=\"contentpart contentpart--default contentpart--text\" data-position=\"0\">Ukrai\u0144ski bramkarz <a href=\"https:\/\/sportowefakty.wp.pl\/pilka-nozna\/benfica-lizbona\" rel=\"nofollow noopener\" target=\"_blank\">Benfiki<\/a> &#8211;\u00a0<a href=\"https:\/\/sportowefakty.wp.pl\/pilka-nozna\/anatolij-trubin\" rel=\"nofollow noopener\" target=\"_blank\">Anatolij Trubin<\/a>\u00a0&#8211; w ostatniej akcji meczu z <a href=\"https:\/\/sportowefakty.wp.pl\/pilka-nozna\/real-madryt\" rel=\"nofollow noopener\" target=\"_blank\">Realem Madryt<\/a>\u00a0strza\u0142em g\u0142ow\u0105 trafi\u0142 do siatki, ustalaj\u0105c wynik na (4:2 &#8211; <a href=\"https:\/\/sportowefakty.wp.pl\/pilka-nozna\/1231680\/szalony-mecz-benfiki-z-realem-gol-bramkarza-w-ostatniej-minucie-dal-awans\" rel=\"nofollow noopener\" target=\"blank\">WI\u0118CEJ TUTAJ<\/a>) i rzutem na ta\u015bm\u0119 zapewniaj\u0105c swojej dru\u017cynie awans do fazy play-off Ligi Mistrz\u00f3w.<\/p>\n<p class=\"contentpart contentpart--default contentpart--text\" data-position=\"1\">Eksperci na platformie X oszaleli z zachwytu i niedowierzania. Zapraszamy na przegl\u0105d najlepszych wpis\u00f3w po tym epickim wieczorze w Lizbonie.<\/p>\n<p>  <img decoding=\"async\" src=\"https:\/\/v.wpimg.pl\/X3dwLnN2d1IFFTpdYUl6R0ZNbgcnEHQREVV2TGEGbUtRT2MdOlZ2RBQUKABgQjQcDRotCStBd1IAAWMeIlM7VgwYIAorQAdEFFk_GCkQJQ\" alt=\"\" width=\"45\" height=\"58\" loading=\"lazy\"\/>  <\/p>\n<p class=\"contentpart contentpart--default contentpart--text\" data-position=\"2\">ZOBACZ WIDEO: #dziejesiewsporcie: Co za gol! O ma\u0142o nie przewr\u00f3ci\u0142 bramki<\/p>\n<p class=\"contentpart contentpart--default contentpart--text\" data-position=\"4\">Micha\u0142 Pol (Kana\u0142 Sportowy) nie kry\u0142 ekscytacji scenariuszem, jaki napisa\u0142 ten mecz. Podkre\u015bli\u0142 dramaturgi\u0119 98. minuty: &#8222;Furioza Benfiki! Co za sceny! Bramkarz Trubin leci do przodu w 98. minucie i strzela gola Realowi na 4:2 i daje awans Benfice! Real w bara\u017cach! Football Bloody hell!&#8221;.<\/p>\n<p class=\"contentpart contentpart--default contentpart--text\" data-position=\"5\">Miko\u0142aj Kruk (Eleven Sports, Meczyki.pl) i Piotr Dumanowski (Eleven Sports) zwr\u00f3cili uwag\u0119 na posta\u0107 trenera gospodarzy. <a href=\"https:\/\/sportowefakty.wp.pl\/pilka-nozna\/jose-mourinho\" rel=\"nofollow noopener\" target=\"_blank\">Jose Mourinho<\/a> zn\u00f3w pokaza\u0142, \u017ce w meczach o wielk\u0105 stawk\u0119 potrafi wyczarowa\u0107 co\u015b z niczego.<\/p>\n<p class=\"contentpart contentpart--default contentpart--text\" data-position=\"6\">Kruk skomentowa\u0142: &#8222;Jaja to ma\u0142o powiedziane! Trubin du\u017cy, Mou znowu wielki&#8221;, a Dumanowski doda\u0142: &#8222;Gol bramkarza na wag\u0119 awansu! Jose \u017cyje!\u00a0Sceny w Lizbonie!&#8221;.<\/p>\n<p>  <img decoding=\"async\" src=\"https:\/\/v.wpimg.pl\/X3dwLnN2d1IFFTpdYUl6R0ZNbgcnEHQREVV2TGEGbUtRT2MdOlZ2RBQUKABgQjQcDRotCStBd1IAAWMeIlM7VgwYIAorQAdEFFk_GCkQJQ\" alt=\"\" width=\"45\" height=\"58\" loading=\"lazy\"\/>  <\/p>\n<p class=\"contentpart contentpart--default contentpart--text\" data-position=\"7\">Krzysztof Marciniak z Canal+ Sport wypunktowa\u0142, jak bardzo ten wiecz\u00f3r by\u0142 kosztowny dla Realu. Zjazd w tabeli jest spektakularny. &#8222;Real vs Benfica lub Bodo\/Glimt w play-offach. Zaczynali ten wiecz\u00f3r na trzecim miejscu, osun\u0119li si\u0119 na 9. Ostatniego gola strzeli\u0142 im bramkarz&#8230; Koszmarny wiecz\u00f3r Kr\u00f3lewskich&#8221; &#8211; podkre\u015bli\u0142 dziennikarz.<\/p>\n<p class=\"contentpart contentpart--default contentpart--text\" data-position=\"8\">Rados\u0142aw Przybysz (Meczyki.pl) zauwa\u017cy\u0142, \u017ce nowy system rozgrywek dostarcza emocji, o jakich wcze\u015bniej mogli\u015bmy tylko pomarzy\u0107: &#8222;Gol bramkarza na 4:2 w ostatniej akcji, chocia\u017c jego dru\u017cyna prowadzi\u0142a z Realem Madryt. Chyba jednak spoko ten format LM&#8221;.<\/p>\n<p class=\"contentpart contentpart--default contentpart--text\" data-position=\"9\">Nie zabrak\u0142o te\u017c szpilek wbitych w dru\u017cyn\u0119 z Madrytu. <a href=\"https:\/\/sportowefakty.wp.pl\/pilka-nozna\/wojciech-kowalczyk\" rel=\"nofollow noopener\" target=\"_blank\">Wojciech Kowalczyk<\/a>\u00a0w swoim stylu zadrwi\u0142 z &#8222;dodatkowych atrakcji&#8221;, jakie zafundowali sobie &#8222;Kr\u00f3lewscy&#8221;. &#8222;Dobr\u0105 informacj\u0105 jest to, \u017ce Real sobie do\u0142o\u017cy\u0142 dwa mecze wi\u0119cej graj\u0105c pi\u0119kn\u0105 pi\u0142k\u0119&#8221; &#8211; podsumowa\u0142.<\/p>\n<p class=\"contentpart contentpart--default contentpart--text\" data-position=\"10\">Z kolei komentator Rafa\u0142 Wolski zwr\u00f3ci\u0142 si\u0119 bezpo\u015brednio do prezesa <a href=\"https:\/\/sportowefakty.wp.pl\/pilka-nozna\/florentino-perez\" rel=\"nofollow noopener\" target=\"_blank\">Florentino Pereza<\/a>, wytykaj\u0105c Realowi brak stylu w por\u00f3wnaniu do walecznej Benfiki: &#8222;By\u0142oby mi\u0142o, gdyby Real potrafi\u0142 gra\u0107 jak Benfica. 2026, stycze\u0144, pisze sympatyk Realu. Takie fakty, Panie Perez, a m\u00f3j fach to m\u00f3wi\u0107, jak jest. I nic wi\u0119cej&#8221;.<\/p>\n","protected":false},"excerpt":{"rendered":"Ukrai\u0144ski bramkarz Benfiki &#8211;\u00a0Anatolij Trubin\u00a0&#8211; w ostatniej akcji meczu z Realem Madryt\u00a0strza\u0142em g\u0142ow\u0105 trafi\u0142 do siatki, ustalaj\u0105c wynik&hellip;\n","protected":false},"author":2,"featured_media":230967,"comment_status":"","ping_status":"","sticky":false,"template":"","format":"standard","meta":{"footnotes":""},"categories":[5],"tags":[42158,32,33,693,36,37,27,34,35,270,1159,28,31,25,269,42,38,40,39,41,988,692,498,29,30,415,26],"class_list":{"0":"post-230966","1":"post","2":"type-post","3":"status-publish","4":"format-standard","5":"has-post-thumbnail","7":"category-naglowki","8":"tag-anatolij-trubin","9":"tag-breaking-news","10":"tag-breakingnews","11":"tag-europejskie-puchary","12":"tag-featured-news","13":"tag-featurednews","14":"tag-headlines","15":"tag-latest-news","16":"tag-latestnews","17":"tag-liga-mistrzow","18":"tag-lizbona","19":"tag-naglowki","20":"tag-najwazniejsze-artykuly","21":"tag-news","22":"tag-pilka-nozna","23":"tag-pl","24":"tag-poland","25":"tag-polish","26":"tag-polska","27":"tag-polski","28":"tag-portugalia","29":"tag-real-madryt","30":"tag-sl-benfica","31":"tag-top-stories","32":"tag-topstories","33":"tag-ukraina","34":"tag-wiadomosci"},"share_on_mastodon":{"url":"https:\/\/pubeurope.com\/@pl\/115976782691057888","error":""},"_links":{"self":[{"href":"https:\/\/www.europesays.com\/pl\/wp-json\/wp\/v2\/posts\/230966","targetHints":{"allow":["GET"]}}],"collection":[{"href":"https:\/\/www.europesays.com\/pl\/wp-json\/wp\/v2\/posts"}],"about":[{"href":"https:\/\/www.europesays.com\/pl\/wp-json\/wp\/v2\/types\/post"}],"author":[{"embeddable":true,"href":"https:\/\/www.europesays.com\/pl\/wp-json\/wp\/v2\/users\/2"}],"replies":[{"embeddable":true,"href":"https:\/\/www.europesays.com\/pl\/wp-json\/wp\/v2\/comments?post=230966"}],"version-history":[{"count":0,"href":"https:\/\/www.europesays.com\/pl\/wp-json\/wp\/v2\/posts\/230966\/revisions"}],"wp:featuredmedia":[{"embeddable":true,"href":"https:\/\/www.europesays.com\/pl\/wp-json\/wp\/v2\/media\/230967"}],"wp:attachment":[{"href":"https:\/\/www.europesays.com\/pl\/wp-json\/wp\/v2\/media?parent=230966"}],"wp:term":[{"taxonomy":"category","embeddable":true,"href":"https:\/\/www.europesays.com\/pl\/wp-json\/wp\/v2\/categories?post=230966"},{"taxonomy":"post_tag","embeddable":true,"href":"https:\/\/www.europesays.com\/pl\/wp-json\/wp\/v2\/tags?post=230966"}],"curies":[{"name":"wp","href":"https:\/\/api.w.org\/{rel}","templated":true}]}}