{"id":230988,"date":"2026-01-29T05:59:07","date_gmt":"2026-01-29T05:59:07","guid":{"rendered":"https:\/\/www.europesays.com\/pl\/230988\/"},"modified":"2026-01-29T05:59:07","modified_gmt":"2026-01-29T05:59:07","slug":"kaczynski-zapomina-o-najwazniejszej-rzeczy","status":"publish","type":"post","link":"https:\/\/www.europesays.com\/pl\/230988\/","title":{"rendered":"Kaczy\u0144ski zapomina o najwa\u017cniejszej rzeczy"},"content":{"rendered":"\n<p>&#13;<br \/>\nO ostatnie wypowiedzi Jaros\u0142awa Kaczy\u0144skiego pod\u00a0adresem Konfederacji Anna Bry\u0142ka zosta\u0142a zapytana w\u00a0\u015brod\u0119 w\u00a0programie Super Expressu &#8222;Poranny Ring&#8221;. &#13;\n<\/p>\n<p>Bry\u0142ka odpowiada Kaczy\u0144skiemu. &#8222;Jest w\u00a0bardzo du\u017cym b\u0142\u0119dzie&#8221;<\/p>\n<p>&#13;<br \/>\n\u2013 Prezes Kaczy\u0144ski zapomina o\u00a0jednej rzeczy, najwa\u017cniejszej to\u00a0znaczy, \u017ce\u00a0dzi\u0119ki wyborcom S\u0142awomira Mentzena Karol Nawrocki jest dzisiaj prezydentem Polski \u2013\u00a0podkre\u015bli\u0142a europos\u0142anka. &#13;\n<\/p>\n<p>&#13;<br \/>\nPolityk Konfederacji mia\u0142a jeszcze jedn\u0105 uwag\u0119 do\u00a0lidera Prawa i\u00a0Sprawiedliwo\u015bci. \u2013Prezes Kaczy\u0144ski jest naprawd\u0119 w\u00a0du\u017cym b\u0142\u0119dzie, my\u015bl\u0105c, \u017ce\u00a0takimi wypowiedziami, zbli\u017cy\u0107 si\u0119 czy\u00a0rozbi\u0107 Konfederacj\u0119. Gdyby Konfederacja mia\u0142a si\u0119 rozpa\u015b\u0107 albo mia\u0142o doj\u015b\u0107 do\u00a0rozbicia z\u00a0zewn\u0105trz, to\u00a0to by\u00a0si\u0119 ju\u017c dawno wydarzy\u0142o \u2013\u00a0wskaza\u0142a Bry\u0142ka. &#13;\n<\/p>\n<p>Kaczy\u0144ski uderza w\u00a0Brauna i\u00a0Mentzena<\/p>\n<p>&#13;<br \/>\nPrezes Prawa i\u00a0Sprawiedliwo\u015bci pojawi\u0142 si\u0119 w\u00a0niedziel\u0119 w\u00a0Skar\u017cysku-Kamiennej (woj. \u015bwi\u0119tokrzyskie), gdzie wzi\u0105\u0142 udzia\u0142 w\u00a0spotkaniu z\u00a0wyborcami i\u00a0dzia\u0142aczami partii w\u00a0ramach kampanii &#8222;Czas Polski. Program Polak\u00f3w&#8221;. W\u00a0wyg\u0142oszonym tam wyst\u0105pieniu por\u00f3wna\u0142 Grzegorza Brauna do\u00a0W\u0142adimira Putina i\u00a0wykluczy\u0142 zawarcie z\u00a0nim koalicji po\u00a0wyborach. Nieco \u0142agodniej, acz nie\u00a0do\u00a0ko\u0144ca pozytywnie lider PiS m\u00f3wi\u0142 o\u00a0liderach Konfederacji S\u0142awomirze Mentzenie i\u00a0Krzysztofie Bosaku. &#13;\n<\/p>\n<p>&#13;<br \/>\n\u2013 Z\u00a0t\u0105 drug\u0105 Konfederacj\u0105 mo\u017cna rozmawia\u0107, chocia\u017c tam jest Mentzen, kt\u00f3ry g\u0142osi darwinizm spo\u0142eczny: p\u0142atne szko\u0142y, p\u0142atna s\u0142u\u017cba zdrowia \u2013\u00a0przekonywa\u0142 lider PiS. \u2013\u00a0Pomys\u0142 prywatyzacji las\u00f3w. Mentzen m\u00f3wi\u0142 to\u00a0prywatnie premierowi Morawieckiemu. To\u00a0znaczy, \u017ce\u00a0przeci\u0119tny cz\u0142owiek nie\u00a0b\u0119dzie m\u00f3g\u0142 sobie po\u00a0prostu wej\u015b\u0107 do\u00a0lasu. (&#8230;) Lasy maj\u0105 ogromn\u0105 warto\u015b\u0107 jako gwarancja dla\u00a0kredyt\u00f3w. Kr\u00f3tko m\u00f3wi\u0105c, mo\u017cna ogromne sumy po\u017cyczy\u0107 pod\u00a0zastaw las\u00f3w, a\u00a0p\u00f3\u017aniej wcale ich nie\u00a0zwr\u00f3ci\u0107, wtedy lasy zostan\u0105 zabrane \u2013\u00a0kontynuowa\u0142. \u2013\u00a0Gdyby realizowa\u0107 taki program, to\u00a0Polska by\u00a0si\u0119 rozsypa\u0142a. Polacy nie\u00a0zgodziliby si\u0119 na\u00a0to, \u017ceby nie\u00a0mie\u0107 bezp\u0142atnej s\u0142u\u017cby zdrowia, o\u015bwiaty, nie\u00a0p\u00f3j\u015b\u0107 do\u00a0lasu i\u00a0do tego pewnie p\u0142aci\u0107 r\u00f3wne podatki, wszystko jedno, czy\u00a0kto\u015b zarabia miesi\u0119cznie milion, czy\u00a03600 z\u0142otych \u2013\u00a0oznajmi\u0142. Kaczy\u0144ski stwierdzi\u0142 ponadto, \u017ce\u00a0&#8222;tak na\u00a0powa\u017cnie zostaje Bosak i\u00a0jego grupa narodowa&#8221;. \u2013Te\u017c w\u00a0niekt\u00f3rych sprawach si\u0119 r\u00f3\u017cnimy, ale\u00a0jak jest sojusz, to\u00a0zawsze sojusznicy jako\u015b si\u0119 r\u00f3\u017cni\u0105 i\u00a0musz\u0105 jako\u015b si\u0119 porozumie\u0107 \u2013\u00a0podsumowa\u0142. &#13;\n<\/p>\n<p>&#13;<br \/>\nCzytaj te\u017c:<br \/><a href=\"https:\/\/dorzeczy.pl\/kraj\/838091\/goraco-na-linii-pis-konfederacja-tacy-twardziele-jestescie.html\" rel=\"follow nofollow noopener\" data-schema=\"DORZECZY\" data-image=\"https:\/\/img.dorzeczy.pl\/_thumb\/f4\/1c\/eb84704b3bfe5b6689fbfee0202d.jpeg\" target=\"_blank\">Gor\u0105co na\u00a0linii PiS \u2013\u00a0Konfederacja. &#8222;Tacy twardziele jeste\u015bcie&#8221;<\/a>Czytaj te\u017c:<br \/><a href=\"https:\/\/dorzeczy.pl\/kraj\/837233\/to-dlatego-pis-zmienil-ton-ws-brauna-w-tle-wazne-spotkanie.html\" rel=\"follow nofollow noopener\" data-schema=\"DORZECZY\" data-image=\"https:\/\/img.dorzeczy.pl\/_thumb\/06\/ab\/be99bddb8a8d0fcd0a777143cee1.jpeg\" target=\"_blank\">Kaczy\u0144ski dosta\u0142 ultimatum od\u00a0Amerykan\u00f3w. Chodzi o\u00a0Brauna<\/a>Czytaj te\u017c:<br \/><a href=\"https:\/\/dorzeczy.pl\/kraj\/835166\/opublikowala-liste-slug-narodu-ukrainskiego-oto-nazwiska.html\" rel=\"follow nofollow noopener\" data-schema=\"DORZECZY\" data-image=\"https:\/\/img.dorzeczy.pl\/_thumb\/ax\/xc\/d1968b35e0ba031333c47210a036.jpeg\" target=\"_blank\">Opublikowa\u0142a list\u0119 &#8222;s\u0142ug narodu ukrai\u0144skiego&#8221;. Oto nazwiska<\/a>&#13;<\/p>\n","protected":false},"excerpt":{"rendered":"&#13; O ostatnie wypowiedzi Jaros\u0142awa Kaczy\u0144skiego pod\u00a0adresem Konfederacji Anna Bry\u0142ka zosta\u0142a zapytana w\u00a0\u015brod\u0119 w\u00a0programie Super Expressu &#8222;Poranny Ring&#8221;.&hellip;\n","protected":false},"author":2,"featured_media":230989,"comment_status":"","ping_status":"","sticky":false,"template":"","format":"standard","meta":{"footnotes":""},"categories":[12],"tags":[97,32,33,98,36,37,27,8526,1006,49,34,35,28,31,25,103,102,42,38,40,39,41,29,30,26],"class_list":{"0":"post-230988","1":"post","2":"type-post","3":"status-publish","4":"format-standard","5":"has-post-thumbnail","7":"category-polska","8":"tag-anna-brylka","9":"tag-breaking-news","10":"tag-breakingnews","11":"tag-dorzeczy","12":"tag-featured-news","13":"tag-featurednews","14":"tag-headlines","15":"tag-jaroslaw-kaczynski","16":"tag-konfederacja","17":"tag-kraj","18":"tag-latest-news","19":"tag-latestnews","20":"tag-naglowki","21":"tag-najwazniejsze-artykuly","22":"tag-news","23":"tag-obserwator-mediow","24":"tag-opinie","25":"tag-pl","26":"tag-poland","27":"tag-polish","28":"tag-polska","29":"tag-polski","30":"tag-top-stories","31":"tag-topstories","32":"tag-wiadomosci"},"share_on_mastodon":{"url":"https:\/\/pubeurope.com\/@pl\/115976861315238850","error":""},"_links":{"self":[{"href":"https:\/\/www.europesays.com\/pl\/wp-json\/wp\/v2\/posts\/230988","targetHints":{"allow":["GET"]}}],"collection":[{"href":"https:\/\/www.europesays.com\/pl\/wp-json\/wp\/v2\/posts"}],"about":[{"href":"https:\/\/www.europesays.com\/pl\/wp-json\/wp\/v2\/types\/post"}],"author":[{"embeddable":true,"href":"https:\/\/www.europesays.com\/pl\/wp-json\/wp\/v2\/users\/2"}],"replies":[{"embeddable":true,"href":"https:\/\/www.europesays.com\/pl\/wp-json\/wp\/v2\/comments?post=230988"}],"version-history":[{"count":0,"href":"https:\/\/www.europesays.com\/pl\/wp-json\/wp\/v2\/posts\/230988\/revisions"}],"wp:featuredmedia":[{"embeddable":true,"href":"https:\/\/www.europesays.com\/pl\/wp-json\/wp\/v2\/media\/230989"}],"wp:attachment":[{"href":"https:\/\/www.europesays.com\/pl\/wp-json\/wp\/v2\/media?parent=230988"}],"wp:term":[{"taxonomy":"category","embeddable":true,"href":"https:\/\/www.europesays.com\/pl\/wp-json\/wp\/v2\/categories?post=230988"},{"taxonomy":"post_tag","embeddable":true,"href":"https:\/\/www.europesays.com\/pl\/wp-json\/wp\/v2\/tags?post=230988"}],"curies":[{"name":"wp","href":"https:\/\/api.w.org\/{rel}","templated":true}]}}