{"id":231051,"date":"2026-01-29T06:42:20","date_gmt":"2026-01-29T06:42:20","guid":{"rendered":"https:\/\/www.europesays.com\/pl\/231051\/"},"modified":"2026-01-29T06:42:20","modified_gmt":"2026-01-29T06:42:20","slug":"wiadomosci-szczecin-jak-bedzie-wygladala-komunikacja-tramwajowa-w-czwartek","status":"publish","type":"post","link":"https:\/\/www.europesays.com\/pl\/231051\/","title":{"rendered":"Wiadomo\u015bci Szczecin &#8211; Jak b\u0119dzie wygl\u0105da\u0142a komunikacja tramwajowa w czwartek?"},"content":{"rendered":"<p>Po wieczornym spotkaniu\u00a0 przedstawicieli Tramwaj\u00f3w Szczeci\u0144skich i ZDiTM z zast\u0119pc\u0105 prezydenta Szczecina \u0141ukaszem Kad\u0142ubowskim ustalenia s\u0105 nast\u0119puj\u0105ce. Priorytetem na dzisiejsze wiecz\u00f3r i noc jest udro\u017cnienie i utrzymanie przejezdno\u015bci wszystkich trakcji tramwajowych na Lewobrze\u017cu (za wyj\u0105tkiem ul. Jana z Kolna).<br \/>&#13;<br \/>\n\u00a0<\/p>\n<blockquote><p>&#13;<\/p>\n<p>&#8211; Dzi\u015b do p\u00f3\u0142nocy ten cel ma zosta\u0107 osi\u0105gni\u0119ty.\u00a0M.in\u00a0do godz. 20 maj\u0105 by\u0107 przejezdne ulice Arko\u0144ska, Niemierzy\u0144ska, aleje Piast\u00f3w i Powsta\u0144c\u00f3w Wielkopolskich. P\u00f3\u017aniej Mickiewicza i \u017bo\u0142nierska &#8211;\u00a0 informuje Wojciech Jachim, rzecznik sp\u00f3\u0142ki Tramwaje Szczeci\u0144skie.<\/p>\n<p>&#13;\n<\/p><\/blockquote>\n<p>\u00a0<\/p>\n<p>Czy uda si\u0119 utrzyma\u0107 przejezdno\u015b\u0107 Lewobrze\u017ca do godziny 4:30, kiedy ruszaj\u0105 pierwsze tramwaje z zajezdni?<\/p>\n<p>Po do\u015bwiadczeniach z wczorajszej nocy takiego zapewniania nie ma. Ale pracownicy Tramwaj\u00f3w Szczeci\u0144skich przez ca\u0142\u0105 noc b\u0119d\u0105 prowadzi\u0107 akcj\u0119 utrzymania trakcji Lewobrze\u017ca w gotowo\u015bci do zasilania tramwaj\u00f3w w energi\u0119.<\/p>\n<p>Do godziny drugiej cztery techniczne enki b\u0119d\u0105 non stop przemierza\u0107 torowiska po to, by ich pantografy \u015bciera\u0142y tworz\u0105ce si\u0119 ewentualne zalodzenie trakcji. Potem ich rol\u0119 przejm\u0105 wytypowane tramwaje liniowe,\u00a0m.in\u00a0dwukierunkowe Bety na trasie &#8222;czw\u00f3rki&#8221;.<\/p>\n<p>&#13;<br \/>\nOdpowied\u017a na pytanie, kt\u00f3re linie tramwajowe, w jakim zakresie zostan\u0105 uruchomione w czwartek, b\u0119dzie znana najp\u00f3\u017aniej o godz. 4, kiedy <a href=\"https:\/\/www.zditm.szczecin.pl\/pl\/pasazer\/informacje\" rel=\"nofollow noopener\" target=\"_blank\">na stronie internetowej ZDiTM pojawi si\u0119 aktualny komunikat<\/a> na ten temat.<\/p>\n<blockquote><p>&#13;<\/p>\n<p>&#8211; Na pewno w czwartek tramwaje nie b\u0119d\u0105 przeje\u017cd\u017ca\u0107 przez Most D\u0142ugi w kierunku Prawobrze\u017ca &#8211; m\u00f3wi Wojciech Jachim. &#8211; Komunikacja miejska Prawobrze\u017ce &#8211; Lewobrze\u017ce b\u0119dzie oparta wy\u0142\u0105cznie o autobusy &#8211; liniowe i zast\u0119pcze.\u00a0Wariant najbardziej optymistyczny jest taki, \u017ce ca\u0142e Lewobrze\u017ce b\u0119dzie tramwajowo funkcjonowa\u0107 prawie normalnie. Prawie, poniewa\u017c linie z ko\u0144c\u00f3wk\u0105 na Turkusowej si\u0142\u0105 rzeczy b\u0119d\u0105 mia\u0142y zmienione trasy.<\/p>\n<p>&#13;\n<\/p><\/blockquote>\n<p>Tak jak dzisiaj, sytuacja w czwartek mo\u017ce si\u0119 zmienia\u0107 w ci\u0105gu dnia. Ewentualne <a href=\"https:\/\/www.zditm.szczecin.pl\/pl\/pasazer\/informacje\" rel=\"nofollow noopener\" target=\"_blank\">zmiany b\u0119d\u0105 na bie\u017c\u0105c\u0105 komunikowane na stronie ZDiTM.<\/a> Mo\u017cna tak\u017ce liczy\u0107 na wsparcie informacyjne pracownik\u00f3w ZDiTM, kt\u00f3rzy w godzinach szczytu b\u0119d\u0105 do dyspozycji pasa\u017cer\u00f3w na kluczowych w\u0119z\u0142ach komunikacyjnych .<\/p>\n","protected":false},"excerpt":{"rendered":"Po wieczornym spotkaniu\u00a0 przedstawicieli Tramwaj\u00f3w Szczeci\u0144skich i ZDiTM z zast\u0119pc\u0105 prezydenta Szczecina \u0141ukaszem Kad\u0142ubowskim ustalenia s\u0105 nast\u0119puj\u0105ce. Priorytetem&hellip;\n","protected":false},"author":2,"featured_media":231052,"comment_status":"","ping_status":"","sticky":false,"template":"","format":"standard","meta":{"footnotes":""},"categories":[5],"tags":[32,33,36,37,27,1051,34,35,42167,42166,28,31,25,42,38,40,39,41,29,30,41984,40592,26,42018,41747],"class_list":{"0":"post-231051","1":"post","2":"type-post","3":"status-publish","4":"format-standard","5":"has-post-thumbnail","7":"category-naglowki","8":"tag-breaking-news","9":"tag-breakingnews","10":"tag-featured-news","11":"tag-featurednews","12":"tag-headlines","13":"tag-komunikacja-miejska","14":"tag-latest-news","15":"tag-latestnews","16":"tag-lewobrzeze","17":"tag-lukasz-kadlubowski","18":"tag-naglowki","19":"tag-najwazniejsze-artykuly","20":"tag-news","21":"tag-pl","22":"tag-poland","23":"tag-polish","24":"tag-polska","25":"tag-polski","26":"tag-top-stories","27":"tag-topstories","28":"tag-tramwaje-szczecin","29":"tag-tramwaje-szczecinskie","30":"tag-wiadomosci","31":"tag-zditm","32":"tag-zima-2025-2026"},"share_on_mastodon":{"url":"https:\/\/pubeurope.com\/@pl\/115977030509230545","error":""},"_links":{"self":[{"href":"https:\/\/www.europesays.com\/pl\/wp-json\/wp\/v2\/posts\/231051","targetHints":{"allow":["GET"]}}],"collection":[{"href":"https:\/\/www.europesays.com\/pl\/wp-json\/wp\/v2\/posts"}],"about":[{"href":"https:\/\/www.europesays.com\/pl\/wp-json\/wp\/v2\/types\/post"}],"author":[{"embeddable":true,"href":"https:\/\/www.europesays.com\/pl\/wp-json\/wp\/v2\/users\/2"}],"replies":[{"embeddable":true,"href":"https:\/\/www.europesays.com\/pl\/wp-json\/wp\/v2\/comments?post=231051"}],"version-history":[{"count":0,"href":"https:\/\/www.europesays.com\/pl\/wp-json\/wp\/v2\/posts\/231051\/revisions"}],"wp:featuredmedia":[{"embeddable":true,"href":"https:\/\/www.europesays.com\/pl\/wp-json\/wp\/v2\/media\/231052"}],"wp:attachment":[{"href":"https:\/\/www.europesays.com\/pl\/wp-json\/wp\/v2\/media?parent=231051"}],"wp:term":[{"taxonomy":"category","embeddable":true,"href":"https:\/\/www.europesays.com\/pl\/wp-json\/wp\/v2\/categories?post=231051"},{"taxonomy":"post_tag","embeddable":true,"href":"https:\/\/www.europesays.com\/pl\/wp-json\/wp\/v2\/tags?post=231051"}],"curies":[{"name":"wp","href":"https:\/\/api.w.org\/{rel}","templated":true}]}}