{"id":231057,"date":"2026-01-29T06:48:15","date_gmt":"2026-01-29T06:48:15","guid":{"rendered":"https:\/\/www.europesays.com\/pl\/231057\/"},"modified":"2026-01-29T06:48:15","modified_gmt":"2026-01-29T06:48:15","slug":"mrozny-antycyklon-rozpycha-sie-w-nasza-strone-dzis-zima-opanuje-wiekszosc-polski-onet","status":"publish","type":"post","link":"https:\/\/www.europesays.com\/pl\/231057\/","title":{"rendered":"Mro\u017any antycyklon &quot;rozpycha&quot; si\u0119 w nasz\u0105 stron\u0119. Dzi\u015b zima opanuje wi\u0119kszo\u015b\u0107 Polski &#8211; Onet"},"content":{"rendered":"<ol>\n<li><a href=\"https:\/\/news.google.com\/rss\/articles\/CBMizwFBVV95cUxPUjJmZGozWFlja1dyNmZKMXdPNWp3eUtHTDdEZmdxRC1GTE9ZSXJJWGEtaFpvMjBnMUdQNXVBRXBVTzBmMlF6V0MydV9IYnhDZkRLRHFobldFZk5NOVNYY1hEWGRYeHJaT3hkN3dwQ2ZNS29jY0tBanR4X2ZpWm5GbkVRV2M4NmxtOE5vc1BXWHZRYmxJaFYtUi1NdFlpQWFUbXZJMmhyODFvTjFKb0l5U3g3d01VT2tzTFR2Vld6cWVsbWJ4WVM5ZWRIVGpNS2c?oc=5\" target=\"_blank\" rel=\"nofollow noopener\">Mro\u017any antycyklon &#8222;rozpycha&#8221; si\u0119 w nasz\u0105 stron\u0119. Dzi\u015b zima opanuje wi\u0119kszo\u015b\u0107 Polski<\/a>&nbsp;&nbsp;Onet<\/li>\n<li><a href=\"https:\/\/news.google.com\/rss\/articles\/CBMiqgFBVV95cUxNRFp1cVVmcWF1bUVPRW8tYlFiaHplcWlFY0hyOWtvMDNaSUJyUW4tUEh5a0Qzb0VaTldNSzh0b2doT1NTTk5SNUJfY3RZOTJfcnktSmh2bW9saGtwX1o4d3F0QzRpOHdKbFJqaUVxN1QzVlRVVWJXTmExOVBKLVZlZ0NjSUh6S3d6MGNKUTRiRGNvN2ZnenhvTzlWcWI0bTg5UEVhb1hOUHJBUQ?oc=5\" target=\"_blank\" rel=\"nofollow noopener\">Nadci\u0105ga apogeum mrozu. Polska p\u0119knie na dwie strefy klimatyczne<\/a>&nbsp;&nbsp;WP Wiadomo\u015bci<\/li>\n<li><a href=\"https:\/\/news.google.com\/rss\/articles\/CBMisAFBVV95cUxNcjF3V3ZvZVNWb0Rsc09tNlRyUkhCNk9McjV3Q1ktc1dZZGFnaElSTVN5MzdvRUFjanh6SXV4UzdyQUdZbG1LdUxYZ1I0M2o5ekhRaGgxcE9IQmw5S01kVWdCd09qb1NEWnVtOS1tSFVZcGlHaEpHam1YSEZtekoxVjdKRnRJT2I3Qm0wem93QWRCTWxkNWJHMGN5NEROeEJWd0g3SlBYTTJIWWVydWt4Rg?oc=5\" target=\"_blank\" rel=\"nofollow noopener\">Polska w kleszczach lodu i zimna. Meteorolodzy z Niemiec wskazali dat\u0119<\/a>&nbsp;&nbsp;Polskie Radio 24<\/li>\n<li><a href=\"https:\/\/news.google.com\/rss\/articles\/CBMiswFBVV95cUxNdld5eXZxRUl1R1lLWC01ZHB3ZjJFeUJCMXR6N2N4a1d6aVVjWWQtYnFCemRTQ09fOUdYV2tEODVsUlhBc0M3T0d6U1NKb2dnelIzbWRselVBWlRvZ1dqU3BDSndnUUFiN0FBdmZjalh0V1BpNHhkMEczUmNvaVZSSnJDWjVYQWg3UEwxa05DTDByMkFxQ2s1UkhBZ1VwOC16ZlZUZUttQTVXRWsyd0JjM1lURQ?oc=5\" target=\"_blank\" rel=\"nofollow noopener\">Takiego mrozu jeszcze nie by\u0142o tej zimy. Rozpocz\u0119to odliczania do niebezpiecznej nocy<\/a>&nbsp;&nbsp;Wydarzenia w INTERIA.PL<\/li>\n<li><a href=\"https:\/\/news.google.com\/rss\/articles\/CBMitAFBVV95cUxOd1lveTBTTXNLZjBvOEhYWWFtQ2xXeFhKTkM4YWxxVnh4V0VHbG56UHJ2Zkl1Q2JocE5DNzFud01YVHc4emxYR0hHeTRpWFZHYjVFNzFxTkVtVDBjclJDeHZqLUo1Mm9iSjF3VWc0czJJSWp3dVQyZ2pNcGZuRElHV3UzNWNqdUlwSGRnaVRhdU1pVTFZTWFzYnRxcm1IZHF5ajNMcjdFQXlRQ09Namd3ZjU2VmM?oc=5\" target=\"_blank\" rel=\"nofollow noopener\">Idzie pot\u0119\u017cne ocieplenie. Temperatura skoczy o 20 stopni. Jest data<\/a>&nbsp;&nbsp;twojapogoda.pl<\/li>\n<\/ol>\n","protected":false},"excerpt":{"rendered":"Mro\u017any antycyklon &#8222;rozpycha&#8221; si\u0119 w nasz\u0105 stron\u0119. Dzi\u015b zima opanuje wi\u0119kszo\u015b\u0107 Polski&nbsp;&nbsp;Onet Nadci\u0105ga apogeum mrozu. Polska p\u0119knie na&hellip;\n","protected":false},"author":2,"featured_media":231058,"comment_status":"","ping_status":"","sticky":false,"template":"","format":"standard","meta":{"footnotes":""},"categories":[12],"tags":[32,33,36,37,27,34,35,6987,28,31,53,25,52,68,51,55,42,78,38,40,39,41,47,7312,29,30,65,50,26,7441],"class_list":{"0":"post-231057","1":"post","2":"type-post","3":"status-publish","4":"format-standard","5":"has-post-thumbnail","7":"category-polska","8":"tag-breaking-news","9":"tag-breakingnews","10":"tag-featured-news","11":"tag-featurednews","12":"tag-headlines","13":"tag-latest-news","14":"tag-latestnews","15":"tag-mroz","16":"tag-naglowki","17":"tag-najwazniejsze-artykuly","18":"tag-new_header","19":"tag-news","20":"tag-onet3","21":"tag-onet3d","22":"tag-onet3d_2i","23":"tag-phx","24":"tag-pl","25":"tag-pogoda","26":"tag-poland","27":"tag-polish","28":"tag-polska","29":"tag-polski","30":"tag-screening_general","31":"tag-snieg","32":"tag-top-stories","33":"tag-topstories","34":"tag-update_me","35":"tag-v2021","36":"tag-wiadomosci","37":"tag-zima"},"share_on_mastodon":{"url":"https:\/\/pubeurope.com\/@pl\/115977053989714425","error":""},"_links":{"self":[{"href":"https:\/\/www.europesays.com\/pl\/wp-json\/wp\/v2\/posts\/231057","targetHints":{"allow":["GET"]}}],"collection":[{"href":"https:\/\/www.europesays.com\/pl\/wp-json\/wp\/v2\/posts"}],"about":[{"href":"https:\/\/www.europesays.com\/pl\/wp-json\/wp\/v2\/types\/post"}],"author":[{"embeddable":true,"href":"https:\/\/www.europesays.com\/pl\/wp-json\/wp\/v2\/users\/2"}],"replies":[{"embeddable":true,"href":"https:\/\/www.europesays.com\/pl\/wp-json\/wp\/v2\/comments?post=231057"}],"version-history":[{"count":0,"href":"https:\/\/www.europesays.com\/pl\/wp-json\/wp\/v2\/posts\/231057\/revisions"}],"wp:featuredmedia":[{"embeddable":true,"href":"https:\/\/www.europesays.com\/pl\/wp-json\/wp\/v2\/media\/231058"}],"wp:attachment":[{"href":"https:\/\/www.europesays.com\/pl\/wp-json\/wp\/v2\/media?parent=231057"}],"wp:term":[{"taxonomy":"category","embeddable":true,"href":"https:\/\/www.europesays.com\/pl\/wp-json\/wp\/v2\/categories?post=231057"},{"taxonomy":"post_tag","embeddable":true,"href":"https:\/\/www.europesays.com\/pl\/wp-json\/wp\/v2\/tags?post=231057"}],"curies":[{"name":"wp","href":"https:\/\/api.w.org\/{rel}","templated":true}]}}