{"id":231150,"date":"2026-01-29T07:52:14","date_gmt":"2026-01-29T07:52:14","guid":{"rendered":"https:\/\/www.europesays.com\/pl\/231150\/"},"modified":"2026-01-29T07:52:14","modified_gmt":"2026-01-29T07:52:14","slug":"skandal-w-polskim-narciarstwie-dziennikarz-ostro-uderzyl-w-malysza-wszyscy-sie-za-nia-chowacie","status":"publish","type":"post","link":"https:\/\/www.europesays.com\/pl\/231150\/","title":{"rendered":"Skandal w polskim narciarstwie. Dziennikarz ostro uderzy\u0142 w Ma\u0142ysza: wszyscy si\u0119 za ni\u0105 chowacie"},"content":{"rendered":"<p class=\"Paragraph_desktopParagraph__U31Gm\">Sprawa rozpocz\u0119\u0142a si\u0119, gdy Polski Zwi\u0105zek Narciarski og\u0142osi\u0142 sk\u0142ad kadry alpejek, w kt\u00f3rym zabrak\u0142o Anieli Sawickiej, mimo \u017ce spe\u0142nia\u0142a wszystkie kryteria kwalifikacji. Na jej miejsce wybrano Nikol\u0119 Komorowsk\u0105, cho\u0107 wed\u0142ug ranking\u00f3w FIS (Mi\u0119dzynarodowa Federacja Narciarska) Aniela Sawicka by\u0142a wy\u017cej. Decyzja wywo\u0142a\u0142a fal\u0119 krytyki, a ojciec zawodniczki z\u0142o\u017cy\u0142 nawet skarg\u0119 do Polskiego Komitetu Olimpijskiego. Nikola Komorowska, po medialnym hejcie, og\u0142osi\u0142a rezygnacj\u0119, co zmusi\u0142o PZN do zmiany decyzji i ostatecznego powo\u0142ania Sawickiej.<\/p>\n<p class=\"Paragraph_desktopParagraph__U31Gm\">Krytyka decyzji PZN nie ograniczy\u0142a si\u0119 jednak do samego protestu. Znany dziennikarz sportowy Tomasz Smokowski publicznie ostro zaatakowa\u0142 w\u0142adze zwi\u0105zku, w tym Andrzeja Kozaka (szef Tatrza\u0144skiego Zwi\u0105zku Narciarskiego), cz\u0142onka zarz\u0105du PZN Rafa\u0142a Kota oraz innych dzia\u0142aczy. W swoich mediach spo\u0142eczno\u015bciowych okre\u015bla\u0142 ich dzia\u0142ania jako pseudodzia\u0142ania, zarzuca\u0142 brak kompetencji i brak empatii wobec sportowc\u00f3w, a tak\u017ce kwestionowa\u0142 publiczne wypowiedzi Rafa\u0142a Kota o rzekomo jednorazowej roli Anieli Sawickiej na igrzyskach. Tomasz Smokowski oceni\u0142, \u017ce ta sytuacja pokrzywdzi\u0142a obie zawodniczki, podwa\u017ca\u0142a wiarygodno\u015b\u0107 PZN i wstrz\u0105sn\u0119\u0142a \u015brodowiskiem narciarskim. <\/p>\n<ul class=\"OchatFollowUps_wrapper__1ry7X\">\n<li class=\"OchatFollowUps_item__Dhyly OchatFollowUps_itemDesktop__R6aBv\">Jakie kontrowersje wywo\u0142a\u0142o powo\u0142anie Anieli Sawickiej?<\/li>\n<li class=\"OchatFollowUps_item__Dhyly OchatFollowUps_itemDesktop__R6aBv\">Kto ostro skrytykowa\u0142 dzia\u0142ania Adama Ma\u0142ysza?<\/li>\n<li class=\"OchatFollowUps_item__Dhyly OchatFollowUps_itemDesktop__R6aBv\">Jakie decyzje podj\u0105\u0142 Polski Komitet Olimpijski w tej sprawie?<\/li>\n<li class=\"OchatFollowUps_item__Dhyly OchatFollowUps_itemDesktop__R6aBv\">Dlaczego Aniela Sawicka za\u0142o\u017cy\u0142a zbi\u00f3rk\u0119 publiczn\u0105?<\/li>\n<\/ul>\n<p>Dziennikarz nie wytrzyma\u0142 i zaatakowa\u0142 Adama Ma\u0142ysza. &#8222;Pochowali\u015bcie teraz g\u0142owy w piasek&#8221; <\/p>\n<p class=\"Paragraph_desktopParagraph__U31Gm\">Ca\u0142a sprawa nie zako\u0144czy\u0142a si\u0119 tylko na krytyce w social mediach. Konflikt eskalowa\u0142 r\u00f3wnie\u017c na linii Polski Komitet Olimpijski \u2013 Polski Zwi\u0105zek Narciarski. PKOl jednog\u0142o\u015bnie zdecydowa\u0142 zmieni\u0107 nominacje PZN, argumentuj\u0105c to brakiem transparentno\u015bci w stosowaniu zasad kwalifikacyjnych, i wprowadzi\u0142 Sawick\u0105 do sk\u0142adu. Prezes PKOl Rados\u0142aw Piesiewicz otwarcie skrytykowa\u0142 PZN za to, \u017ce okre\u015blone zasady nie by\u0142y przestrzegane. Z kolei prezes PZN Adam Ma\u0142ysz wystosowa\u0142 list otwarty do PKOl, w kt\u00f3rym sprzeciwia\u0142 si\u0119 zmianom w sk\u0142adzie i kwestionowa\u0142 decyzje Komitetu. W tej spi\u0119tej atmosferze dochodzi te\u017c do wzajemnych oskar\u017ce\u0144 i publicznych polemik mi\u0119dzy szefami obu organizacji.<\/p>\n<p class=\"Paragraph_desktopParagraph__U31Gm\">Ponadto wysz\u0142y na jaw doniesienia, \u017ce Aniela Sawicka musia\u0142a nawet za\u0142o\u017cy\u0107 zbi\u00f3rk\u0119 publiczn\u0105, by finansowa\u0107 swoje przygotowania i wyst\u0119p \u2013 co dziennikarz Tomasz Smokowski podkre\u015bla\u0142 jako przyk\u0142ad braku wsparcia ze strony PZN. Teraz w rozmowie z Kana\u0142em Sportowym nie gryz\u0142 si\u0119 w j\u0119zyk, m\u00f3wi\u0105c o prezesie PZN Adamie Ma\u0142yszu i Rafale Kocie, cz\u0142onku zarz\u0105du PZN, dawniej fizjoterapeucie polskich skoczk\u00f3w. <\/p>\n<blockquote>\n<p class=\"Paragraph_desktopParagraph__U31Gm\">Adam Ma\u0142ysz na pocz\u0105tku zachowa\u0142 si\u0119 po prostu jak rasowy dyplomata, w z\u0142ym tego s\u0142owa rozumieniu, poniewa\u017c nie chcia\u0142 podpa\u015b\u0107 ani jednemu, ani drugiemu Okr\u0119gowemu Zwi\u0105zkowi Narciarskiemu. Ani temu, kt\u00f3ry popiera\u0142 Komorowsk\u0105, ani temu, z kt\u00f3rego pochodzi\u0142a Sawicka. W zwi\u0105zku z tym wstrzyma\u0142 si\u0119 od g\u0142osu. I to by\u0142 jego b\u0142\u0105d, poniewa\u017c on powinien by\u0107 pierwszym, kt\u00f3ry szanuje wewn\u0119trzne przepisy Polskiego Zwi\u0105zku Narciarskiego i powiedzie\u0107: &#8222;Nie, panowie, no niestety, Komorowska nie mo\u017ce jecha\u0107 na igrzyska, bo nie spe\u0142ni\u0142a \u017cadnych kwalifikacji. Dlaczego wy j\u0105 tutaj wpychacie?&#8221;. <\/p>\n<\/blockquote>\n<p class=\"Paragraph_desktopParagraph__U31Gm\">\u2014 grzmi Tomasz Smokowski i dodaje: <\/p>\n<blockquote>\n<p class=\"Paragraph_desktopParagraph__U31Gm\">To jest ta pierwsza sprawa, sprzed tygodnia, w kt\u00f3rej potem pan Kot tak si\u0119 kompromitowa\u0142 w TVP Sport. I na ko\u0144cu, jak w filmie Barei, powiedzia\u0142: &#8222;tak, ka\u017cda zawodniczka powinna si\u0119 zachowa\u0107 tak, jak Komorowska, czyli powinna sama zrezygnowa\u0107 z igrzysk&#8221;. Panie, pan \u017ce\u015b t\u0119 dziewczyn\u0119 doprowadzi\u0142 do takiego stanu, \u017ce rzeczywi\u015bcie spad\u0142 na ni\u0105 nies\u0142uszny hejt, bo si\u0119 wszyscy za ni\u0105 chowacie. Chowacie si\u0119 za tym rzekomym hejtem, a sami pochowali\u015bcie teraz g\u0142owy w piasek i was nie ma <\/p>\n<\/blockquote>\n<p class=\"Paragraph_desktopParagraph__U31Gm\">\u2014 stwierdzi\u0142 bez ogr\u00f3dek Tomasz Smokowski w rozmowie z Kana\u0142em Sportowym. <\/p>\n<p class=\"Paragraph_desktopParagraph__U31Gm\">Ca\u0142a sprawa wstrz\u0105sn\u0119\u0142a \u015brodowiskiem narciarskim tu\u017c przed inauguracj\u0105 igrzysk olimpijskich w Mediolanie i Cortinie, kt\u00f3re rozpoczynaj\u0105 si\u0119 6 lutego.<\/p>\n<p><img decoding=\"async\" class=\"Image_image__0tuHp Image_autoHeight__f2n87 \" height=\"587\" width=\"915\" src=\"https:\/\/www.europesays.com\/pl\/wp-content\/uploads\/2026\/01\/5Y-k9kpTURBXy8yZDI2MGM3ZjQ4NDRlZjQwNTZkOTBkYzBlNTEzNmVjZS5qcGeSlQLNA6wAwsOVAgDNAkvCw94AA6EwAaExAaEzw.jpeg\" alt=\"Tomasz Smokowski \" loading=\"lazy\" \/>Andrzej Iwa\u0144czuk\/Reporter \/ East News<\/p>\n<p>Tomasz Smokowski <\/p>\n<p class=\"Paragraph_desktopParagraph__U31Gm\">Dzi\u0119kujemy, \u017ce przeczyta\u0142a\u015b\/e\u015b nasz artyku\u0142 do ko\u0144ca. W serwisie Plejada.pl ka\u017cdego dnia piszemy o najwa\u017cniejszych wydarzeniach show-biznesowych. B\u0105d\u017a na bie\u017c\u0105co! <a rel=\"nofollow noopener\" href=\"https:\/\/profile.google.com\/cp\/Cg0vZy8xMWJ6X19wdHBx\" id=\"48bbda61-0851-43a9-b1a5-331ac382914c\" target=\"_blank\">Obserwuj<\/a> Plejad\u0119 w Google. Odwied\u017a nas tak\u017ce na <a rel=\"nofollow noopener\" href=\"https:\/\/www.facebook.com\/plejadapl\" id=\"40fc5b86-8d2b-4772-9766-c4dc20a484c9\" target=\"_blank\">Facebooku<\/a>, <a rel=\"nofollow noopener\" href=\"https:\/\/www.instagram.com\/plejadapl\/\" id=\"d67084cb-9da4-47b2-a0db-9e6f11f2d519\" target=\"_blank\">Instagramie<\/a>, <a rel=\"nofollow noopener\" href=\"https:\/\/www.youtube.com\/c\/plejada\" id=\"fd9fd5cf-8bdf-41da-bc02-46b59ace1de5\" target=\"_blank\">YouTubie<\/a> oraz <a rel=\"nofollow noopener\" href=\"https:\/\/www.tiktok.com\/@plejada_pl\" id=\"d8f30652-0a10-417d-94ba-cb6c5bc8e391\" target=\"_blank\">TikToku<\/a>.<\/p>\n<p class=\"Paragraph_desktopParagraph__U31Gm\">Chcesz podzieli\u0107 si\u0119 ciekawym newsem lub zaproponowa\u0107 temat? Skontaktuj si\u0119 z nami, pisz\u0105c maila na adres: <a href=\"https:\/\/www.onet.pl\/styl-zycia\/plejada\/skandal-w-polskim-narciarstwie-dziennikarz-ostro-uderzyl-w-malysza-wszyscy-sie-za-nia\/mailto:plejada@redakcjaonet.pl\" id=\"650367be-6f88-450d-aa27-c79bda77c7cd\" rel=\"nofollow noopener\" target=\"_blank\">plejada@redakcjaon<\/a><a rel=\"nofollow noopener\" href=\"http:\/\/et.pl\" id=\"a9e568ad-19c8-48a9-bdbf-e7bc0f34129c\" target=\"_blank\">et.pl<\/a>.<\/p>\n<p><script async src=\"\/\/www.instagram.com\/embed.js\"><\/script><script async src=\"\/\/www.tiktok.com\/embed.js\"><\/script><\/p>\n","protected":false},"excerpt":{"rendered":"Sprawa rozpocz\u0119\u0142a si\u0119, gdy Polski Zwi\u0105zek Narciarski og\u0142osi\u0142 sk\u0142ad kadry alpejek, w kt\u00f3rym zabrak\u0142o Anieli Sawickiej, mimo \u017ce&hellip;\n","protected":false},"author":2,"featured_media":231151,"comment_status":"","ping_status":"","sticky":false,"template":"","format":"standard","meta":{"footnotes":""},"categories":[5],"tags":[4685,32,33,36,37,27,67,261,34,35,28,31,53,25,42173,52,68,51,55,42172,42,38,40,39,41,15348,15136,47,39422,42114,29,30,65,50,26],"class_list":{"0":"post-231150","1":"post","2":"type-post","3":"status-publish","4":"format-standard","5":"has-post-thumbnail","7":"category-naglowki","8":"tag-adam_malysz_sportowiec","9":"tag-breaking-news","10":"tag-breakingnews","11":"tag-featured-news","12":"tag-featurednews","13":"tag-headlines","14":"tag-intextvideo_splayer","15":"tag-kultura","16":"tag-latest-news","17":"tag-latestnews","18":"tag-naglowki","19":"tag-najwazniejsze-artykuly","20":"tag-new_header","21":"tag-news","22":"tag-olimpiada_igrzyska_olimpijskie_io","23":"tag-onet3","24":"tag-onet3d","25":"tag-onet3d_2i","26":"tag-phx","27":"tag-pkol_polski_komitet_olimpijski","28":"tag-pl","29":"tag-poland","30":"tag-polish","31":"tag-polska","32":"tag-polski","33":"tag-polski_komitet_olimpijski","34":"tag-polski_zwiazek_narciarski","35":"tag-screening_general","36":"tag-sg_cleanup_tst1","37":"tag-tomasz_smokowski","38":"tag-top-stories","39":"tag-topstories","40":"tag-update_me","41":"tag-v2021","42":"tag-wiadomosci"},"share_on_mastodon":{"url":"","error":"Validation failed: Text character limit of 500 exceeded"},"_links":{"self":[{"href":"https:\/\/www.europesays.com\/pl\/wp-json\/wp\/v2\/posts\/231150","targetHints":{"allow":["GET"]}}],"collection":[{"href":"https:\/\/www.europesays.com\/pl\/wp-json\/wp\/v2\/posts"}],"about":[{"href":"https:\/\/www.europesays.com\/pl\/wp-json\/wp\/v2\/types\/post"}],"author":[{"embeddable":true,"href":"https:\/\/www.europesays.com\/pl\/wp-json\/wp\/v2\/users\/2"}],"replies":[{"embeddable":true,"href":"https:\/\/www.europesays.com\/pl\/wp-json\/wp\/v2\/comments?post=231150"}],"version-history":[{"count":0,"href":"https:\/\/www.europesays.com\/pl\/wp-json\/wp\/v2\/posts\/231150\/revisions"}],"wp:featuredmedia":[{"embeddable":true,"href":"https:\/\/www.europesays.com\/pl\/wp-json\/wp\/v2\/media\/231151"}],"wp:attachment":[{"href":"https:\/\/www.europesays.com\/pl\/wp-json\/wp\/v2\/media?parent=231150"}],"wp:term":[{"taxonomy":"category","embeddable":true,"href":"https:\/\/www.europesays.com\/pl\/wp-json\/wp\/v2\/categories?post=231150"},{"taxonomy":"post_tag","embeddable":true,"href":"https:\/\/www.europesays.com\/pl\/wp-json\/wp\/v2\/tags?post=231150"}],"curies":[{"name":"wp","href":"https:\/\/api.w.org\/{rel}","templated":true}]}}