{"id":231160,"date":"2026-01-29T07:59:12","date_gmt":"2026-01-29T07:59:12","guid":{"rendered":"https:\/\/www.europesays.com\/pl\/231160\/"},"modified":"2026-01-29T07:59:12","modified_gmt":"2026-01-29T07:59:12","slug":"smutne-wiesci-o-aktorce-serialu-alternatywy-4-nikogo-juz-nie-poznaje-i-niknie-w-oczach","status":"publish","type":"post","link":"https:\/\/www.europesays.com\/pl\/231160\/","title":{"rendered":"Smutne wie\u015bci o aktorce serialu &#8222;Alternatywy 4&#8221;. &#8222;Nikogo ju\u017c nie poznaje i niknie w oczach&#8221;"},"content":{"rendered":"<p class=\"Paragraph_desktopParagraph__U31Gm\">Jeszcze kilka lat temu <a href=\"https:\/\/plejada.pl\/temat\/halina-kowalska-aktorka\/k0tv599\" id=\"0b7e3083-bbdc-47f1-9bd1-7adea28f1ab6\" rel=\"nofollow noopener\" target=\"_blank\">Halina Kowalska<\/a> cieszy\u0142a si\u0119 spokojn\u0105 jesieni\u0105 \u017cycia u boku ukochanego m\u0119\u017ca. Aktorka, kt\u00f3ra w lipcu sko\u0144czy 85 lat, sp\u0119dzi\u0142a ze swoim \u017cyciowym partnerem W\u0142odzimierzem Nowakiem a\u017c 64 lata. Kiedy m\u0119\u017cczyzna zmar\u0142, \u015bwiat aktorki si\u0119 za\u0142ama\u0142. Jak ustali\u0142 &#8222;Super Express&#8221;, to w\u0142a\u015bnie wtedy gwiazda zacz\u0119\u0142a powa\u017cnie podupada\u0107 na zdrowiu. Z dnia na dzie\u0144 by\u0142o coraz gorzej. <\/p>\n<p class=\"Paragraph_desktopParagraph__U31Gm\">Gwiazda filmu &#8222;Nie lubi\u0119 poniedzia\u0142ku&#8221; i serialu &#8222;Alternatywy 4&#8221; pozna\u0142a swojego przysz\u0142ego m\u0119\u017ca, gdy by\u0142a jeszcze bardzo m\u0142oda. Ich uczucie wybuch\u0142o b\u0142yskawicznie i przetrwa\u0142o ca\u0142e \u017cycie.<\/p>\n<blockquote>\n<p class=\"Paragraph_desktopParagraph__U31Gm\">Mieli\u015bmy prawie po 18 lat, kiedy si\u0119 poznali\u015bmy. Zaczepi\u0142 mnie, gdy sz\u0142am z kole\u017cank\u0105 po ulicy, i zapyta\u0142, czy mo\u017ce do\u0142\u0105czy\u0107. Zgodzi\u0142am si\u0119. Usiedli\u015bmy w parku na \u0142aweczce i stali\u015bmy si\u0119 par\u0105. Ja mu od razu powiedzia\u0142am: \u2018Nie dotkniesz mnie, chyba \u017ce zostan\u0119 twoj\u0105 \u017con\u0105\u2019. Szybko si\u0119 o\u015bwiadczy\u0142. Dwa miesi\u0105ce brakowa\u0142o do tych 18 lat, wi\u0119c musieli\u015bmy zaczeka\u0107. By\u0142am w niego zapatrzona i ca\u0142e \u017cycie by\u0142am mu wierna<\/p>\n<\/blockquote>\n<p class=\"Paragraph_desktopParagraph__U31Gm\">\u2014 wspomina\u0142a wzruszona w programie &#8222;Gwiazdy w Skolimowie&#8221;.<\/p>\n<ul class=\"OchatFollowUps_wrapper__1ry7X\">\n<li class=\"OchatFollowUps_item__Dhyly OchatFollowUps_itemDesktop__R6aBv\">Jak wygl\u0105da obecny stan Haliny Kowalskiej?<\/li>\n<li class=\"OchatFollowUps_item__Dhyly OchatFollowUps_itemDesktop__R6aBv\">Ile lat mia\u0142a Halina Kowalska, gdy pozna\u0142a swojego m\u0119\u017ca?<\/li>\n<li class=\"OchatFollowUps_item__Dhyly OchatFollowUps_itemDesktop__R6aBv\">Jak d\u0142ugo Halina Kowalska i W\u0142odzimierz Nowak byli ma\u0142\u017ce\u0144stwem?<\/li>\n<li class=\"OchatFollowUps_item__Dhyly OchatFollowUps_itemDesktop__R6aBv\">Dlaczego Halina Kowalska ma problemy finansowe?<\/li>\n<\/ul>\n<p>Halina Kowalska by\u0142a gwiazd\u0105 serialu &#8222;Alternatywy 4&#8221;. Aktorka walczy o zdrowie: nikogo ju\u017c nie poznaje i niknie w oczach <\/p>\n<p class=\"Paragraph_desktopParagraph__U31Gm\">W 2020 r. ma\u0142\u017conkowie zamieszkali w Domu Artyst\u00f3w Weteran\u00f3w Scen Polskich w Skolimowie, gdzie planowali sp\u0119dzi\u0107 spokojn\u0105 staro\u015b\u0107. W listopadzie 2021 r., po ponad sze\u015bciu dekadach zwi\u0105zku, wzi\u0119li nawet \u015blub ko\u015bcielny. Niestety, cztery miesi\u0105ce p\u00f3\u017aniej pan W\u0142odzimierz zmar\u0142, a dla Haliny Kowalskiej rozpocz\u0105\u0142 si\u0119 prawdziwy koszmar. Jak si\u0119 okaza\u0142o, m\u0105\u017c aktorki zostawi\u0142 j\u0105 z ogromnymi d\u0142ugami, kt\u00f3rych nie by\u0142a w stanie sp\u0142aci\u0107. Sama nie kry\u0142a rozpaczy.<\/p>\n<blockquote>\n<p class=\"Paragraph_desktopParagraph__U31Gm\">M\u0105\u017c by\u0142 chory i zaci\u0105gn\u0105\u0142 po\u017cyczk\u0119 w wysoko\u015bci 30 tys. z\u0142, a ja musz\u0119 to teraz sp\u0142aci\u0107. Nie powiedzia\u0142 mi o naszych problemach finansowych. Nie chcia\u0142 mnie martwi\u0107. Kocha\u0142 mnie. Boj\u0119 si\u0119, \u017ce mo\u017ce wkroczy\u0107 do mnie komornik i zabierze mi wszystkie moje pami\u0105tki po m\u0119\u017cu i rodzicach, kt\u00f3re s\u0105 bliskie mojemu sercu<\/p>\n<\/blockquote>\n<p class=\"Paragraph_desktopParagraph__U31Gm\">\u2014 m\u00f3wi\u0142a ze \u0142zami w oczach &#8222;Super Expressowi&#8221;.<\/p>\n<p class=\"Paragraph_desktopParagraph__U31Gm\">Mieszka\u0144cy domu opieki oraz redakcja tabloidu ruszyli jej na pomoc i zorganizowali zbi\u00f3rk\u0119 pieni\u0119dzy. Jednak ilo\u015b\u0107 problem\u00f3w i dramatycznych prze\u017cy\u0107 okaza\u0142a si\u0119 dla aktorki zbyt wielkim ci\u0119\u017carem.<\/p>\n<p class=\"Paragraph_desktopParagraph__U31Gm\">Po \u015bmierci m\u0119\u017ca Halina Kowalska zacz\u0119\u0142a coraz rzadziej opuszcza\u0107 sw\u00f3j pok\u00f3j. Wkr\u00f3tce pojawi\u0142y si\u0119 powa\u017cne problemy z pami\u0119ci\u0105. Jak informuje &#8222;Super Express&#8221;:  <\/p>\n<blockquote>\n<p class=\"Paragraph_desktopParagraph__U31Gm\">Halina Kowalska jest obecnie w bardzo powa\u017cnym stanie. Od kilku miesi\u0119cy przebywa w szpitalnej cz\u0119\u015bci domu opieki, gdzie jest pod opiek\u0105 lekarzy<\/p>\n<\/blockquote>\n<p class=\"Paragraph_desktopParagraph__U31Gm\">Tabloid ujawni\u0142 r\u00f3wnie\u017c dramatyczne szczeg\u00f3\u0142y: <\/p>\n<blockquote>\n<p class=\"Paragraph_desktopParagraph__U31Gm\">Nikogo ju\u017c nie poznaje i niknie w oczach<\/p>\n<\/blockquote>\n<p><img decoding=\"async\" class=\"Image_image__0tuHp Image_autoHeight__f2n87 \" height=\"587\" width=\"390\" src=\"https:\/\/www.europesays.com\/pl\/wp-content\/uploads\/2026\/01\/gcck9kpTURBXy81NDlkNjc0ODVmNWYzMGMwMDNmNmYzNjk4M2NkNDQzMC5qcGeSlQLNA6wAwsOVAgDNAkvCw94AA6EwAaExAaEzw.jpeg\" alt=\"Halina Kowalska (2019)\" loading=\"lazy\" \/>Artur Zawadzki\/REPORTER \/ Reporter<\/p>\n<p>Halina Kowalska (2019)<\/p>\n<p class=\"Paragraph_desktopParagraph__U31Gm\">Dzi\u0119kujemy, \u017ce przeczyta\u0142a\u015b\/e\u015b nasz artyku\u0142 do ko\u0144ca. W serwisie Plejada.pl ka\u017cdego dnia piszemy o najwa\u017cniejszych wydarzeniach show-biznesowych. B\u0105d\u017a na bie\u017c\u0105co! <a rel=\"nofollow noopener\" href=\"https:\/\/profile.google.com\/cp\/Cg0vZy8xMWJ6X19wdHBx\" id=\"7f3387bb-2808-45eb-bdd1-a04d6ba7bd6e\" target=\"_blank\">Obserwuj<\/a> Plejad\u0119 w Google. Odwied\u017a nas tak\u017ce na <a rel=\"nofollow noopener\" href=\"https:\/\/www.facebook.com\/plejadapl\" id=\"cd599ba0-c19f-476e-8f67-d7ea7be56b55\" target=\"_blank\">Facebooku<\/a>, <a rel=\"nofollow noopener\" href=\"https:\/\/www.instagram.com\/plejadapl\/\" id=\"5797d5f8-fe7b-4b8f-928f-289f7415a443\" target=\"_blank\">Instagramie<\/a>, <a rel=\"nofollow noopener\" href=\"https:\/\/www.youtube.com\/c\/plejada\" id=\"701fa658-be80-4923-8956-536215adc197\" target=\"_blank\">YouTubie<\/a> oraz <a rel=\"nofollow noopener\" href=\"https:\/\/www.tiktok.com\/@plejada_pl\" id=\"10144238-ac7f-4dff-96ce-f33851234f78\" target=\"_blank\">TikToku<\/a>.<\/p>\n<p class=\"Paragraph_desktopParagraph__U31Gm\">Chcesz podzieli\u0107 si\u0119 ciekawym newsem lub zaproponowa\u0107 temat? Skontaktuj si\u0119 z nami, pisz\u0105c maila na adres: <a href=\"https:\/\/www.onet.pl\/styl-zycia\/plejada\/smutne-wiesci-o-aktorce-serialu-alternatywy-4-nikogo-juz-nie-poznaje-i-niknie-w\/mailto:plejada@redakcjaonet.pl\" id=\"ce2fb2d3-898c-4e60-81bc-e3bd8a387f3e\" rel=\"nofollow noopener\" target=\"_blank\">plejada@redakcjaon<\/a><a rel=\"nofollow noopener\" href=\"http:\/\/et.pl\" id=\"acd7664a-4653-41de-8a1b-79f9bdb1c859\" target=\"_blank\">et.pl<\/a>.<\/p>\n<p><script async src=\"\/\/www.instagram.com\/embed.js\"><\/script><script async src=\"\/\/www.tiktok.com\/embed.js\"><\/script><\/p>\n","protected":false},"excerpt":{"rendered":"Jeszcze kilka lat temu Halina Kowalska cieszy\u0142a si\u0119 spokojn\u0105 jesieni\u0105 \u017cycia u boku ukochanego m\u0119\u017ca. Aktorka, kt\u00f3ra w&hellip;\n","protected":false},"author":2,"featured_media":231161,"comment_status":"","ping_status":"","sticky":false,"template":"","format":"standard","meta":{"footnotes":""},"categories":[5],"tags":[38085,32,33,36,37,42174,27,67,34,35,13427,28,31,53,25,52,68,51,55,42,38,40,39,41,47,42175,196,29,30,65,50,26],"class_list":{"0":"post-231160","1":"post","2":"type-post","3":"status-publish","4":"format-standard","5":"has-post-thumbnail","7":"category-naglowki","8":"tag-alternatywy_4_serial","9":"tag-breaking-news","10":"tag-breakingnews","11":"tag-featured-news","12":"tag-featurednews","13":"tag-halina_kowalska_aktorka","14":"tag-headlines","15":"tag-intextvideo_splayer","16":"tag-latest-news","17":"tag-latestnews","18":"tag-m_glo_sticky_tst1","19":"tag-naglowki","20":"tag-najwazniejsze-artykuly","21":"tag-new_header","22":"tag-news","23":"tag-onet3","24":"tag-onet3d","25":"tag-onet3d_2i","26":"tag-phx","27":"tag-pl","28":"tag-poland","29":"tag-polish","30":"tag-polska","31":"tag-polski","32":"tag-screening_general","33":"tag-stanislaw_bareja_rezyser","34":"tag-styl_zycia","35":"tag-top-stories","36":"tag-topstories","37":"tag-update_me","38":"tag-v2021","39":"tag-wiadomosci"},"share_on_mastodon":{"url":"","error":"Validation failed: Text character limit of 500 exceeded"},"_links":{"self":[{"href":"https:\/\/www.europesays.com\/pl\/wp-json\/wp\/v2\/posts\/231160","targetHints":{"allow":["GET"]}}],"collection":[{"href":"https:\/\/www.europesays.com\/pl\/wp-json\/wp\/v2\/posts"}],"about":[{"href":"https:\/\/www.europesays.com\/pl\/wp-json\/wp\/v2\/types\/post"}],"author":[{"embeddable":true,"href":"https:\/\/www.europesays.com\/pl\/wp-json\/wp\/v2\/users\/2"}],"replies":[{"embeddable":true,"href":"https:\/\/www.europesays.com\/pl\/wp-json\/wp\/v2\/comments?post=231160"}],"version-history":[{"count":0,"href":"https:\/\/www.europesays.com\/pl\/wp-json\/wp\/v2\/posts\/231160\/revisions"}],"wp:featuredmedia":[{"embeddable":true,"href":"https:\/\/www.europesays.com\/pl\/wp-json\/wp\/v2\/media\/231161"}],"wp:attachment":[{"href":"https:\/\/www.europesays.com\/pl\/wp-json\/wp\/v2\/media?parent=231160"}],"wp:term":[{"taxonomy":"category","embeddable":true,"href":"https:\/\/www.europesays.com\/pl\/wp-json\/wp\/v2\/categories?post=231160"},{"taxonomy":"post_tag","embeddable":true,"href":"https:\/\/www.europesays.com\/pl\/wp-json\/wp\/v2\/tags?post=231160"}],"curies":[{"name":"wp","href":"https:\/\/api.w.org\/{rel}","templated":true}]}}