{"id":231240,"date":"2026-01-29T08:43:04","date_gmt":"2026-01-29T08:43:04","guid":{"rendered":"https:\/\/www.europesays.com\/pl\/231240\/"},"modified":"2026-01-29T08:43:04","modified_gmt":"2026-01-29T08:43:04","slug":"syn-alicji-bachledy-curus-nie-mowi-po-polsku-aktorka-wytlumaczyla-dlaczego","status":"publish","type":"post","link":"https:\/\/www.europesays.com\/pl\/231240\/","title":{"rendered":"Syn Alicji Bachledy-Curu\u015b nie m\u00f3wi po polsku. Aktorka wyt\u0142umaczy\u0142a dlaczego"},"content":{"rendered":"<p class=\"ods-c-paragraph \"><a href=\"https:\/\/plejada.pl\/temat\/alicja-bachleda-curus-aktorka\/hyej6dy\" id=\"e632afbc-53dd-44eb-be89-ef2c6d3ae121\" rel=\"nofollow noopener\" target=\"_blank\">Alicja Bachleda-Curu\u015b<\/a>, znana polska aktorka i producentka, od lat \u0142\u0105czy \u017cycie zawodowe z prywatnym, b\u0119d\u0105c te\u017c matk\u0105. Jej syn, Henry Tadeusz Farrell, urodzi\u0142 si\u0119 w 2007 r. ze zwi\u0105zku z aktorem Colinem Farrellem.<\/p>\n<p class=\"ods-c-paragraph \">Ch\u0142opak niejednokrotnie pojawia\u0142 si\u0119 u boku ojca na czerwonych dywanach podczas presti\u017cowych wydarze\u0144 filmowych, a jego debiut w \u015bwietle reflektor\u00f3w mia\u0142 miejsce na gali Oscar\u00f3w w 2023 r. Okazuje si\u0119 jednak, \u017ce nastolatek nie zna j\u0119zyka polskiego. Aktorka w rozmowie ujawni\u0142a, co jest tego przyczyn\u0105.<\/p>\n<p> Dalszy ci\u0105g artyku\u0142u pod materia\u0142em wideo    <\/p>\n<p> Dlaczego syn Alicji Bachledy-Curu\u015b nie m\u00f3wi po polsku? <\/p>\n<p> Jakie s\u0105 przyczyny braku znajomo\u015bci polskiego u Henry&#8217;ego? <\/p>\n<p> Co Alicja Bachleda-Curu\u015b m\u00f3wi o nauczaniu polskiego swojego syna? <\/p>\n<p> Gdzie Alicja Bachleda-Curu\u015b by\u0142a z synem na pocz\u0105tku 2026 roku? <\/p>\n<p>  Syn Alicji Bachledy-Curu\u015b nie m\u00f3wi po polsku<\/p>\n<p class=\"ods-c-paragraph \">Aktorka w wywiadach przyznaje, \u017ce mimo cz\u0119stych wizyt w kraju, Henry nie m\u00f3wi p\u0142ynnie po polsku, co jest naturalnym skutkiem \u017cycia w \u015brodowisku angloj\u0119zycznym. Alicja podkre\u015bla jednak, \u017ce stara si\u0119 przekazywa\u0107 mu polsk\u0105 kultur\u0119 i tradycj\u0119, a wizyty w Polsce s\u0105 okazj\u0105 do wzmacniania wi\u0119zi z rodzinnym krajem.<\/p>\n<blockquote class=\"ods-o-quote\">\n<p class=\"ods-o-quote__paragraph\">Mimo \u017ce zale\u017ca\u0142o mi bardzo, \u017ceby m\u00f3wi\u0142 g\u0142\u00f3wnie po polsku, j\u0119zyk angielski przychodzi\u0142 mu \u0142atwiej, s\u0142ysza\u0142 go wok\u00f3\u0142, a ja z kolei chcia\u0142am si\u0119 m\u00f3c z nim jak najszybciej porozumie\u0107. Posz\u0142am na kompromis<\/p>\n<\/blockquote>\n<p class=\"ods-c-paragraph \">\u2014 opowiada\u0142a w rozmowie z &#8222;\u017byciem na gor\u0105co&#8221;.<\/p>\n<p class=\"ods-c-paragraph \">Gdy ch\u0142opiec jedzie do dziadk\u00f3w, uczy si\u0119 w\u00f3wczas na pami\u0119\u0107 ca\u0142ych zda\u0144.<\/p>\n<blockquote class=\"ods-o-quote\">\n<p class=\"ods-o-quote__paragraph\">Przygotowuje sobie ca\u0142e wypowiedzi, jak ma jecha\u0107 do dziadk\u00f3w, strasznie go to cieszy<\/p>\n<\/blockquote>\n<p class=\"ods-c-paragraph \"> \u2014 doda\u0142a.<\/p>\n<p class=\"ods-c-paragraph \">Przypomnijmy, \u017ce pod koniec 2025 r. Alicja Bachleda-Curu\u015b odwiedzi\u0142a Krak\u00f3w razem z synem. Cho\u0107 aktorka od lat mieszka w Los Angeles, kilka lat temu sta\u0142a si\u0119 w\u0142a\u015bcicielk\u0105 eleganckiego apartamentu w stolicy Ma\u0142opolski. Tu\u017c przed Nowym Rokiem uczestniczy\u0142a w wydarzeniu organizowanym w jednej z rezydencji Jana Lubomirskiego-Lanckoro\u0144skiego, a nast\u0119pnie wybra\u0142a si\u0119 z Henrym na spacer po krakowskim Rynku, ciesz\u0105c si\u0119 atmosfer\u0105 miasta<\/p>\n<p class=\"ods-c-paragraph \">Polecamy: <a href=\"https:\/\/plejada.pl\/newsy\/alicja-bachleda-curus-wrocila-do-usa-zrobila-to-po-rozpakowaniu-walizek\/f7xgmh7\" id=\"d2e2a42c-3bed-40f3-b0d3-877549788e3f\" rel=\"nofollow noopener\" target=\"_blank\">Alicja Bachleda-Curu\u015b wr\u00f3ci\u0142a do Stan\u00f3w Zjednoczonych. Zrobi\u0142a to po rozpakowaniu walizek<\/a><\/p>\n<p> <img decoding=\"async\" src=\"https:\/\/www.europesays.com\/pl\/wp-content\/uploads\/2026\/01\/yjSk9lBaHR0cHM6Ly9vY2RuLmV1L3B1bHNjbXMvTURBXy83MzUyZDIxNzI1MWQ1OTU4ZWY3MjFiOTJiMmJmODRjYi5qcGeRlQLNA.jpeg\" height=\"529\" width=\"940\" style=\"min-height:529px;\" alt=\"Collin Farrel z synem\" loading=\"lazy\" class=\"ods-c-image__img ods-c-image__img--vertical\"\/> <\/p>\n<p>Collin Farrel z synemMichael Buckner \/ Contributor \/ Getty Images<\/p>\n<p class=\"ods-c-paragraph \">Dzi\u0119kujemy, \u017ce przeczyta\u0142a\u015b\/e\u015b nasz artyku\u0142 do ko\u0144ca. W serwisie Plejada.pl ka\u017cdego dnia piszemy o najwa\u017cniejszych wydarzeniach show-biznesowych. B\u0105d\u017a na bie\u017c\u0105co! <a rel=\"nofollow noopener\" href=\"https:\/\/news.google.com\/publications\/CAAiEF0PeAlb7W1llpV_mwV2rL4qFAgKIhBdD3gJW-1tZZaVf5sFdqy-?hl=pl&amp;gl=PL&amp;ceid=PL%3Apl\" id=\"b410c754-bef5-454c-9ebf-b4ed8f99879b\" target=\"_blank\">Obserwuj<\/a> Plejad\u0119 w Wiadomo\u015bciach Google. Odwied\u017a nas tak\u017ce na <a rel=\"nofollow noopener\" href=\"https:\/\/www.facebook.com\/plejadapl\" id=\"1b7f2b16-1c19-414a-94e7-e11e9749994d\" target=\"_blank\">Facebooku<\/a>, <a rel=\"nofollow noopener\" href=\"https:\/\/www.instagram.com\/plejadapl\/\" id=\"4f7358b4-09a9-46cc-b7f5-92670302927b\" target=\"_blank\">Instagramie<\/a>, <a rel=\"nofollow noopener\" href=\"https:\/\/www.youtube.com\/c\/plejada\" id=\"8a81f5df-3baa-4a36-9999-85b3710b5b5a\" target=\"_blank\">YouTubie<\/a> oraz <a rel=\"nofollow noopener\" href=\"https:\/\/www.tiktok.com\/@plejada_pl\" id=\"5dfd2f00-73c3-41aa-8bab-ce9263fa3bf9\" target=\"_blank\">TikToku<\/a>.<\/p>\n<p class=\"ods-c-paragraph \">Chcesz podzieli\u0107 si\u0119 ciekawym newsem lub zaproponowa\u0107 temat? Skontaktuj si\u0119 z nami, pisz\u0105c maila na adres: plejada@redakcjaonet.pl.<\/p>\n<p><script async src=\"\/\/www.instagram.com\/embed.js\"><\/script><script async src=\"\/\/www.tiktok.com\/embed.js\"><\/script><\/p>\n","protected":false},"excerpt":{"rendered":"Alicja Bachleda-Curu\u015b, znana polska aktorka i producentka, od lat \u0142\u0105czy \u017cycie zawodowe z prywatnym, b\u0119d\u0105c te\u017c matk\u0105. Jej&hellip;\n","protected":false},"author":2,"featured_media":231241,"comment_status":"","ping_status":"","sticky":false,"template":"","format":"standard","meta":{"footnotes":""},"categories":[22],"tags":[2729,2048,122,42025,48,125,46,42,38,40,39,41,123,47],"class_list":{"0":"post-231240","1":"post","2":"type-post","3":"status-publish","4":"format-standard","5":"has-post-thumbnail","7":"category-rozrywka","8":"tag-alicja_bachleda_curus","9":"tag-colin_farrell","10":"tag-entertainment","11":"tag-float_tst1","12":"tag-nat_styl","13":"tag-newsy","14":"tag-omp","15":"tag-pl","16":"tag-poland","17":"tag-polish","18":"tag-polska","19":"tag-polski","20":"tag-rozrywka","21":"tag-screening_general"},"share_on_mastodon":{"url":"https:\/\/pubeurope.com\/@pl\/115977506353851525","error":""},"_links":{"self":[{"href":"https:\/\/www.europesays.com\/pl\/wp-json\/wp\/v2\/posts\/231240","targetHints":{"allow":["GET"]}}],"collection":[{"href":"https:\/\/www.europesays.com\/pl\/wp-json\/wp\/v2\/posts"}],"about":[{"href":"https:\/\/www.europesays.com\/pl\/wp-json\/wp\/v2\/types\/post"}],"author":[{"embeddable":true,"href":"https:\/\/www.europesays.com\/pl\/wp-json\/wp\/v2\/users\/2"}],"replies":[{"embeddable":true,"href":"https:\/\/www.europesays.com\/pl\/wp-json\/wp\/v2\/comments?post=231240"}],"version-history":[{"count":0,"href":"https:\/\/www.europesays.com\/pl\/wp-json\/wp\/v2\/posts\/231240\/revisions"}],"wp:featuredmedia":[{"embeddable":true,"href":"https:\/\/www.europesays.com\/pl\/wp-json\/wp\/v2\/media\/231241"}],"wp:attachment":[{"href":"https:\/\/www.europesays.com\/pl\/wp-json\/wp\/v2\/media?parent=231240"}],"wp:term":[{"taxonomy":"category","embeddable":true,"href":"https:\/\/www.europesays.com\/pl\/wp-json\/wp\/v2\/categories?post=231240"},{"taxonomy":"post_tag","embeddable":true,"href":"https:\/\/www.europesays.com\/pl\/wp-json\/wp\/v2\/tags?post=231240"}],"curies":[{"name":"wp","href":"https:\/\/api.w.org\/{rel}","templated":true}]}}