{"id":231357,"date":"2026-01-29T09:48:08","date_gmt":"2026-01-29T09:48:08","guid":{"rendered":"https:\/\/www.europesays.com\/pl\/231357\/"},"modified":"2026-01-29T09:48:08","modified_gmt":"2026-01-29T09:48:08","slug":"oboz-trumpa-panikuje-popelniono-bledy-republikanie-szukaja-kozla-ofiarnego-i-obwiniaja-sie-nawzajem","status":"publish","type":"post","link":"https:\/\/www.europesays.com\/pl\/231357\/","title":{"rendered":"Ob\u00f3z Trumpa panikuje. &#8222;Pope\u0142niono b\u0142\u0119dy&#8221;. Republikanie szukaj\u0105 koz\u0142a ofiarnego i obwiniaj\u0105 si\u0119 nawzajem"},"content":{"rendered":"<p>Kluczowi urz\u0119dnicy administracji Trumpa dystansuj\u0105 si\u0119 od narracji, kt\u00f3r\u0105 stosowali bezpo\u015brednio po zab\u00f3jstwie Prettiego. Oskar\u017cali 37-letniego piel\u0119gniarza z oddzia\u0142u intensywnej terapii o bycie &#8222;krajowym terroryst\u0105&#8221;, kt\u00f3ry chcia\u0142 &#8222;wymordowa\u0107&#8221; agent\u00f3w federalnych. Teraz oficjalna linia nagle ulega zmianie.<\/p>\n<p>\u2014 Prawdopodobnie pope\u0142niono b\u0142\u0119dy, zar\u00f3wno polityczne, jak i taktyczne \u2014 m\u00f3wi w rozmowie z POLITICO urz\u0119dnik Departamentu Bezpiecze\u0144stwa Krajowego USA, kt\u00f3ry chcia\u0142 zachowa\u0107 anonimowo\u015b\u0107. Jak wskazuje, starcia mi\u0119dzy protestuj\u0105cymi a agentami s\u0142u\u017cb federalnych to tylko jedna strona medalu \u2014 rosn\u0105ca presja polityczna stawia administracj\u0119 prezydenta pod \u015bcian\u0105 i umieszcza j\u0105 w \u015brodku najwi\u0119kszego kryzysu od pocz\u0105tku drugiej kadencji Trumpa w Bia\u0142ym Domu.<\/p>\n<p class=\"ods-c-paragraph \">W \u015brod\u0119 28 stycznia Departament Bezpiecze\u0144stwa Krajowego poinformowa\u0142, \u017ce dwaj agenci, kt\u00f3rzy doprowadzili do \u015bmierci 37-letniego piel\u0119gniarza Alexa Prettiego, od soboty przebywaj\u0105 na urlopie. Wersja ta stoi w sprzeczno\u015bci z twierdzeniami odsuni\u0119tego od stanowiska dow\u00f3dcy stra\u017cy granicznej Grega Bovino, kt\u00f3ry utrzymywa\u0142, \u017ce agenci pracowali w innych miastach.<\/p>\n<p class=\"ods-c-paragraph \">Zast\u0119pca szefa sztabu Bia\u0142ego Domu do spraw polityki i bezpiecze\u0144stwa Stephen Miller obwini\u0142 S\u0142u\u017cb\u0119 Celn\u0105 i Ochrony Granic (U.S. Customs and Border Protection) za b\u0142\u0119dne informacje i potencjalne nieprzestrzeganie instrukcji Bia\u0142ego Domu. <a href=\"https:\/\/wiadomosci.onet.pl\/swiat\/szukanie-winnych-zamieszek-w-usa-wszystkie-palce-wskazuja-jedna-osobe\/k9p3qvr\" id=\"f4c03a03-c35a-48ce-93e1-30df67c719de\" rel=\"nofollow noopener\" target=\"_blank\">Sekretarz Departamentu Bezpiecze\u0144stwa Krajowego USA Kristi Noem<\/a>, kt\u00f3ra pocz\u0105tkowo stwierdzi\u0142a, \u017ce Pretti konfrontowa\u0142 si\u0119 z funkcjonariuszami s\u0142u\u017cb imigracyjnych ICE, aby &#8222;kontynuowa\u0107 przemoc&#8221; stara\u0142a si\u0119 przerzuci\u0107 odpowiedzialno\u015b\u0107, m\u00f3wi\u0105c, \u017ce dzia\u0142a\u0142a jedynie na polecenie Millera.<\/p>\n<p class=\"ods-c-paragraph \">\u2014 W ko\u0144cu pod wp\u0142ywem stresu rzeczy si\u0119 posypi\u0105, ludzie pope\u0142ni\u0105 b\u0142\u0119dy, a nast\u0119pnie zostanie to wykorzystane w mediach po obu stronach \u2014 i wszyscy zaczn\u0105 si\u0119 k\u0142\u00f3ci\u0107 \u2014 m\u00f3wi w rozmowie z POLITICO urz\u0119dnik Departamentu Bezpiecze\u0144stwa Krajowego USA, kt\u00f3ry chcia\u0142 zachowa\u0107 anonimowo\u015b\u0107.<\/p>\n<p> Dalszy ci\u0105g artyku\u0142u pod materia\u0142em wideo <\/p>\n<p class=\"ods-c-paragraph \">W ci\u0105gu czterech dni od strzelaniny Bia\u0142y Dom pr\u00f3bowa\u0142 opanowa\u0107 narastaj\u0105cy <a href=\"https:\/\/wiadomosci.onet.pl\/swiat\/szukanie-winnych-zamieszek-w-usa-wszystkie-palce-wskazuja-jedna-osobe\/k9p3qvr\" id=\"b6a75376-7a0b-431b-b483-1315d9519fd0\" rel=\"nofollow noopener\" target=\"_blank\">kryzys polityczny w Minneapolis<\/a>, zmieniaj\u0105c kurs poprzez zmian\u0119 przekazu i wys\u0142anie do Minneapolis Toma Homana, urz\u0119dnika odpowiedzialnego za sprawy graniczne, aby wsp\u00f3\u0142pracowa\u0142 z Demokratami. Bovino, kt\u00f3rego prezydent nazwa\u0142 &#8222;do\u015b\u0107 ekscentrycznym facetem&#8221;, zosta\u0142 przeniesiony poza Minnesot\u0119.<\/p>\n<p class=\"ods-c-paragraph \">Jednak zmiany personalne nie z\u0142agodzi\u0142y presji politycznej otaczaj\u0105cej administracj\u0119. Wielu republika\u0144skich prawodawc\u00f3w publicznie krytykuje reakcj\u0119 obozu Trumpa, w tym niekt\u00f3rzy, kt\u00f3rzy naciskali na zwolnienie Kristi Noem. Obecnie nad finansowaniem Urz\u0119du Imigracyjnego i Celnego (ICE) wisi cz\u0119\u015bciowe <a href=\"https:\/\/wiadomosci.onet.pl\/swiat\/shutdown-w-usa-poprzedni-trwal-35-dni-i-kosztowal-3-mld-dolarow\/kcc5gpm\" id=\"ecb617c9-1c91-4db1-b9a2-fce36f8237f1\" rel=\"nofollow noopener\" target=\"_blank\">zamkni\u0119cie rz\u0105du<\/a>, poniewa\u017c Demokraci domagaj\u0105 si\u0119 nowych ogranicze\u0144 dla tej agencji.<\/p>\n<p class=\"ods-c-paragraph \">&#8222;Musi by\u0107 odpowiedzialno\u015b\u0107&#8221; \u2014 powiedzia\u0142a senator Tina Smith. &#8222;To nie jest jaka\u015b lista \u017cycze\u0144. To naprawd\u0119 praktyczne, rozs\u0105dne rozwi\u0105zania, kt\u00f3re w znacznym stopniu przyczyni\u0142yby si\u0119 do zminimalizowania szk\u00f3d, kt\u00f3re obecnie obserwujemy w Minnesocie&#8221;.<\/p>\n<p>Bia\u0142y Dom pod \u015bcian\u0105<\/p>\n<p class=\"ods-c-paragraph \">Prezydent trzyma\u0142 si\u0119 \u015bci\u015ble ustalonego scenariusza, m\u00f3wi\u0105c dziennikarzom, \u017ce chce &#8222;bardzo <a href=\"https:\/\/wiadomosci.onet.pl\/swiat\/zabojstwo-alexa-prettiego-w-usa-jest-decyzja-w-sprawie-dwoch-funkcjonariuszy\/r351bs7\" id=\"a0bf85c0-b2e2-48e4-a027-d9b7f6003996\" rel=\"nofollow noopener\" target=\"_blank\">honorowego i uczciwego \u015bledztwa<\/a>&#8221; w sprawie \u015bmierci <a href=\"https:\/\/wiadomosci.onet.pl\/swiat\/strzelanina-w-minnesocie-prokurator-ujawnil-tozsamosc-ofiary\/538wf8g\" id=\"f776a32c-a2e4-4f1f-b031-bda7d512bbb5\" rel=\"nofollow noopener\" target=\"_blank\">Alexa Prettiego<\/a>. Trump zdystansowa\u0142 si\u0119 od okre\u015blenia &#8222;terrorysta&#8221;, kt\u00f3rego zar\u00f3wno Noem, jak i Miller u\u017cyli w kilka godzin po strzelaninie.<\/p>\n<p class=\"ods-c-paragraph \">Miller powiedzia\u0142, \u017ce Bia\u0142y Dom poleci\u0142 Departamentowi Bezpiecze\u0144stwa Krajowego (Department of Homeland Security, DHS) wykorzysta\u0107 dodatkowy personel Ameryka\u0144skiej S\u0142u\u017cby Celnej i Ochrony Granicznej (United States Customs and Border Protection, CBP), aby utrzyma\u0107 protestuj\u0105cych z dala od operacji zatrzymywania migrant\u00f3w.<\/p>\n<p>    <img decoding=\"async\" src=\"https:\/\/www.europesays.com\/pl\/wp-content\/uploads\/2026\/01\/_n7k9lBaHR0cHM6Ly9vY2RuLmV1L3B1bHNjbXMvTURBXy9iYzczNTc1YzkzY2JkYTg0ZGI5Y2FlYWVmNTIzZDUzMC5qcGeRlQLNB.jpeg\" height=\"676\" width=\"940\" style=\"min-height:676px;\" alt=\"Funkcjonariusze ICE \u015bcieraj\u0105 si\u0119 z protestuj\u0105cymi w Minneapolis, 24 stycznia 2026 r.\" loading=\"lazy\" class=\"ods-c-image__img ods-c-image__img--viewport-width\"\/> <\/p>\n<p>Funkcjonariusze ICE \u015bcieraj\u0105 si\u0119 z protestuj\u0105cymi w Minneapolis, 24 stycznia 2026 r.Richard Tsong-Taatarii\/The Minnesota Star Tribune \/ Contributor \/ Getty Images<\/p>\n<p class=\"ods-c-paragraph \">Powiedzia\u0142 r\u00f3wnie\u017c, \u017ce wst\u0119pna ocena, zgodnie z kt\u00f3r\u0105 Pretti wymachiwa\u0142 broni\u0105 i dopuszcza\u0142 si\u0119 &#8222;terroryzmu wewn\u0119trznego&#8221; tu\u017c przed zastrzeleniem, by\u0142a &#8222;oparta na raportach CBP z terenu&#8221;.<\/p>\n<p class=\"ods-c-paragraph \">\u2014 CBP przedstawi\u0142a wst\u0119pn\u0105 ocen\u0119, kt\u00f3ra ostatecznie okaza\u0142a si\u0119 niekompletna \u2014 m\u00f3wi w rozmowie z POLITICO wysoki rang\u0105 urz\u0119dnik Bia\u0142ego Domu.<\/p>\n<p class=\"ods-c-paragraph \"><a href=\"https:\/\/wiadomosci.onet.pl\/politico\/strach-zajrzal-republikanom-w-oczy-zaczynaja-kwestionowac-dzialania-ice-i-polityke\/kc6zqr3\" id=\"5b27eec0-7329-4ee9-bc5a-dfbb64a5de06\" rel=\"nofollow noopener\" target=\"_blank\">Napi\u0119cia mi\u0119dzy najwa\u017cniejszymi urz\u0119dnikami do spraw imigracji w administracji prezydenta<\/a> narasta\u0142y od miesi\u0119cy. Noem i Homan regularnie nie zgadzali si\u0119 co do sposobu realizacji programu masowych deportacji. Konkuruj\u0105 oni o wizerunek osoby sprawuj\u0105cej w\u0142adz\u0119. <\/p>\n<p class=\"ods-c-paragraph \">Miller, uwa\u017cany za architekta programu imigracyjnego, wywiera\u0142 presj\u0119 na DHS, aby realizowa\u0142 codzienne cele w zakresie aresztowa\u0144 i deportacji, co wed\u0142ug niekt\u00f3rych urz\u0119dnik\u00f3w DHS poskutkowa\u0142o agresywnym i chaotycznym podej\u015bciem funkcjonariuszy s\u0142u\u017cby migracyjnej ICE.<\/p>\n<p class=\"ods-c-paragraph \">Miller, jeden z najd\u0142u\u017cej s\u0142u\u017c\u0105cych i najbardziej wp\u0142ywowych doradc\u00f3w prezydenta, by\u0142 cz\u0119sto postrzegany przez pomocnik\u00f3w i sojusznik\u00f3w jako nietykalny. Jego wp\u0142yw wykracza obecnie daleko poza kwestie imigracyjne. Decyzja Millera o wycofaniu si\u0119 z okre\u015blania Prettiego mianem &#8222;krajowego terrorysty&#8221; mo\u017ce by\u0107 widziana jako rzadki przyk\u0142ad s\u0142abo\u015bci szefa polityki wewn\u0119trznej prezydenta.<\/p>\n<p class=\"ods-c-paragraph \">Urz\u0119dnik administracji Trumpa, kt\u00f3ry chcia\u0142 zachowa\u0107 anonimowo\u015b\u0107, powiedzia\u0142, \u017ce wydaje si\u0119, i\u017c Miller zosta\u0142 &#8222;os\u0142abiony&#8221;, ale doda\u0142, \u017ce &#8222;ogromnym b\u0142\u0119dem by\u0142oby go wyklucza\u0107&#8221;.<\/p>\n","protected":false},"excerpt":{"rendered":"Kluczowi urz\u0119dnicy administracji Trumpa dystansuj\u0105 si\u0119 od narracji, kt\u00f3r\u0105 stosowali bezpo\u015brednio po zab\u00f3jstwie Prettiego. Oskar\u017cali 37-letniego piel\u0119gniarza z&hellip;\n","protected":false},"author":2,"featured_media":231358,"comment_status":"","ping_status":"","sticky":false,"template":"","format":"standard","meta":{"footnotes":""},"categories":[14],"tags":[56,32,33,44,27,6956,34,35,37515,28,31,48,25,46,5027,40,1314,41,47,80,29,30,71,26,82,83,84],"class_list":{"0":"post-231357","1":"post","2":"type-post","3":"status-publish","4":"format-standard","5":"has-post-thumbnail","7":"category-swiat","8":"tag-article_premium","9":"tag-breaking-news","10":"tag-breakingnews","11":"tag-donald_trump","12":"tag-headlines","13":"tag-ice","14":"tag-latest-news","15":"tag-latestnews","16":"tag-minneapolis","17":"tag-naglowki","18":"tag-najwazniejsze-artykuly","19":"tag-nat_styl","20":"tag-news","21":"tag-omp","22":"tag-partia_republikanska","23":"tag-polish","24":"tag-politico","25":"tag-polski","26":"tag-screening_general","27":"tag-swiat","28":"tag-top-stories","29":"tag-topstories","30":"tag-usa","31":"tag-wiadomosci","32":"tag-world","33":"tag-world-news","34":"tag-worldnews"},"share_on_mastodon":{"url":"https:\/\/pubeurope.com\/@pl\/115977761824159260","error":""},"_links":{"self":[{"href":"https:\/\/www.europesays.com\/pl\/wp-json\/wp\/v2\/posts\/231357","targetHints":{"allow":["GET"]}}],"collection":[{"href":"https:\/\/www.europesays.com\/pl\/wp-json\/wp\/v2\/posts"}],"about":[{"href":"https:\/\/www.europesays.com\/pl\/wp-json\/wp\/v2\/types\/post"}],"author":[{"embeddable":true,"href":"https:\/\/www.europesays.com\/pl\/wp-json\/wp\/v2\/users\/2"}],"replies":[{"embeddable":true,"href":"https:\/\/www.europesays.com\/pl\/wp-json\/wp\/v2\/comments?post=231357"}],"version-history":[{"count":0,"href":"https:\/\/www.europesays.com\/pl\/wp-json\/wp\/v2\/posts\/231357\/revisions"}],"wp:featuredmedia":[{"embeddable":true,"href":"https:\/\/www.europesays.com\/pl\/wp-json\/wp\/v2\/media\/231358"}],"wp:attachment":[{"href":"https:\/\/www.europesays.com\/pl\/wp-json\/wp\/v2\/media?parent=231357"}],"wp:term":[{"taxonomy":"category","embeddable":true,"href":"https:\/\/www.europesays.com\/pl\/wp-json\/wp\/v2\/categories?post=231357"},{"taxonomy":"post_tag","embeddable":true,"href":"https:\/\/www.europesays.com\/pl\/wp-json\/wp\/v2\/tags?post=231357"}],"curies":[{"name":"wp","href":"https:\/\/api.w.org\/{rel}","templated":true}]}}