{"id":231363,"date":"2026-01-29T09:51:08","date_gmt":"2026-01-29T09:51:08","guid":{"rendered":"https:\/\/www.europesays.com\/pl\/231363\/"},"modified":"2026-01-29T09:51:08","modified_gmt":"2026-01-29T09:51:08","slug":"bedzie-git-media-widzew-i-legia-chca-47-krotnego-reprezentanta-polski","status":"publish","type":"post","link":"https:\/\/www.europesays.com\/pl\/231363\/","title":{"rendered":"B\u0119dzie git? Media: Widzew i Legia chc\u0105 47-krotnego reprezentanta Polski!"},"content":{"rendered":"<p class=\"art_paragraph\">29-latek opu\u015bci\u0142 polsk\u0105 lig\u0119 w 2019 roku, kiedy za 2,5 mln euro przeni\u00f3s\u0142 si\u0119 do PAOK-u Saloniki. Stamt\u0105d zosta\u0142 sprzedany za 4,5 mln euro do ameryka\u0144skiego Charlotte, sp\u0119dzi\u0142 kilka miesi\u0119cy na wypo\u017cyczeniu w Hellasie Verona, a od stycznia 2025 roku jest pi\u0142karzem greckiego Panathinaikosu. W 45 meczach strzeli\u0142 dla &#8222;Koniczyn&#8221; 12 goli i zaliczy\u0142 5 asyst.<\/p>\n<p>\n    Zobacz wideo Kosecki szczerze o zwolnieniu Urbana: To by\u0142o dla mnie strasznym ciosem\n  <\/p>\n<p> Widzew i Legia powalcz\u0105 o \u015awiderskiego?<\/p>\n<p class=\"art_paragraph\">Wed\u0142ug Piotra Wo\u0142osika, \u015awiderski nie mo\u017ce narzeka\u0107 na brak ofert, ale te dotycz\u0105 opcji wypo\u017cyczenia. Priorytetem Panathinaikosu jest natomiast sprzeda\u017c Polaka. Dziennikarz poinformowa\u0142, \u017ce \u015awiderskim zainteresowany by\u0142 Widzew \u0141\u00f3d\u017a, ale samo \u015brodowisko pi\u0142karza uzna\u0142o, \u017ce w tym klubie jest ju\u017c dw\u00f3ch \u015brodkowych napastnik\u00f3w,\u00a0Sebastian Bergier oraz\u00a0Andi Zeqiri. Przy takiej konkurencji \u0141\u00f3d\u017a nie jawi si\u0119 wi\u0119c jako optymalne miejsce do kontynuowania kariery.<\/p>\n<p class=\"art_paragraph\">Z kolei portal Paopantou, kt\u00f3ry jest skupiony wok\u00f3\u0142 Panathinaikosu, poinformowa\u0142, \u017ce 29-latkiem zainteresowana jest Legia Warszawa.<\/p>\n<p class=\"art_paragraph\">&#8222;Karol \u015awiderski, najskuteczniejszy strzelec dru\u017cyny, otrzyma\u0142 oferty od klub\u00f3w z Arabii Saudyjskiej i Polski, a Legia Warszawa mocno zabiega\u0142a o jego transfer. Sprawa jego transferu zosta\u0142a tymczasowo odroczona, ale Panathinaikos poinformowa\u0142, \u017ce do ko\u0144ca tygodnia zostanie rozstrzygni\u0119ta. Jednocze\u015bnie polski napastnik nie mo\u017ce gra\u0107 w Lidze Europy z powodu kartek, co wp\u0142ywa na decyzje klubu&#8221; &#8211; napisa\u0142 Paopantou.<\/p>\n<p class=\"art_paragraph\">W tym sezonie Ligi Europy \u015awiderski rozegra\u0142 siedem spotka\u0144, w kt\u00f3rych strzeli\u0142 cztery gole. Poza kierunkiem polskim oraz zainteresowaniem z Arabii Saudyjskiej, Polak otrzyma\u0142 oferty wypo\u017cycze\u0144 do Los Angeles Galaxy oraz klub\u00f3w z Hiszpanii i W\u0142och.<\/p>\n","protected":false},"excerpt":{"rendered":"29-latek opu\u015bci\u0142 polsk\u0105 lig\u0119 w 2019 roku, kiedy za 2,5 mln euro przeni\u00f3s\u0142 si\u0119 do PAOK-u Saloniki. Stamt\u0105d&hellip;\n","protected":false},"author":2,"featured_media":231364,"comment_status":"","ping_status":"","sticky":false,"template":"","format":"standard","meta":{"footnotes":""},"categories":[24],"tags":[42,38,40,39,41,127,126],"class_list":{"0":"post-231363","1":"post","2":"type-post","3":"status-publish","4":"format-standard","5":"has-post-thumbnail","7":"category-sport","8":"tag-pl","9":"tag-poland","10":"tag-polish","11":"tag-polska","12":"tag-polski","13":"tag-sport","14":"tag-sports"},"share_on_mastodon":{"url":"https:\/\/pubeurope.com\/@pl\/115977773662450420","error":""},"_links":{"self":[{"href":"https:\/\/www.europesays.com\/pl\/wp-json\/wp\/v2\/posts\/231363","targetHints":{"allow":["GET"]}}],"collection":[{"href":"https:\/\/www.europesays.com\/pl\/wp-json\/wp\/v2\/posts"}],"about":[{"href":"https:\/\/www.europesays.com\/pl\/wp-json\/wp\/v2\/types\/post"}],"author":[{"embeddable":true,"href":"https:\/\/www.europesays.com\/pl\/wp-json\/wp\/v2\/users\/2"}],"replies":[{"embeddable":true,"href":"https:\/\/www.europesays.com\/pl\/wp-json\/wp\/v2\/comments?post=231363"}],"version-history":[{"count":0,"href":"https:\/\/www.europesays.com\/pl\/wp-json\/wp\/v2\/posts\/231363\/revisions"}],"wp:featuredmedia":[{"embeddable":true,"href":"https:\/\/www.europesays.com\/pl\/wp-json\/wp\/v2\/media\/231364"}],"wp:attachment":[{"href":"https:\/\/www.europesays.com\/pl\/wp-json\/wp\/v2\/media?parent=231363"}],"wp:term":[{"taxonomy":"category","embeddable":true,"href":"https:\/\/www.europesays.com\/pl\/wp-json\/wp\/v2\/categories?post=231363"},{"taxonomy":"post_tag","embeddable":true,"href":"https:\/\/www.europesays.com\/pl\/wp-json\/wp\/v2\/tags?post=231363"}],"curies":[{"name":"wp","href":"https:\/\/api.w.org\/{rel}","templated":true}]}}