{"id":231514,"date":"2026-01-29T11:15:08","date_gmt":"2026-01-29T11:15:08","guid":{"rendered":"https:\/\/www.europesays.com\/pl\/231514\/"},"modified":"2026-01-29T11:15:08","modified_gmt":"2026-01-29T11:15:08","slug":"chmara-zapowiada-rewolucje-odetnie-czesc-zawodnikow-od-pieniedzy","status":"publish","type":"post","link":"https:\/\/www.europesays.com\/pl\/231514\/","title":{"rendered":"Chmara zapowiada rewolucj\u0119. Odetnie cz\u0119\u015b\u0107 zawodnik\u00f3w od pieni\u0119dzy"},"content":{"rendered":"\n<p class=\"contentpart contentpart--default contentpart--text\" data-position=\"0\">&#8211; Koniec z nadmiern\u0105 opieku\u0144czo\u015bci\u0105 wobec zawodnik\u00f3w, kt\u00f3rzy od lat nie uzyskali dobrych wynik\u00f3w. Czas rozlicza\u0107 ka\u017cdego, a niekiedy podejmowa\u0107 tak\u017ce trudne decyzje. Nie b\u0119d\u0119 si\u0119 tego obawia\u0142 &#8211; zapowiada wprost prezes PZLA, <a href=\"https:\/\/sportowefakty.wp.pl\/inne\/sebastian-chmara\" rel=\"nofollow noopener\" target=\"_blank\">Sebastian Chmara<\/a>. Po nieco ponad roku od wyboru go na stanowisko szefa polskiej lekkoatletyki, dzia\u0142acz zdecydowa\u0142 si\u0119 wprowadzi\u0107 rewolucj\u0119, kt\u00f3rej ofiarami mog\u0105 by\u0107 starsi zawodnicy.\u00a0\u00a0<br \/>Mateusz Puka, WP SportoweFakty: Polska lekkoatletyka jest pogr\u0105\u017cona w kryzysie, a na razie nie wida\u0107 szans, by sytuacja nied\u0142ugo mia\u0142a si\u0119 zmieni\u0107. Czy w Polsce jest kto\u015b, kto ma strategi\u0119, jak odwr\u00f3ci\u0107 t\u0119 sytuacj\u0119?<\/p>\n<p>  <img decoding=\"async\" src=\"https:\/\/v.wpimg.pl\/X3dwLnN2d1IFFTpdYUl6R0ZNbgcnEHQREVV2TGEGbUtRT2MdOlZ2RBQUKABgQjQcDRotCStBd1IAAWMeIlM7VgwYIAorQAdEFFk_GCkQJQ\" alt=\"\" width=\"45\" height=\"58\" loading=\"lazy\"\/>  <\/p>\n<p class=\"contentpart contentpart--default contentpart--text\" data-position=\"1\"><a href=\"https:\/\/sportowefakty.wp.pl\/inne\/sebastian-chmara\" rel=\"nofollow noopener\" target=\"_blank\">Sebastian Chmara<\/a>, prezes PZLA: Mamy ju\u017c kierunek dzia\u0142a\u0144 i cho\u0107 nie dla wszystkich b\u0119dzie on przyjemny, to zapewniam, \u017ce b\u0119dziemy konsekwentni. Licz\u0119 si\u0119, \u017ce jako prezes mog\u0119 by\u0107 z tego powodu ostro krytykowany, ale &#8211; moim zdaniem &#8211; tylko w ten spos\u00f3b za sze\u015b\u0107, osiem lat b\u0119dziemy mogli przywozi\u0107 po kilka medali z najwa\u017cniejszych imprez.<\/p>\n<p class=\"contentpart contentpart--default contentpart--text\" data-position=\"2\">Co zamierzacie zmieni\u0107?<br \/>Odbudowujemy d\u00f3\u0142 piramidy szkolenia, bardzo mocno inwestujemy w m\u0142odzie\u017c i trener\u00f3w. Niestety nie mamy nieograniczonych \u015brodk\u00f3w, wi\u0119c cz\u0119\u015b\u0107 pieni\u0119dzy przesuniemy na d\u00f3\u0142 ze szczytu, czyli od zawodnik\u00f3w, kt\u00f3rzy korzystali ze szkolenia i startowali na mi\u0119dzynarodowych imprezach.<\/p>\n<p class=\"contentpart contentpart--default contentpart--text\" data-position=\"3\">ZOBACZ WIDEO: Grzegorz Krychowiak zn\u00f3w w podr\u00f3\u017cy. Zobaczy\u0142 &#8222;Wrota Piekie\u0142&#8221;<\/p>\n<p class=\"contentpart contentpart--default contentpart--text\" data-position=\"5\">Co to konkretnie znaczy?<br \/>Do tej pory wysy\u0142ali\u015bmy na najwa\u017cniejsze zawody nawet 100-osobowe reprezentacje i finansowali\u015bmy r\u00f3wnie\u017c zawodnik\u00f3w, kt\u00f3rzy od lat kwalifikowali si\u0119 wy\u0142\u0105cznie poprzez ranking czy nawet z relokacji, a wi\u0119c nie spe\u0142niaj\u0105c minimum daj\u0105cego automatyczn\u0105 kwalifikacj\u0119. Ranking mia\u0142 charakter uzupe\u0142niaj\u0105cy i w praktyce cz\u0119sto oznacza\u0142 obecno\u015b\u0107 zawodnik\u00f3w, kt\u00f3rzy byli dope\u0142nieniem list startowych, bez realnych szans na rywalizacj\u0119 o czo\u0142owe miejsca. Od teraz oczekujemy progresu i jasnej wizji rozwoju. Je\u015bli kto\u015b przez 2-3 lata nie jest w stanie p\u00f3j\u015b\u0107 do przodu, a wci\u0105\u017c jest daleko od miejsca daj\u0105cego szans\u0119 na rywalizacj\u0119 w finale, to niestety nie b\u0119dziemy go finansowa\u0107 w takim stopniu. W zesz\u0142ym roku takie decyzje podj\u0119li\u015bmy w przypadku tyczkarza Roberta Sobery i kulomiotki Klaudii Kardasz.<\/p>\n<p>  <img decoding=\"async\" src=\"https:\/\/v.wpimg.pl\/X3dwLnN2d1IFFTpdYUl6R0ZNbgcnEHQREVV2TGEGbUtRT2MdOlZ2RBQUKABgQjQcDRotCStBd1IAAWMeIlM7VgwYIAorQAdEFFk_GCkQJQ\" alt=\"\" width=\"45\" height=\"58\" loading=\"lazy\"\/>  <\/p>\n<p class=\"contentpart contentpart--default contentpart--text\" data-position=\"6\">Tacy zawodnicy b\u0119d\u0105 musieli ko\u0144czy\u0107 karier\u0119?<br \/>To b\u0119dzie decyzja ka\u017cdego z zawodnik\u00f3w, ale zrobi\u0119 wszystko, by zaproponowa\u0107 ka\u017cdemu z nich jak najatrakcyjniejsz\u0105 \u015bcie\u017ck\u0119 kariery dwutorowej. Mamy wielu partner\u00f3w, kt\u00f3rzy szukaj\u0105 pracownik\u00f3w o konkretnych cechach charakteru, a sportowcy te cechy posiadaj\u0105. Nikomu nie zabior\u0119 marze\u0144, ale niestety zwi\u0105zek d\u0142u\u017cej nie mo\u017ce sobie pozwoli\u0107 na finansowanie takich zawodnik\u00f3w.<\/p>\n<p class=\"contentpart contentpart--default contentpart--text\" data-position=\"7\">O jakich oszcz\u0119dno\u015bciach m\u00f3wimy?<br \/>Roczny koszt szkolenia zawodnika wynosi od kilkudziesi\u0119ciu do nawet 300-400 tysi\u0119cy z\u0142otych. Doszli\u015bmy do momentu, w kt\u00f3rym musimy jeszcze odwa\u017cniej stawia\u0107 na m\u0142odzie\u017c, wi\u0119c je\u015bli kto\u015b ma je\u017adzi\u0107 na zawody w roli statyst\u00f3w, to niech to b\u0119d\u0105 ci, kt\u00f3rzy s\u0105 na pocz\u0105tku swojej kariery sportowej.<\/p>\n<p class=\"contentpart contentpart--default contentpart--text\" data-position=\"8\">Czy to oznacza, \u017ce za chwil\u0119 poza systemem finansowania mog\u0105 znale\u017a\u0107 si\u0119 <a href=\"https:\/\/sportowefakty.wp.pl\/biegi-lekkoatletyka\/damian-czykier\" rel=\"nofollow noopener\" target=\"_blank\">Damian Czykier<\/a>\u00a0lub medalistka olimpijska <a href=\"https:\/\/sportowefakty.wp.pl\/rzut-oszczepem\/maria-andrejczyk\" rel=\"nofollow noopener\" target=\"_blank\">Maria Andrejczyk<\/a>? Oboje spe\u0142niaj\u0105 wymienione przez pana kryteria.<br \/>Ka\u017cdy przypadek nale\u017cy analizowa\u0107 indywidualnie, bo nie ka\u017cdy zawodnik kt\u00f3remu np. na dw\u00f3ch imprezach z rz\u0119du posz\u0142o gorzej musi straci\u0107 finansowanie. Na pewno nie zostawimy bez wsparcia zawodnik\u00f3w po kontuzjach lub takich, kt\u00f3rzy w ka\u017cdej chwili mog\u0105 wywalczy\u0107 medal na mi\u0119dzynarodowej imprezie, a Maria z pewno\u015bci\u0105 jest tak\u0105 zawodniczk\u0105. Zreszt\u0105 ju\u017c teraz trenerzy konkretnych blok\u00f3w s\u0105 w kontakcie z ka\u017cdym zawodnikiem i jego trenerem. Nie chodzi o wywo\u0142anie strachu, a jedynie zmobilizowanie \u015brodowiska i uporz\u0105dkowanie spraw.<\/p>\n<p>  <img decoding=\"async\" src=\"https:\/\/v.wpimg.pl\/X3dwLnN2d1IFFTpdYUl6R0ZNbgcnEHQREVV2TGEGbUtRT2MdOlZ2RBQUKABgQjQcDRotCStBd1IAAWMeIlM7VgwYIAorQAdEFFk_GCkQJQ\" alt=\"\" width=\"45\" height=\"58\" loading=\"lazy\"\/>  <\/p>\n<p class=\"contentpart contentpart--default contentpart--text\" data-position=\"9\">Jakie s\u0105 pierwsze opinie \u015brodowiska na temat proponowanych przez pana zmian?<\/p>\n<p class=\"contentpart contentpart--default contentpart--text\" data-position=\"10\">My\u015bl\u0119, \u017ce wszyscy si\u0119 zgadzamy, \u017ce zawodnik, kt\u00f3ry od pi\u0119ciu lat nie by\u0142 w stanie spe\u0142ni\u0107 minimum, a na zawody je\u017adzi tylko dzi\u0119ki rankingowi i nie realizuje za\u0142o\u017ce\u0144 wynikowych podczas start\u00f3w, nie zas\u0142uguje na kolejn\u0105 szans\u0119. Ale je\u015bli kto\u015b jest zawodnikiem, kt\u00f3ry pokaza\u0142 w trakcie swojej kariery, \u017ce mo\u017ce walczy\u0107 o najwy\u017csze cele, a ma chwilowy kryzys, to nie musi obawia\u0107 si\u0119, \u017ce za chwil\u0119 straci finansowanie.<\/p>\n<p class=\"contentpart contentpart--default contentpart--text\" data-position=\"11\">To s\u0105 jednak zawsze bardzo emocjonalne momenty. Ju\u017c rok temu Klaudia Kardasz zarzuca\u0142a w\u0142adzom PZLA niesprawiedliwe traktowanie. Jest pan gotowy na wi\u0119cej takich sytuacji?<br \/>Po pierwsze, na tegoroczne halowe mistrzostwa \u015bwiata nie b\u0119dziemy stosowa\u0107 wyj\u0105tkowych ogranicze\u0144, bo jeste\u015bmy organizatorem i zale\u017cy nam na wystawieniu szerokiej reprezentacji. Po drugie, radykalnych decyzji nie b\u0119dzie tak\u017ce przed tegorocznymi mistrzostwami Europy w Birmingham. Wszelkie zmiany s\u0105 i b\u0119d\u0105 konsultowane ze \u015brodowiskiem zawodniczym. Ju\u017c dzi\u015b jestem przekonany, \u017ce te decyzje spotkaj\u0105 si\u0119 ze zrozumieniem.<\/p>\n<p>  <img decoding=\"async\" src=\"https:\/\/v.wpimg.pl\/X3dwLnN2d1IFFTpdYUl6R0ZNbgcnEHQREVV2TGEGbUtRT2MdOlZ2RBQUKABgQjQcDRotCStBd1IAAWMeIlM7VgwYIAorQAdEFFk_GCkQJQ\" alt=\"\" width=\"45\" height=\"58\" loading=\"lazy\"\/>  <\/p>\n<p class=\"contentpart contentpart--default contentpart--text\" data-position=\"12\">Jest pan na tyle zdeterminowany, \u017ce by\u0142by pan got\u00f3w odebra\u0107 \u015brodki na szkolenie wielkim gwiazdom, jak cho\u0107by Anicie W\u0142odarczyk?<br \/>Absolutnie nie m\u00f3wimy o takich przypadkach. <a href=\"https:\/\/sportowefakty.wp.pl\/rzut-mlotem\/anita-wlodarczyk\" rel=\"nofollow noopener\" target=\"_blank\">Anita W\u0142odarczyk<\/a>\u00a0to trzykrotna mistrzyni olimpijska, kt\u00f3ra wci\u0105\u017c utrzymuje najwy\u017cszy poziom. Przypomn\u0119, \u017ce podczas igrzysk olimpijskich w Pary\u017cu do medalu zabrak\u0142o jej kilku centymetr\u00f3w. Anita, Pawe\u0142 Fajdek, czy Wojciech Nowicki to wci\u0105\u017c nasze nadzieje medalowe, kt\u00f3re na kolejne imprezy kwalifikuj\u0105 si\u0119 sami. Zaznaczam jeszcze raz, w naszej koncepcji nie chodzi o utrudnianie \u017cycia najwybitniejszym reprezentantom.<\/p>\n<p class=\"contentpart contentpart--default contentpart--text\" data-position=\"13\">Na co chcecie przeznaczy\u0107 zaoszcz\u0119dzone w ten spos\u00f3b pieni\u0105dze?<br \/>Stawiamy na szkolenie m\u0142odzie\u017cy. Rozwijamy program &#8222;Lekkoatletyka dla Ka\u017cdego!\u201d, kt\u00f3rego bud\u017cet, w zale\u017cno\u015bci od roku, wynosi 8-10 milion\u00f3w z\u0142otych. To zreszt\u0105 jeden z kilku projekt\u00f3w, kt\u00f3re maj\u0105 na celu promowanie lekkiej atletyki w\u015br\u00f3d m\u0142odzie\u017cy. W naszych akcjach bior\u0105 udzia\u0142 \u0142\u0105cznie dziesi\u0105tki tysi\u0119cy m\u0142odych ludzi. Wsp\u00f3\u0142pracujemy z 600 trenerami, kt\u00f3rzy w tym roku dostan\u0105 jasne wytyczne, co do systemu szkolenia. W przypadku najm\u0142odszych stawiamy na ujednolicony plan szkolenia wszechstronnego, kt\u00f3ry dopiero na p\u00f3\u017aniejszym etapie b\u0119dzie stawa\u0142 si\u0119 bardziej specjalistyczny. Chcemy te\u017c na wst\u0119pnym etapie preselekcji mocniej skoncentrowa\u0107 si\u0119 na konkurencjach technicznych, gdzie obserwujemy spory regres, a przecie\u017c w\u0142a\u015bnie tam mamy du\u017ce szanse medalowe. Nieco odwa\u017cniej chcemy tez podej\u015b\u0107 do zmiany specjalizacji.<\/p>\n<p>  <img decoding=\"async\" src=\"https:\/\/v.wpimg.pl\/X3dwLnN2d1IFFTpdYUl6R0ZNbgcnEHQREVV2TGEGbUtRT2MdOlZ2RBQUKABgQjQcDRotCStBd1IAAWMeIlM7VgwYIAorQAdEFFk_GCkQJQ\" alt=\"\" width=\"45\" height=\"58\" loading=\"lazy\"\/>  <\/p>\n<p class=\"contentpart contentpart--default contentpart--text\" data-position=\"14\">Co to konkretnie oznacza w praktyce?<br \/>Przyk\u0142ady Anny Kie\u0142basi\u0144skiej, czy Mariki Drapa\u0142y-Popowicz pokazuj\u0105, \u017ce na ka\u017cdym etapie kariery warto szuka\u0107 konkurencji, w kt\u00f3rej ma si\u0119 wi\u0119ksze szanse na rozw\u00f3j. B\u0119dziemy stymulowa\u0107 zawodnik\u00f3w, by na przyk\u0142ad zdolni sprinterzy, kt\u00f3rzy nie robi\u0105 progresu, szukali swoich szans na 400 metr\u00f3w, czy w skoku w dal. Musimy troch\u0119 zmieni\u0107 mentalno\u015b\u0107 i by\u0107 bardziej otwarci na zmiany.<\/p>\n<p class=\"contentpart contentpart--default contentpart--text\" data-position=\"15\">Trenerzy b\u0119d\u0105 gotowi na wcielenie tej strategii w \u017cycie?<br \/>Wierz\u0119, \u017ce tak. Za wsp\u00f3\u0142prac\u0119 z trenerami w obszarze ich rozwoju odpowiada <a href=\"https:\/\/sportowefakty.wp.pl\/skok-o-tyczce\/monika-pyrek\" rel=\"nofollow noopener\" target=\"_blank\">Monika Pyrek<\/a>. B\u0119dziemy organizowa\u0107 wi\u0119cej szkole\u0144 trener\u00f3w na szczeblu okr\u0119gowym i og\u00f3lnopolskim z zagranicznymi ekspertami, a kto nie b\u0119dzie chcia\u0142 si\u0119 szkoli\u0107, na pocz\u0105tku b\u0119dzie musia\u0142 wi\u0119cej p\u0142aci\u0107 za licencj\u0119, a z czasem sam si\u0119 wykluczy z systemu. Mamy wielu szkoleniowc\u00f3w z ogromn\u0105 wiedz\u0105 w kluczowych dyscyplinach i chcemy, aby by\u0142a ona przekazywana m\u0142odszym pokoleniom trener\u00f3w. Wierz\u0119, \u017ce dzi\u0119ki temu nie przeoczymy diament\u00f3w i b\u0119dziemy w stanie odpowiednio si\u0119 nimi zaopiekowa\u0107 na ka\u017cdym etapie rozwoju.<\/p>\n<p class=\"contentpart contentpart--default contentpart--text\" data-position=\"16\">W jaki spos\u00f3b b\u0119dziecie weryfikowa\u0107 prac\u0119 trener\u00f3w?<br \/>Przede wszystkim przez efekty pracy. B\u0119dziemy patrze\u0107 na d\u0142ugofalowy rozw\u00f3j zawodnik\u00f3w, a nie na pojedyncze wyniki. Liczy\u0107 si\u0119 b\u0119dzie progres w kolejnych sezonach, jako\u015b\u0107 planowania treningowego, umiej\u0119tno\u015b\u0107 wsp\u00f3\u0142pracy z opiekunami konkurencji oraz otwarto\u015b\u0107 na szkolenia i nowe rozwi\u0105zania. Trenerzy, u kt\u00f3rych przez kilka lat nie wida\u0107 post\u0119pu i kt\u00f3rzy nie chc\u0105 korzysta\u0107 z dost\u0119pnej wiedzy, musz\u0105 liczy\u0107 si\u0119 z ograniczeniem miejsca w systemie.<\/p>\n<p class=\"contentpart contentpart--default contentpart--text\" data-position=\"17\">Czy to prawda, \u017ce reorganizacji ulegnie tak\u017ce opieka nad kadr\u0105 B?<br \/>Obecnie w kadrze B mamy oko\u0142o tysi\u0105ca zawodnik\u00f3w, a ich obecno\u015b\u0107 w tym gronie sprowadza si\u0119 do kilku zgrupowa\u0144 rocznie, z regu\u0142y przed mistrzostwami Polski na hali i stadionie. To moim zdaniem nieefektywny system, kt\u00f3ry nie daje w\u0142a\u015bciwej kontroli nad rozwojem zawodnik\u00f3w i nie wspiera dostatecznie ich trener\u00f3w. Zamiast dwutygodniowego obozu chcemy organizowa\u0107 wi\u0119cej kilkudniowych konsultacji. Wiod\u0105cy trenerzy w konkretnych konkurencjach b\u0119d\u0105 mogli przyjrze\u0107 si\u0119 rozwojowi zawodnik\u00f3w miesi\u0105c po miesi\u0105cu, skonsultowa\u0107 ich plany treningowe z trenerami klubowymi i wymieni\u0107 si\u0119 swoimi uwagami podczas zaj\u0119\u0107.<\/p>\n<p class=\"contentpart contentpart--default contentpart--text\" data-position=\"18\">Czy trenerzy b\u0119d\u0105 ch\u0119tni, by a\u017c tak mocno ingerowa\u0107 w ich plan?<br \/>Je\u015bli chcemy odbudowa\u0107 wyniki, to nie mamy wyj\u015bcia. Najwy\u017cszy czas, by trenerzy nie traktowali innych trener\u00f3w, jak rywali, a zamiast si\u0119 k\u0142\u00f3ci\u0107, po prostu wymieniali si\u0119 opiniami i sprawdzali pomys\u0142y w praktyce. My musimy znale\u017a\u0107 na to finansowanie.<\/p>\n<p class=\"contentpart contentpart--default contentpart--text\" data-position=\"19\">To wszystko brzmi jak pomys\u0142 na rewolucj\u0119.<br \/>Jestem ju\u017c po serii spotka\u0144 i mog\u0119 powiedzie\u0107, \u017ce zacz\u0119li\u015bmy wdra\u017ca\u0107 ten plan. Ludziom z boku pozostawiam ocen\u0119, czy m\u00f3wimy o rewolucji, czy ewolucji. Nie wymy\u015blili\u015bmy jednak niczego nowego, a jedynie zebrali\u015bmy wiele rzeczy, kt\u00f3re sprawdza\u0142y si\u0119 w przesz\u0142o\u015bci. Wierz\u0119, \u017ce w ten spos\u00f3b w ci\u0105gu o\u015bmiu lat jeste\u015bmy w stanie odmieni\u0107 sytuacj\u0119 w lekkoatletyce i to mimo tego, \u017ce warunki nie s\u0105 sprzyjaj\u0105ce, a cel jest trudniejszy ni\u017c kiedykolwiek.<\/p>\n<p class=\"contentpart contentpart--default contentpart--text\" data-position=\"20\">Dlaczego ma by\u0107 trudniej ni\u017c kiedy\u015b?<br \/>Niestety mamy du\u017co s\u0142absz\u0105 m\u0142odzie\u017c i nie m\u00f3wi\u0119 tu o subiektywnych odczuciach, ale o wynikach bada\u0144 i test\u00f3w. Pokaza\u0142y one, \u017ce do sportu trafiaj\u0105 dzisiaj dzieci o zdecydowanie ni\u017cszym potencjale. Potrzebujemy oko\u0142o roku regularnej pracy, by doprowadzi\u0107 je do poziomu, na kt\u00f3rym zg\u0142asza\u0142y si\u0119 one do nas dekad\u0119 temu. Pierwszy etap selekcji jest du\u017co trudniejszy.<\/p>\n<p class=\"contentpart contentpart--default contentpart--text\" data-position=\"21\">Co z rz\u0105dowym programem &#8222;Sportowe Talenty\u201d, kt\u00f3ry zak\u0142ada\u0142 budow\u0119 og\u00f3lnopolskiej bazy najzdolniejszych sportowo dzieci? Uda\u0142o si\u0119 ju\u017c wy\u0142owi\u0107 dzi\u0119ki temu potencjalne gwiazdy?<br \/>Niestety ani ja, ani prezesi wojew\u00f3dzkich zwi\u0105zk\u00f3w, czy trenerzy w klubach nie maj\u0105 dost\u0119pu do tych danych, wi\u0119c trudno mi si\u0119 wypowiada\u0107 o tym programie. Bardzo kibicuj\u0119, by w ko\u0144cu zacz\u0119\u0142o to funkcjonowa\u0107, ale niestety na razie lekkoatletyka nie korzysta z owoc\u00f3w tej pracy. Oby to si\u0119 zmieni\u0142o jak najszybciej, bo musimy coraz precyzyjniej wychwytywa\u0107 talenty. Obecnie dzieci nie sp\u0119dzaj\u0105 ju\u017c tyle czasu na podw\u00f3rkach, wi\u0119cej siedz\u0105 przed telefonami. Poza tym sport nie jest ju\u017c tak atrakcyjnym magnesem, jak jeszcze kilkana\u015bcie lat temu. Dotarcie do jednostek jest w takich warunkach kluczowe.<\/p>\n<p class=\"contentpart contentpart--default contentpart--text\" data-position=\"22\">Akurat na kszta\u0142towanie atrakcyjno\u015bci sportu ma pan obecnie wp\u0142yw jako prezes PZLA.<br \/>Niekoniecznie. Jeste\u015bmy spo\u0142ecze\u0144stwem bogac\u0105cym si\u0119, a w wi\u0119kszo\u015bci przypadk\u00f3w wygodniej i \u0142atwiej mo\u017cna \u017cy\u0107 poza sportem. Regularne treningi wymagaj\u0105 wielu wyrzecze\u0144 i wyj\u015bcia poza sfer\u0119 komfortu, a gwarancji sukcesu nigdy nie b\u0119dzie.<\/p>\n<p class=\"contentpart contentpart--default contentpart--text\" data-position=\"23\">Gdzie\u015b jednak pope\u0142nili\u015bmy b\u0142\u0105d, \u017ce \u015bwiat a\u017c tak mocno nam odjecha\u0142. Czy ma pan ju\u017c diagnoz\u0119 b\u0142\u0119d\u00f3w ostatnich lat?<br \/>Naj\u0142atwiej by\u0142oby wskaza\u0107 palcem, kto jest winnym, ale to du\u017co bardziej z\u0142o\u017cona sprawa. W lekkoatletyce do walki o medale w\u0142\u0105czy\u0142o si\u0119 wiele innych kraj\u00f3w, a Europa mierzy si\u0119 z nowymi problemami, o kt\u00f3rych wspomnia\u0142em wcze\u015bniej. Wszyscy jako wz\u00f3r wymieniaj\u0105 dzi\u015b Holandi\u0119, ale ich reprezentacja te\u017c opiera si\u0119 o kilka gwiazd. Za kilka lat i oni mog\u0105 mie\u0107 taki sam problem, jak my teraz.<\/p>\n<p class=\"contentpart contentpart--default contentpart--text\" data-position=\"24\">Zanim zobaczymy pierwsze efekty zmian, czekaj\u0105 nas kolejne wielkie imprezy, na kt\u00f3rych nasi zawodnicy raczej nie b\u0119d\u0105 pierwszoplanowymi postaciami. Nie boi si\u0119 pan, \u017ce zostanie zapami\u0119tany w\u0142a\u015bnie przez pryzmat kolejnych pora\u017cek naszej reprezentacji?<br \/>Doskonale wiedzia\u0142em, \u017ce trafiam na lata kryzysu i musz\u0119 skupi\u0107 si\u0119 na odbudowie potencja\u0142u dyscypliny. Nie mam problemu z merytoryczn\u0105 krytyk\u0105 i chc\u0119 pracowa\u0107, by sytuacja zmieni\u0142a si\u0119 jak najszybciej. Nie jestem jednak na tyle naiwny, by wierzy\u0107, \u017ce to kwestia roku, czy dw\u00f3ch. B\u0119d\u0119 mia\u0142 jednak gigantyczn\u0105 satysfakcj\u0119, gdy system, kt\u00f3ry obecnie budujemy, przyniesie efekty za 8-12 lat. Zreszt\u0105 nie zgadzam si\u0119 z pesymistyczn\u0105 wersj\u0105 i wierz\u0119, \u017ce nawet teraz sta\u0107 nas na medale. To nie jest tak, \u017ce nie mamy zawodnik\u00f3w, bo wci\u0105\u017c realnie mo\u017cna m\u00f3wi\u0107 o przynajmniej kilku szansach medalowych.<\/p>\n<p class=\"contentpart contentpart--default contentpart--text\" data-position=\"25\">Rozmawia\u0142 Mateusz Puka, dziennikarz WP SportoweFakty<\/p>\n","protected":false},"excerpt":{"rendered":"&#8211; Koniec z nadmiern\u0105 opieku\u0144czo\u015bci\u0105 wobec zawodnik\u00f3w, kt\u00f3rzy od lat nie uzyskali dobrych wynik\u00f3w. Czas rozlicza\u0107 ka\u017cdego, a&hellip;\n","protected":false},"author":2,"featured_media":231515,"comment_status":"","ping_status":"","sticky":false,"template":"","format":"standard","meta":{"footnotes":""},"categories":[24],"tags":[522,42191,42,38,40,39,41,18636,954,27190,127,126],"class_list":{"0":"post-231514","1":"post","2":"type-post","3":"status-publish","4":"format-standard","5":"has-post-thumbnail","7":"category-sport","8":"tag-lekkoatletyka","9":"tag-monika-pyrek","10":"tag-pl","11":"tag-poland","12":"tag-polish","13":"tag-polska","14":"tag-polski","15":"tag-pzla","16":"tag-rzut-mlotem","17":"tag-sebastian-chmara","18":"tag-sport","19":"tag-sports"},"share_on_mastodon":{"url":"https:\/\/pubeurope.com\/@pl\/115978104013322760","error":""},"_links":{"self":[{"href":"https:\/\/www.europesays.com\/pl\/wp-json\/wp\/v2\/posts\/231514","targetHints":{"allow":["GET"]}}],"collection":[{"href":"https:\/\/www.europesays.com\/pl\/wp-json\/wp\/v2\/posts"}],"about":[{"href":"https:\/\/www.europesays.com\/pl\/wp-json\/wp\/v2\/types\/post"}],"author":[{"embeddable":true,"href":"https:\/\/www.europesays.com\/pl\/wp-json\/wp\/v2\/users\/2"}],"replies":[{"embeddable":true,"href":"https:\/\/www.europesays.com\/pl\/wp-json\/wp\/v2\/comments?post=231514"}],"version-history":[{"count":0,"href":"https:\/\/www.europesays.com\/pl\/wp-json\/wp\/v2\/posts\/231514\/revisions"}],"wp:featuredmedia":[{"embeddable":true,"href":"https:\/\/www.europesays.com\/pl\/wp-json\/wp\/v2\/media\/231515"}],"wp:attachment":[{"href":"https:\/\/www.europesays.com\/pl\/wp-json\/wp\/v2\/media?parent=231514"}],"wp:term":[{"taxonomy":"category","embeddable":true,"href":"https:\/\/www.europesays.com\/pl\/wp-json\/wp\/v2\/categories?post=231514"},{"taxonomy":"post_tag","embeddable":true,"href":"https:\/\/www.europesays.com\/pl\/wp-json\/wp\/v2\/tags?post=231514"}],"curies":[{"name":"wp","href":"https:\/\/api.w.org\/{rel}","templated":true}]}}