{"id":231524,"date":"2026-01-29T11:20:10","date_gmt":"2026-01-29T11:20:10","guid":{"rendered":"https:\/\/www.europesays.com\/pl\/231524\/"},"modified":"2026-01-29T11:20:10","modified_gmt":"2026-01-29T11:20:10","slug":"wiemy-jak-dlugo-potrwa-fala-mrozow-nieoczekiwany-zwrot-w-nowych-prognozach","status":"publish","type":"post","link":"https:\/\/www.europesays.com\/pl\/231524\/","title":{"rendered":"Wiemy, jak d\u0142ugo potrwa fala mroz\u00f3w. Nieoczekiwany zwrot w nowych prognozach"},"content":{"rendered":"<p class=\"Paragraph_desktopParagraph__U31Gm\">Tak jak ju\u017c pisali\u015bmy dzi\u015b w Onecie, wkraczamy w jedn\u0105 z najwi\u0119kszych fal mroz\u00f3w tej zimy. Pod koniec tygodnia, ale tak\u017ce w poniedzia\u0142ek i wtorek, w ca\u0142ej Polsce zapowiadamy ca\u0142odobowy mr\u00f3z. Popo\u0142udniami na wschodzie, p\u00f3\u0142nocy i w centrum mo\u017ce by\u0107 -15\/-10 st. C. <a href=\"https:\/\/wiadomosci.onet.pl\/pogoda\/to-bedzie-jedno-z-silniejszych-uderzen-mrozow-tej-zimy-jest-data-apogeum-mapy\/fdgcdcv\" id=\"5489e785-1261-4f82-aeb6-9163de606540\" rel=\"nofollow noopener\" target=\"_blank\">Natomiast nocami na wsch\u00f3d od linii Wis\u0142y niewykluczone s\u0105 spadki do -20 st. C, a na p\u00f3\u0142nocnym wschodzie a\u017c do -25 st. C.<\/a> Przy gruncie b\u0119dzie jeszcze mro\u017aniej.<\/p>\n<p class=\"VideoPlayerText_videoPlayerText__iDwyz\">Dalszy ci\u0105g materia\u0142u pod wideo<\/p>\n<ul class=\"OchatFollowUps_wrapper__1ry7X\">\n<li class=\"OchatFollowUps_item__Dhyly OchatFollowUps_itemDesktop__R6aBv\">Jak d\u0142ugo potrwa fala mroz\u00f3w?<\/li>\n<li class=\"OchatFollowUps_item__Dhyly OchatFollowUps_itemDesktop__R6aBv\">Jakie temperatury mog\u0105 wyst\u0105pi\u0107 w Polsce?<\/li>\n<li class=\"OchatFollowUps_item__Dhyly OchatFollowUps_itemDesktop__R6aBv\">Kiedy spodziewane jest ocieplenie?<\/li>\n<li class=\"OchatFollowUps_item__Dhyly OchatFollowUps_itemDesktop__R6aBv\">Czy b\u0119dzie pada\u0107 \u015bnieg lub deszcz?<\/li>\n<\/ul>\n<p>Z jednej skrajno\u015bci w drug\u0105. Po fali mroz\u00f3w mo\u017ce nadej\u015b\u0107 nieoczekiwany zwrot w pogodzie <\/p>\n<p class=\"Paragraph_desktopParagraph__U31Gm\">Prognozujemy, \u017ce najp\u00f3\u017aniej w okolicach \u015brody wy\u017c rosyjski, jaki sprowadzi nam du\u017ce och\u0142odzenie, zacznie odsuwa\u0107 si\u0119 od Polski, a z po\u0142udniowego zachodu nasun\u0105 si\u0119 ni\u017ce wraz z frontami atmosferycznymi. Oznacza to, \u017ce zachmurzenie znowu wzro\u015bnie i zacznie pada\u0107, czasami nieco mocniej i to prawdopodobnie w ka\u017cdym regionie. Niewykluczony jest zar\u00f3wno deszcz, jak i <a href=\"https:\/\/wiadomosci.onet.pl\/snieg\" id=\"911fc1e5-a1f6-46a2-aa18-2792a430a16e\" rel=\"nofollow noopener\" target=\"_blank\">\u015bnieg<\/a>. Kolejny raz mog\u0105 wyst\u0105pi\u0107 r\u00f3wnie\u017c opady marzn\u0105ce powoduj\u0105ce go\u0142oled\u017a.<\/p>\n<p><img decoding=\"async\" class=\"Image_image__0tuHp Image_autoHeight__f2n87 \" height=\"524\" width=\"750\" src=\"https:\/\/www.europesays.com\/pl\/wp-content\/uploads\/2026\/01\/rLUk9kpTURBXy83ZDdjMjg5NWY5NzNmYjBiNzI1YTNlYmIwMmE4ZTVkMy5wbmeRlQLNA6wAwsPeAAOhMAGhMQGhM8M.jpeg\" alt=\"W po\u0142owie przysz\u0142ego tygodnia do ca\u0142ej Polski mog\u0105 wr\u00f3ci\u0107 opady, zar\u00f3wno deszczu, jak i \u015bniegu\" loading=\"lazy\" \/>wxcharts<\/p>\n<p>W po\u0142owie przysz\u0142ego tygodnia do ca\u0142ej Polski mog\u0105 wr\u00f3ci\u0107 opady, zar\u00f3wno deszczu, jak i \u015bniegu<\/p>\n<p class=\"Paragraph_desktopParagraph__U31Gm\">Co wa\u017cne, <a href=\"https:\/\/wiadomosci.onet.pl\/temperatura\" id=\"a3930b04-9e5c-4e23-a252-327ad6328d87\" rel=\"nofollow noopener\" target=\"_blank\">temperatura<\/a> znowu raz stanie na g\u0142owie. Mo\u017cliwe, \u017ce z po\u0142udnia nap\u0142ynie do nas du\u017co cieplejsze powietrze. Wed\u0142ug niekt\u00f3rych prognoz przynajmniej na po\u0142udniu kraju w okolicach przysz\u0142ego czwartku mo\u017cemy mie\u0107 a\u017c 5-10 st. C. Dodatnie temperatury utrzymaj\u0105 si\u0119 tam te\u017c nocami.<\/p>\n<p><img decoding=\"async\" class=\"Image_image__0tuHp Image_autoHeight__f2n87 \" height=\"524\" width=\"750\" src=\"https:\/\/www.europesays.com\/pl\/wp-content\/uploads\/2026\/01\/b3fk9kpTURBXy8wYmM2ZDc2NDkzMjFjZmRjYmU1MzYyMGEwZWZiYmYyYy5wbmeRlQLNA6wAwsPeAAOhMAGhMQGhM8M.jpeg\" alt=\"Szczeg\u00f3lnie na po\u0142udniu jest szansa na kr\u00f3tkotrwa\u0142y wzrost temperatury\" loading=\"lazy\" \/>wxcharts<\/p>\n<p>Szczeg\u00f3lnie na po\u0142udniu jest szansa na kr\u00f3tkotrwa\u0142y wzrost temperatury<\/p>\n<p class=\"Paragraph_desktopParagraph__U31Gm\">Im dalej na p\u00f3\u0142noc, tym prognozujemy ni\u017csze warto\u015bci i jest szansa, \u017ce nad Pomorze czy Mazury odwil\u017c nie dotrze i nadal b\u0119dzie mro\u017ano.<\/p>\n<p><img decoding=\"async\" class=\"Image_image__0tuHp Image_autoHeight__f2n87 \" height=\"524\" width=\"750\" src=\"https:\/\/www.europesays.com\/pl\/wp-content\/uploads\/2026\/01\/NSKk9kpTURBXy9kZWYyMGM0YTcxZjM5MTg5MTQ5NTVmNDk3YzRmNGM3My5wbmeRlQLNA6wAwsPeAAOhMAGhMQGhM8M.jpeg\" alt=\"Nad Polsk\u0105 mo\u017ce zarysowa\u0107 si\u0119 podzia\u0142 na regiony mro\u017ane i du\u017co cieplejsze\" loading=\"lazy\" \/>wxcharts<\/p>\n<p>Nad Polsk\u0105 mo\u017ce zarysowa\u0107 si\u0119 podzia\u0142 na regiony mro\u017ane i du\u017co cieplejsze<\/p>\n<p class=\"Paragraph_desktopParagraph__U31Gm\">Zaznaczamy jednak, \u017ce prognozy s\u0105 niestabilne i mog\u0105 ulega\u0107 zmianom, zar\u00f3wno w kierunku przewagi ciep\u0142a, jak i zimna. Pewne wydaje si\u0119 na razie to, \u017ce w po\u0142owie przysz\u0142ego tygodnia fala mroz\u00f3w przynajmniej mocno zel\u017ceje. Prawdopodobne jest te\u017c, \u017ce nawet je\u017celi rzeczywi\u015bcie za tydzie\u0144 pojawi si\u0119 wi\u0119ksza odwil\u017c, to nie na d\u0142ugo. Wed\u0142ug d\u0142ugoterminowych prognoz jeszcze przed 10 lutego mro\u017ana i \u015bnie\u017cna zima powinna wr\u00f3ci\u0107. Najnowsze przewidywania b\u0119dziemy na bie\u017c\u0105co przedstawia\u0107 w Onecie.<\/p>\n<p><img decoding=\"async\" class=\"Image_image__0tuHp Image_autoHeight__f2n87 \" height=\"524\" width=\"750\" src=\"https:\/\/www.europesays.com\/pl\/wp-content\/uploads\/2026\/01\/wFhk9kpTURBXy9jYTViNWM4MTRlNWQxZjU3NTFmOWI5MzI4ZWUyMzVhOC5wbmeRlQLNA6wAwsPeAAOhMAGhMQGhM8M.jpeg\" alt=\"Zima ca\u0142y czas ma jednak by\u0107 silniejsza i jeszcze przed 10 lutego zn\u00f3w powinna zdominowa\u0107 Polsk\u0119\" loading=\"lazy\" \/>wxcharts<\/p>\n<p>Zima ca\u0142y czas ma jednak by\u0107 silniejsza i jeszcze przed 10 lutego zn\u00f3w powinna zdominowa\u0107 Polsk\u0119<\/p>\n","protected":false},"excerpt":{"rendered":"Tak jak ju\u017c pisali\u015bmy dzi\u015b w Onecie, wkraczamy w jedn\u0105 z najwi\u0119kszych fal mroz\u00f3w tej zimy. Pod koniec&hellip;\n","protected":false},"author":2,"featured_media":231525,"comment_status":"","ping_status":"","sticky":false,"template":"","format":"standard","meta":{"footnotes":""},"categories":[12],"tags":[32,33,36,37,27,67,34,35,6987,28,31,53,25,52,68,51,55,42,78,38,40,39,41,47,29,30,65,50,26,7441],"class_list":{"0":"post-231524","1":"post","2":"type-post","3":"status-publish","4":"format-standard","5":"has-post-thumbnail","7":"category-polska","8":"tag-breaking-news","9":"tag-breakingnews","10":"tag-featured-news","11":"tag-featurednews","12":"tag-headlines","13":"tag-intextvideo_splayer","14":"tag-latest-news","15":"tag-latestnews","16":"tag-mroz","17":"tag-naglowki","18":"tag-najwazniejsze-artykuly","19":"tag-new_header","20":"tag-news","21":"tag-onet3","22":"tag-onet3d","23":"tag-onet3d_2i","24":"tag-phx","25":"tag-pl","26":"tag-pogoda","27":"tag-poland","28":"tag-polish","29":"tag-polska","30":"tag-polski","31":"tag-screening_general","32":"tag-top-stories","33":"tag-topstories","34":"tag-update_me","35":"tag-v2021","36":"tag-wiadomosci","37":"tag-zima"},"share_on_mastodon":{"url":"https:\/\/pubeurope.com\/@pl\/115978123611746080","error":""},"_links":{"self":[{"href":"https:\/\/www.europesays.com\/pl\/wp-json\/wp\/v2\/posts\/231524","targetHints":{"allow":["GET"]}}],"collection":[{"href":"https:\/\/www.europesays.com\/pl\/wp-json\/wp\/v2\/posts"}],"about":[{"href":"https:\/\/www.europesays.com\/pl\/wp-json\/wp\/v2\/types\/post"}],"author":[{"embeddable":true,"href":"https:\/\/www.europesays.com\/pl\/wp-json\/wp\/v2\/users\/2"}],"replies":[{"embeddable":true,"href":"https:\/\/www.europesays.com\/pl\/wp-json\/wp\/v2\/comments?post=231524"}],"version-history":[{"count":0,"href":"https:\/\/www.europesays.com\/pl\/wp-json\/wp\/v2\/posts\/231524\/revisions"}],"wp:featuredmedia":[{"embeddable":true,"href":"https:\/\/www.europesays.com\/pl\/wp-json\/wp\/v2\/media\/231525"}],"wp:attachment":[{"href":"https:\/\/www.europesays.com\/pl\/wp-json\/wp\/v2\/media?parent=231524"}],"wp:term":[{"taxonomy":"category","embeddable":true,"href":"https:\/\/www.europesays.com\/pl\/wp-json\/wp\/v2\/categories?post=231524"},{"taxonomy":"post_tag","embeddable":true,"href":"https:\/\/www.europesays.com\/pl\/wp-json\/wp\/v2\/tags?post=231524"}],"curies":[{"name":"wp","href":"https:\/\/api.w.org\/{rel}","templated":true}]}}