{"id":231532,"date":"2026-01-29T11:24:12","date_gmt":"2026-01-29T11:24:12","guid":{"rendered":"https:\/\/www.europesays.com\/pl\/231532\/"},"modified":"2026-01-29T11:24:12","modified_gmt":"2026-01-29T11:24:12","slug":"powracamy-do-swiata-wiedzmina-wojna-krwi-znow-w-centrum-uwagi","status":"publish","type":"post","link":"https:\/\/www.europesays.com\/pl\/231532\/","title":{"rendered":"Powracamy do \u015bwiata Wied\u017amina! Wojna Krwi zn\u00f3w w centrum uwagi"},"content":{"rendered":"<p>Uniwersum Wied\u017amin ponownie trafia na pierwszy plan za spraw\u0105 Wojna Krwi: Wied\u017ami\u0144skie Opowie\u015bci.<\/p>\n<p>Tw\u00f3rcy z CD Projekt RED przypominaj\u0105 o fabularnym RPG-u osadzonym w realiach wojny Nilfgaardu z Kr\u00f3lestwami P\u00f3\u0142nocy, kt\u00f3rego bohaterk\u0105 jest kr\u00f3lowa Meve, w\u0142adczyni Lyrii i Rivii.<\/p>\n<p>    Dalsza cz\u0119\u015b\u0107 tekstu pod wideo<\/p>\n<p>Gra oferuje mroczn\u0105, nieliniow\u0105 opowie\u015b\u0107, w kt\u00f3rej decyzje gracza realnie wp\u0142ywaj\u0105 na los \u015bwiata i towarzyszy. Rozgrywka \u0142\u0105czy eksploracj\u0119, zarz\u0105dzanie obozem wojennym oraz fabularne bitwy oparte na mechanikach znanych z tytu\u0142u Gwint: Wied\u017ami\u0144ska Gra Karciana.<\/p>\n<p>        <img loading=\"lazy\" decoding=\"async\" src=\"https:\/\/www.europesays.com\/pl\/wp-content\/uploads\/2026\/01\/1769682908_767_B32963402.414688363;dc_trk_aid=607216972;dc_trk_cid=228291445;ord=[timestamp];dc_lat=;dc_rdid=;tag_f.gif\" attributionsrc=\"\" border=\"0\" height=\"1\" width=\"1\" alt=\"Advertisement\"\/><\/p>\n<blockquote class=\"twitter-tweet\">\n<p lang=\"en\" dir=\"ltr\">Good news, Witcher fans &#8211; Thronebreaker: The Witcher Tales is coming back on iOS and Android!<\/p>\n<p>You&#8217;ll find it on the Apple App or Android Stores. Take on the impending Nilfgaardian invasion in this single-player RPG, set in The Witcher universe: <a href=\"https:\/\/t.co\/s2ltUIeQKk\" rel=\"nofollow\">https:\/\/t.co\/s2ltUIeQKk<\/a> <a href=\"https:\/\/t.co\/cXTJhGg161\" rel=\"nofollow\">pic.twitter.com\/cXTJhGg161<\/a><\/p>\n<p>\u2014 The Witcher (@thewitcher) <a href=\"https:\/\/twitter.com\/thewitcher\/status\/2016469271849701823?ref_src=twsrc%5Etfw\" rel=\"nofollow noopener\" target=\"_blank\">January 28, 2026<\/a><\/p><\/blockquote>\n<p>W Wojnie Krwi gracze staj\u0105 na czele armii, rekrutuj\u0105 sojusznik\u00f3w i mierz\u0105 si\u0119 z trudnymi wyborami moralnymi. To bardziej kameralna, ale jednocze\u015bnie politycznie ci\u0119\u017csza ods\u0142ona \u015bwiata Wied\u017amina \u2014 bez Geralta, za to z pe\u0142nym ci\u0119\u017carem korony na g\u0142owie kr\u00f3lowej Meve.<br \/>\u00a0<\/p>\n<p>                <script async src=\"https:\/\/platform.twitter.com\/widgets.js\" charset=\"utf-8\"><\/script><\/p>\n","protected":false},"excerpt":{"rendered":"Uniwersum Wied\u017amin ponownie trafia na pierwszy plan za spraw\u0105 Wojna Krwi: Wied\u017ami\u0144skie Opowie\u015bci. Tw\u00f3rcy z CD Projekt RED&hellip;\n","protected":false},"author":2,"featured_media":231533,"comment_status":"","ping_status":"","sticky":false,"template":"","format":"standard","meta":{"footnotes":""},"categories":[20],"tags":[120,118,119,42,38,40,39,41,116,114,115,121,117],"class_list":{"0":"post-231532","1":"post","2":"type-post","3":"status-publish","4":"format-standard","5":"has-post-thumbnail","7":"category-nauka-i-technika","8":"tag-nauka","9":"tag-nauka-i-technika","10":"tag-naukatechnika","11":"tag-pl","12":"tag-poland","13":"tag-polish","14":"tag-polska","15":"tag-polski","16":"tag-science","17":"tag-science-and-technology","18":"tag-sciencetechnology","19":"tag-technika","20":"tag-technology"},"share_on_mastodon":{"url":"https:\/\/pubeurope.com\/@pl\/115978139318347277","error":""},"_links":{"self":[{"href":"https:\/\/www.europesays.com\/pl\/wp-json\/wp\/v2\/posts\/231532","targetHints":{"allow":["GET"]}}],"collection":[{"href":"https:\/\/www.europesays.com\/pl\/wp-json\/wp\/v2\/posts"}],"about":[{"href":"https:\/\/www.europesays.com\/pl\/wp-json\/wp\/v2\/types\/post"}],"author":[{"embeddable":true,"href":"https:\/\/www.europesays.com\/pl\/wp-json\/wp\/v2\/users\/2"}],"replies":[{"embeddable":true,"href":"https:\/\/www.europesays.com\/pl\/wp-json\/wp\/v2\/comments?post=231532"}],"version-history":[{"count":0,"href":"https:\/\/www.europesays.com\/pl\/wp-json\/wp\/v2\/posts\/231532\/revisions"}],"wp:featuredmedia":[{"embeddable":true,"href":"https:\/\/www.europesays.com\/pl\/wp-json\/wp\/v2\/media\/231533"}],"wp:attachment":[{"href":"https:\/\/www.europesays.com\/pl\/wp-json\/wp\/v2\/media?parent=231532"}],"wp:term":[{"taxonomy":"category","embeddable":true,"href":"https:\/\/www.europesays.com\/pl\/wp-json\/wp\/v2\/categories?post=231532"},{"taxonomy":"post_tag","embeddable":true,"href":"https:\/\/www.europesays.com\/pl\/wp-json\/wp\/v2\/tags?post=231532"}],"curies":[{"name":"wp","href":"https:\/\/api.w.org\/{rel}","templated":true}]}}