{"id":231575,"date":"2026-01-29T11:46:07","date_gmt":"2026-01-29T11:46:07","guid":{"rendered":"https:\/\/www.europesays.com\/pl\/231575\/"},"modified":"2026-01-29T11:46:07","modified_gmt":"2026-01-29T11:46:07","slug":"falszywe-faktury-od-lutego-nie-przejda-resort-ostrzega","status":"publish","type":"post","link":"https:\/\/www.europesays.com\/pl\/231575\/","title":{"rendered":"Fa\u0142szywe faktury od lutego nie przejd\u0105. Resort ostrzega"},"content":{"rendered":"<p>Ministerstwo Finans\u00f3w przedstawi\u0142o najwa\u017cniejsze wyzwania zwi\u0105zane z\u00a0<a href=\"https:\/\/www.money.pl\/gospodarka\/ksef-przedsiebiorcy-musza-byc-gotowi-na-zmiany-7248348236208512a.html\" rel=\"noopener noreferrer nofollow\" target=\"_blank\">wdro\u017ceniem od lutego systemu KSeF<\/a>. Wiceminister finans\u00f3w i\u00a0zast\u0119pca szefa KAS Zbigniew Stawicki, chc\u0105c rozwia\u0107 obawy przedsi\u0119biorc\u00f3w, wyja\u015bnia\u0142, \u017ce zakres danych dost\u0119pnych dla organ\u00f3w nie ulegnie rozszerzeniu, a\u00a0zmieni si\u0119 jedynie spos\u00f3b ich gromadzenia i\u00a0przetwarzania. <\/p>\n<p>Celem jest zwi\u0119kszenie bezpiecze\u0144stwa obrotu i\u00a0ograniczenie oszustw zwi\u0105zanych z\u00a0fikcyjnymi fakturami. Resort podkre\u015bla, \u017ce KSeF umo\u017cliwi identyfikacj\u0119 ka\u017cdego wystawcy faktury i w\u00a0\u0142atwy spos\u00f3b namierzy &#8222;fa\u0142szywe dokumenty&#8221;.<\/p>\n<p>ZUS zasypany wnioskami o &#8222;sta\u017cowe&#8221;. Ministra: te\u017c z\u0142o\u017cy\u0142am<\/p>\n<p>\u2013 Ka\u017cdy wystawiaj\u0105cy faktur\u0119 b\u0119dzie przez nas identyfikowany. W\u00a0tej chwili znalezienie faktycznego wystawcy faktury, kt\u00f3ry si\u0119 podszywa pod stron\u0119 transakcji, jest trudniejsze. Natomiast w\u00a0KSeF ka\u017cdy wystawiaj\u0105cy b\u0119dzie dla nas znany, a\u00a0wi\u0119c &#8222;namierzenie&#8221; wystawcy nielegalnego dokumentu b\u0119dzie o\u00a0wiele \u0142atwiejsze \u2013\u00a0stwierdzi\u0142 Zbigniew Stawicki. <\/p>\n<p>Resort podkre\u015bla, \u017ce informacje w\u00a0KSeF nie s\u0105 dost\u0119pne publicznie, a\u00a0ich przetwarzanie, udost\u0119pnianie i\u00a0wykorzystanie odbywa si\u0119 w\u00a0\u015bci\u015ble kontrolowany spos\u00f3b. Roman \u0141o\u017cy\u0144ski, dyrektor Centrum Informatyki MF ,\u00a0zapewni\u0142 o\u00a0terminowej gotowo\u015bci KSeF. \u2013\u00a0system osi\u0105gnie gotowo\u015b\u0107 do przyjmowania faktur 1\u00a0lutego. M\u00f3wimy to z\u00a0ca\u0142\u0105 odpowiedzialno\u015bci\u0105 \u2013\u00a0podkre\u015bli\u0142 \u0141o\u017cy\u0144ski.<\/p>\n<p>Resort przypomnia\u0142 harmonogram wdro\u017cenia KSeF. To kluczowe dla du\u017cych firm oraz mniejszych podatnik\u00f3w planuj\u0105cych przej\u015bcie do e-faktur.<\/p>\n","protected":false},"excerpt":{"rendered":"Ministerstwo Finans\u00f3w przedstawi\u0142o najwa\u017cniejsze wyzwania zwi\u0105zane z\u00a0wdro\u017ceniem od lutego systemu KSeF. Wiceminister finans\u00f3w i\u00a0zast\u0119pca szefa KAS Zbigniew Stawicki,&hellip;\n","protected":false},"author":2,"featured_media":231576,"comment_status":"","ping_status":"","sticky":false,"template":"","format":"standard","meta":{"footnotes":""},"categories":[16],"tags":[113,112,42,38,40,39,41],"class_list":{"0":"post-231575","1":"post","2":"type-post","3":"status-publish","4":"format-standard","5":"has-post-thumbnail","7":"category-biznes","8":"tag-biznes","9":"tag-business","10":"tag-pl","11":"tag-poland","12":"tag-polish","13":"tag-polska","14":"tag-polski"},"share_on_mastodon":{"url":"https:\/\/pubeurope.com\/@pl\/115978225882290524","error":""},"_links":{"self":[{"href":"https:\/\/www.europesays.com\/pl\/wp-json\/wp\/v2\/posts\/231575","targetHints":{"allow":["GET"]}}],"collection":[{"href":"https:\/\/www.europesays.com\/pl\/wp-json\/wp\/v2\/posts"}],"about":[{"href":"https:\/\/www.europesays.com\/pl\/wp-json\/wp\/v2\/types\/post"}],"author":[{"embeddable":true,"href":"https:\/\/www.europesays.com\/pl\/wp-json\/wp\/v2\/users\/2"}],"replies":[{"embeddable":true,"href":"https:\/\/www.europesays.com\/pl\/wp-json\/wp\/v2\/comments?post=231575"}],"version-history":[{"count":0,"href":"https:\/\/www.europesays.com\/pl\/wp-json\/wp\/v2\/posts\/231575\/revisions"}],"wp:featuredmedia":[{"embeddable":true,"href":"https:\/\/www.europesays.com\/pl\/wp-json\/wp\/v2\/media\/231576"}],"wp:attachment":[{"href":"https:\/\/www.europesays.com\/pl\/wp-json\/wp\/v2\/media?parent=231575"}],"wp:term":[{"taxonomy":"category","embeddable":true,"href":"https:\/\/www.europesays.com\/pl\/wp-json\/wp\/v2\/categories?post=231575"},{"taxonomy":"post_tag","embeddable":true,"href":"https:\/\/www.europesays.com\/pl\/wp-json\/wp\/v2\/tags?post=231575"}],"curies":[{"name":"wp","href":"https:\/\/api.w.org\/{rel}","templated":true}]}}