{"id":231651,"date":"2026-01-29T12:28:09","date_gmt":"2026-01-29T12:28:09","guid":{"rendered":"https:\/\/www.europesays.com\/pl\/231651\/"},"modified":"2026-01-29T12:28:09","modified_gmt":"2026-01-29T12:28:09","slug":"wymietli-polki-w-kauflandzie-biedronka-chciala-powtorzyc-sukces","status":"publish","type":"post","link":"https:\/\/www.europesays.com\/pl\/231651\/","title":{"rendered":"Wymietli p\u00f3\u0142ki w Kauflandzie. Biedronka chcia\u0142a powt\u00f3rzy\u0107 sukces"},"content":{"rendered":"\n<p><a href=\"https:\/\/biznes.o2.pl\/biznes\/mozna-dostac-25-zl-na-zakupy-tylko-29-stycznia-w-biedronce-7248381784963392a\" rel=\"noopener noreferrer nofollow\" target=\"_blank\">Biedronka<\/a> oficjalnie poinformowa\u0142a o\u00a0promocji 28 stycznia w\u00a0mediach spo\u0142eczno\u015bciowych. Wcze\u015bniej jednak w\u00a0sieci kr\u0105\u017cy\u0142y nieoficjalne informacje.\u00a0<\/p>\n<p>Jak podawa\u0142 serwis boop.pl, wiadomo\u015b\u0107 o\u00a0planowanej akcji mia\u0142a charakter wycieku, prawdopodobnie przekazanego przez jednego z\u00a0pracownik\u00f3w. W\u00a0wewn\u0119trznym komunikacie promocja okre\u015blana by\u0142a jako &#8222;bardzo wa\u017cna&#8221;, a\u00a0sklepy mia\u0142y zosta\u0107 odpowiednio przygotowane. &#8222;Ju\u017c dzisiaj sklepy musz\u0105 si\u0119 przygotowa\u0107. Prosz\u0119 o\u00a0dzia\u0142anie&#8221; \u2013\u00a0cytowa\u0142 portal.<\/p>\n<p>Pytamy o ceny w zimowym kurorcie. &#8222;Mog\u0142oby by\u0107 taniej&#8221;<\/p>\n<p>  <img role=\"presentation\" class=\"absolute left-1\/2 top-1\/2 max-h-[80%] max-w-[100px] -translate-x-1\/2 -translate-y-1\/2\" src=\"https:\/\/v.wpimg.pl\/ZXJfd3AudTkrBBIAbg54LGhcRlAxHQUrPgJGH2MAeGJoSQ1eIBI_K2UHAEVuBTY5KQMMXC0RPyoVERQdMgM9ejc\" loading=\"lazy\" decoding=\"async\"\/><\/p>\n<p>Promocja na klocki Lego w Biedronce. Klienci rozczarowani<\/p>\n<p>29 stycznia redakcja WP Finanse odwiedzi\u0142a jeden ze <a href=\"https:\/\/finanse.wp.pl\/pepco-deklaruje-ze-nie-wprowadzi-podwyzek-maja-swoj-sposob-7247862909343968a\" rel=\"noopener noreferrer nofollow\" target=\"_blank\">sklep\u00f3w<\/a> Biedronki w\u00a0woj. \u015bl\u0105skim tu\u017c po jego otwarciu. Wbrew oczekiwaniom, nie by\u0142o wida\u0107 wzmo\u017conego zainteresowania ofert\u0105. R\u00f3wnie\u017c wyb\u00f3r zestaw\u00f3w okaza\u0142 si\u0119 bardzo ograniczony. W\u00a0sklepie dost\u0119pnych by\u0142o zaledwie oko\u0142o 20 opakowa\u0144 klock\u00f3w Lego.<\/p>\n<p> [1\/3] Promocja na Lego w Biedronce \u0179r\u00f3d\u0142o zdj\u0119\u0107: WP Finanse |  <\/p>\n<p>Podobne obserwacje nap\u0142yn\u0119\u0142y z\u00a0woj. mazowieckiego. Czytelniczka WP Finanse oko\u0142o godziny 9:00 odwiedzi\u0142a dwa sklepy sieci Biedronka. W\u00a0jednym z\u00a0nich promocja w\u00a0og\u00f3le nie by\u0142a widoczna. &#8222;Nie by\u0142o nawet oznaczenia promocji&#8221; \u2013\u00a0relacjonowa\u0142a. W drugim sklepie dost\u0119pnych by\u0142o kilka zestaw\u00f3w Lego, jednak zainteresowanie klient\u00f3w r\u00f3wnie\u017c by\u0142o niewielkie.<\/p>\n<p> <img role=\"presentation\" class=\"absolute left-1\/2 top-1\/2 max-h-[80%] max-w-[100px] -translate-x-1\/2 -translate-y-1\/2\" src=\"https:\/\/v.wpimg.pl\/ZXJfd3AudTkrBBIAbg54LGhcRlAxHQUrPgJGH2MAeGJoSQ1eIBI_K2UHAEVuBTY5KQMMXC0RPyoVERQdMgM9ejc\" loading=\"lazy\" decoding=\"async\"\/> <\/p>\n<p>Jak ustalili\u015bmy, na plakacie informuj\u0105cym o\u00a0promocji nie znalaz\u0142a si\u0119 informacja, \u017ce oferta dotyczy wy\u0142\u0105cznie wybranych sklep\u00f3w. Sie\u0107 wskazuje jedynie, \u017ce &#8222;promocja obowi\u0105zuje w\u00a0przestrzeni koszy oznaczonych etykiet\u0105 cenow\u0105 obowi\u0105zuj\u0105c\u0105 w\u00a0dniu 29.01.2026 r.&#8221;.<\/p>\n<p>Pod wpisami Biedronki w\u00a0mediach spo\u0142eczno\u015bciowych pojawi\u0142y si\u0119 liczne komentarze rozczarowanych klient\u00f3w. &#8222;5 minut po otwarciu by\u0142em pierwsz\u0105 osob\u0105, kt\u00f3ra przysz\u0142a po Lego. \u017benada. Trzy opakowania figurek oraz jedno Lego Ninjago&#8221; \u2013\u00a0napisa\u0142 jeden z\u00a0u\u017cytkownik\u00f3w.<\/p>\n<p>Inny przyzna\u0142, \u017ce od godziny 6:00 rano odwiedzi\u0142 cztery sklepy sieci, jednak w\u00a0\u017cadnym nie znalaz\u0142 klock\u00f3w. &#8222;6:30 w\u00a0sklepie ani jednego pude\u0142ka Lego. Zabawki z\u00a0kosza si\u0119 wysypuj\u0105, a\u00a0Lego brak&#8221; \u2013\u00a0relacjonowa\u0142 kolejny internauta.<\/p>\n<p> <img role=\"presentation\" class=\"absolute left-1\/2 top-1\/2 max-h-[80%] max-w-[100px] -translate-x-1\/2 -translate-y-1\/2\" src=\"https:\/\/v.wpimg.pl\/ZXJfd3AudTkrBBIAbg54LGhcRlAxHQUrPgJGH2MAeGJoSQ1eIBI_K2UHAEVuBTY5KQMMXC0RPyoVERQdMgM9ejc\" loading=\"lazy\" decoding=\"async\"\/> <\/p>\n<p>Cz\u0119\u015b\u0107 klient\u00f3w zwraca\u0142a r\u00f3wnie\u017c uwag\u0119 na rozbie\u017cno\u015bci pomi\u0119dzy informacjami w\u00a0aplikacji Moja Biedronka a\u00a0faktycznym stanem w\u00a0sklepach. &#8222;Aplikacja pokazuje du\u017ce ilo\u015bci, a\u00a0w\u00a0sklepie nic nie ma. Od otwarcia objecha\u0142em sze\u015b\u0107 Biedronek i\u00a0nic nie by\u0142o&#8221; \u2013\u00a0komentowa\u0142 jeden z\u00a0u\u017cytkownik\u00f3w.<\/p>\n<p>Warto zaznaczy\u0107, \u017ce w\u00a0Biedronce obowi\u0105zuje limit zakupu \u2013\u00a0maksymalnie sze\u015b\u0107 zestaw\u00f3w na kart\u0119 lub aplikacj\u0119 Moja Biedronka, z\u00a0czego trzy najta\u0144sze mog\u0105 zosta\u0107 obj\u0119te promocj\u0105 1+1 gratis. Oferta obowi\u0105zuje 29 stycznia, do wyczerpania zapas\u00f3w.<\/p>\n<p>     <img decoding=\"async\" src=\"https:\/\/www.europesays.com\/pl\/wp-content\/uploads\/2026\/01\/MmJkZTc4YgwrCSxnTE9vGWhReD0KFmFPP0lgdkxXYlxyWGgsVA10QiwCNjERUT0CZAwoIRNVOh1kGzZ7AkQkQjxadTAKRz0BKxJ1.jpeg\" width=\"1832\" height=\"799\" loading=\"lazy\" class=\"wp-media-image\" alt=\"Promocja na klocki Lego w Biedronce\" data-lightbox=\"true\"\/> Promocja na klocki Lego w Biedronce \u00a9 WP Finanse <img role=\"presentation\" class=\"absolute left-1\/2 top-1\/2 max-h-[80%] max-w-[100px] -translate-x-1\/2 -translate-y-1\/2\" src=\"https:\/\/v.wpimg.pl\/ZXJfd3AudTkrBBIAbg54LGhcRlAxHQUrPgJGH2MAeGJoSQ1eIBI_K2UHAEVuBTY5KQMMXC0RPyoVERQdMgM9ejc\" loading=\"lazy\" decoding=\"async\"\/><\/p>\n<p>Wymiecione p\u00f3\u0142ki w Kauflandzie<\/p>\n<p>Dla por\u00f3wnania dzie\u0144 wcze\u015bniej, 28 stycznia, identyczn\u0105 promocj\u0119 1+1 gratis na wszystkie zestawy Lego wprowadzi\u0142a sie\u0107 Kaufland, z\u00a0okazji Mi\u0119dzynarodowego Dnia Lego. Tam zainteresowanie klient\u00f3w by\u0142o znacznie wi\u0119ksze. Jak relacjonowali czytelnicy WP Finanse, <a href=\"https:\/\/finanse.wp.pl\/szalenstwo-w-kauflandzie-polki-wymiecione-trwa-wyjatkowa-promocja-7248284715985216a\" rel=\"noopener noreferrer nofollow\" target=\"_blank\">p\u00f3\u0142ki w\u00a0wielu sklepach zosta\u0142y niemal ca\u0142kowicie opr\u00f3\u017cnione ju\u017c w\u00a0godzinach porannych.<\/a><\/p>\n<p>Jedna z\u00a0czytelniczek, kt\u00f3ra odwiedzi\u0142a Kaufland w\u00a0wojew\u00f3dztwie mazowieckim oko\u0142o godz. 10:00, zasta\u0142a jedynie ostatnie sztuki zestaw\u00f3w. &#8222;P\u00f3\u0142ki s\u0105 wymiecione&#8221; \u2013\u00a0oceni\u0142a. Cho\u0107 uda\u0142o jej si\u0119 kupi\u0107 jeden zestaw, do redakcji dociera\u0142y tak\u017ce sygna\u0142y od klient\u00f3w, kt\u00f3rzy wracali z\u00a0zakup\u00f3w z\u00a0pustymi r\u0119kami.<\/p>\n<p>Istotn\u0105 r\u00f3\u017cnic\u0105 pomi\u0119dzy promocjami by\u0142 brak limit\u00f3w w\u00a0Kauflandzie. Jak relacjonowali u\u017cytkownicy serwisu X, cz\u0119\u015b\u0107 klient\u00f3w kupowa\u0142a bardzo du\u017ce ilo\u015bci klock\u00f3w. Jeden z\u00a0internaut\u00f3w opisywa\u0142 m\u0119\u017cczyzn\u0119, kt\u00f3ry &#8222;mia\u0142 napakowane chyba ze cztery pe\u0142ne w\u00f3zki&#8221;.<\/p>\n<p> <img role=\"presentation\" class=\"absolute left-1\/2 top-1\/2 max-h-[80%] max-w-[100px] -translate-x-1\/2 -translate-y-1\/2\" src=\"https:\/\/v.wpimg.pl\/ZXJfd3AudTkrBBIAbg54LGhcRlAxHQUrPgJGH2MAeGJoSQ1eIBI_K2UHAEVuBTY5KQMMXC0RPyoVERQdMgM9ejc\" loading=\"lazy\" decoding=\"async\"\/> <\/p>\n<p>Wiele os\u00f3b zwraca\u0142o uwag\u0119, \u017ce akcja powinna by\u0107 ograniczona w\u00a0taki spos\u00f3b, aby ka\u017cdy m\u00f3g\u0142 z\u00a0niej skorzysta\u0107. Sugerowali, \u017ce takiej promocji powinien towarzyszy\u0107 np. limit liczby zestaw\u00f3w na <a href=\"https:\/\/finanse.wp.pl\/dostalam-metrowy-paragon-za-dwie-wody-biedronka-odpowiada-7064265858747296a\" rel=\"noopener noreferrer nofollow\" target=\"_blank\">paragon<\/a> lub jednego klienta.<\/p>\n<p> <a href=\"https:\/\/finanse.wp.pl\/szalenstwo-w-kauflandzie-polki-wymiecione-trwa-wyjatkowa-promocja-7248284715985216a\" class=\"teaser-inline\" rel=\"nofollow noopener\" target=\"_blank\">  <img decoding=\"async\" src=\"https:\/\/www.europesays.com\/pl\/wp-content\/uploads\/2026\/01\/NTk5MWQ1YTUKVztkfkpsIEkPbz44E2J2Hhd3dX4AfGxbTWIxOF0rJg5FInk2QzskCkI9eSFdYTUbXGIhYB4qPRhFITYoHis5CVAp.jpeg\" width=\"0\" height=\"0\" loading=\"lazy\" class=\"wp-media-image cropped\" alt=\"Wymiecione p\u00f3\u0142ki w Kauflandzie. &quot;Przyjechali biznesmeni&quot;\"\/><\/p>\n<p>Wymiecione p\u00f3\u0142ki w Kauflandzie. &#8222;Przyjechali biznesmeni&#8221;<\/p>\n<p><\/a><\/p>\n<p>Produkuj\u0105 ponad tysi\u0105c klock\u00f3w na sekund\u0119<\/p>\n<p>Lego to du\u0144skie przedsi\u0119biorstwo za\u0142o\u017cone w\u00a01932 r. w\u00a0Billund przez Ole Kirka Christiansena. Firma pocz\u0105tkowo produkowa\u0142a drewniane zabawki, a\u00a0nazwa &#8222;Lego&#8221; pochodzi od du\u0144skiego &#8222;leg godt&#8221;, co oznacza &#8222;baw si\u0119 dobrze&#8221;.<\/p>\n<p> <img role=\"presentation\" class=\"absolute left-1\/2 top-1\/2 max-h-[80%] max-w-[100px] -translate-x-1\/2 -translate-y-1\/2\" src=\"https:\/\/v.wpimg.pl\/ZXJfd3AudTkrBBIAbg54LGhcRlAxHQUrPgJGH2MAeGJoSQ1eIBI_K2UHAEVuBTY5KQMMXC0RPyoVERQdMgM9ejc\" loading=\"lazy\" decoding=\"async\"\/> <\/p>\n<p>W Billund nadal mie\u015bci si\u0119 g\u0142\u00f3wna siedziba producenta oraz pierwszy park Legoland. Pierwsze plastikowe zwane &#8222;Automatic Binding Bricks&#8221; <a href=\"https:\/\/finanse.wp.pl\/ochrona-wzoru-klocka-lego-sad-ue-zdecydowal-6988147306007328a\" rel=\"noopener noreferrer nofollow\" target=\"_blank\">klocki<\/a> wyprodukowano w\u00a01949 r. System wypustek umo\u017cliwiaj\u0105cych trwa\u0142e \u0142\u0105czenie klock\u00f3w opatentowano w\u00a01958 roku, co sta\u0142o si\u0119 podstaw\u0105 dzisiejszych produkt\u00f3w.<\/p>\n<p>Firma produkuje \u015brednio oko\u0142o 36 miliard\u00f3w klock\u00f3w rocznie, czyli ponad 1140 element\u00f3w na sekund\u0119. \u0141\u0105cznie wytworzono ju\u017c ponad 600 miliard\u00f3w klock\u00f3w. Produkcja odbywa si\u0119 w\u00a0Danii, na W\u0119grzech, w\u00a0Meksyku, Chinach i\u00a0Wietnamie.<\/p>\n<p>W pierwszych sze\u015bciu miesi\u0105cach 2025 r. przychody sp\u00f3\u0142ki wzros\u0142y o\u00a012 proc. (do poziomu 34,6 mld koron du\u0144skich, czyli ok. 20 mld z\u0142), a\u00a0sprzeda\u017c konsumencka &#8211;\u00a0o\u00a013 proc.<\/p>\n<p>Paulina Master, dziennikarka WP Finanse<\/p>\n","protected":false},"excerpt":{"rendered":"Biedronka oficjalnie poinformowa\u0142a o\u00a0promocji 28 stycznia w\u00a0mediach spo\u0142eczno\u015bciowych. Wcze\u015bniej jednak w\u00a0sieci kr\u0105\u017cy\u0142y nieoficjalne informacje.\u00a0 Jak podawa\u0142 serwis boop.pl,&hellip;\n","protected":false},"author":2,"featured_media":231652,"comment_status":"","ping_status":"","sticky":false,"template":"","format":"standard","meta":{"footnotes":""},"categories":[16],"tags":[113,112,42,38,40,39,41],"class_list":{"0":"post-231651","1":"post","2":"type-post","3":"status-publish","4":"format-standard","5":"has-post-thumbnail","7":"category-biznes","8":"tag-biznes","9":"tag-business","10":"tag-pl","11":"tag-poland","12":"tag-polish","13":"tag-polska","14":"tag-polski"},"share_on_mastodon":{"url":"https:\/\/pubeurope.com\/@pl\/115978391275447699","error":""},"_links":{"self":[{"href":"https:\/\/www.europesays.com\/pl\/wp-json\/wp\/v2\/posts\/231651","targetHints":{"allow":["GET"]}}],"collection":[{"href":"https:\/\/www.europesays.com\/pl\/wp-json\/wp\/v2\/posts"}],"about":[{"href":"https:\/\/www.europesays.com\/pl\/wp-json\/wp\/v2\/types\/post"}],"author":[{"embeddable":true,"href":"https:\/\/www.europesays.com\/pl\/wp-json\/wp\/v2\/users\/2"}],"replies":[{"embeddable":true,"href":"https:\/\/www.europesays.com\/pl\/wp-json\/wp\/v2\/comments?post=231651"}],"version-history":[{"count":0,"href":"https:\/\/www.europesays.com\/pl\/wp-json\/wp\/v2\/posts\/231651\/revisions"}],"wp:featuredmedia":[{"embeddable":true,"href":"https:\/\/www.europesays.com\/pl\/wp-json\/wp\/v2\/media\/231652"}],"wp:attachment":[{"href":"https:\/\/www.europesays.com\/pl\/wp-json\/wp\/v2\/media?parent=231651"}],"wp:term":[{"taxonomy":"category","embeddable":true,"href":"https:\/\/www.europesays.com\/pl\/wp-json\/wp\/v2\/categories?post=231651"},{"taxonomy":"post_tag","embeddable":true,"href":"https:\/\/www.europesays.com\/pl\/wp-json\/wp\/v2\/tags?post=231651"}],"curies":[{"name":"wp","href":"https:\/\/api.w.org\/{rel}","templated":true}]}}