{"id":231657,"date":"2026-01-29T12:31:09","date_gmt":"2026-01-29T12:31:09","guid":{"rendered":"https:\/\/www.europesays.com\/pl\/231657\/"},"modified":"2026-01-29T12:31:09","modified_gmt":"2026-01-29T12:31:09","slug":"ostatni-dzwonek-na-wdrozenie-systemu-fiskus-przypomina","status":"publish","type":"post","link":"https:\/\/www.europesays.com\/pl\/231657\/","title":{"rendered":"Ostatni dzwonek na wdro\u017cenie systemu. Fiskus przypomina"},"content":{"rendered":"<p>31 stycznia urz\u0119dy skarbowe w wojew\u00f3dztwie \u015bl\u0105skim zapraszaj\u0105 na dzie\u0144 otwarty po\u015bwi\u0119cony Krajowemu Systemowi e-Faktur. Powszechny system rozliczania wchodzi w \u017cycie 1 lutego dla najwi\u0119kszych firm. To ostatni moment na rozwianie w\u0105tpliwo\u015bci i dostosowanie si\u0119 do zmian.<\/p>\n<p><img decoding=\"async\" width=\"936\" height=\"527\" alt=\"Ostatnie dni na rozwianie w\u0105tpliwo\u015bci ws. KSeF\" src=\"https:\/\/www.europesays.com\/pl\/wp-content\/uploads\/2026\/01\/YTRmMTYxdjUzDztndgN7IHBXbz0wWnV2J093dnZBamIqWH9jdh4wODcfKCQ2Vj4mJx0sIylWKTh9DD09dg5oezYEPiQ1GSB7NwAv.jpeg\" data-link=\"https:\/\/www.europesays.com\/pl\/wp-content\/uploads\/2026\/01\/YTRmMTYxdjUzDztndgN7IHBXbz0wWnV2J093dnZBamIqWH9jdh4wODcfKCQ2Vj4mJx0sIylWKTh9DD09dg5oezYEPiQ1GSB7NwAv.jpeg\" class=\"wp-media-image\" fetchpriority=\"high\"\/>Ostatnie dni na rozwianie w\u0105tpliwo\u015bci ws. KSeF<\/p>\n<p>\u0179r\u00f3d\u0142o zdj\u0119\u0107: \u00a9 East News | Piotr Kamionka\/REPORTER<\/p>\n<p><img loading=\"lazy\" decoding=\"async\" src=\"https:\/\/www.europesays.com\/pl\/wp-content\/uploads\/2025\/12\/MWI4NDZhYjYoVjh3dRNvI2sObC0zSmF1PBZ0ZnVcfS99BGEiMwQoJSxEIWo9GjgnKEM-aioEYjY5XWEya0cpPjpEIiUjRyg6K1Eq.jpeg\"  alt=\"Bart\u0142omiej Chudy\" height=\"40\" width=\"40\" class=\"rounded-full select-none text-[--color-neutral-650] bg-[--bg-content] border border-solid border-[--color-neutral-250] dark:border-[--color-neutral-600]\"\/>1 komentarz  Udost\u0119pnij na X  Udost\u0119pnij na Facebooku<\/p>\n<p>D\u017awi\u0119k zosta\u0142 wygenerowany automatycznie i mo\u017ce zawiera\u0107 b\u0142\u0119dy<\/p>\n","protected":false},"excerpt":{"rendered":"31 stycznia urz\u0119dy skarbowe w wojew\u00f3dztwie \u015bl\u0105skim zapraszaj\u0105 na dzie\u0144 otwarty po\u015bwi\u0119cony Krajowemu Systemowi e-Faktur. Powszechny system rozliczania&hellip;\n","protected":false},"author":2,"featured_media":231658,"comment_status":"","ping_status":"","sticky":false,"template":"","format":"standard","meta":{"footnotes":""},"categories":[5],"tags":[32,33,36,37,27,34,35,28,31,25,42,38,40,39,41,29,30,26],"class_list":{"0":"post-231657","1":"post","2":"type-post","3":"status-publish","4":"format-standard","5":"has-post-thumbnail","7":"category-naglowki","8":"tag-breaking-news","9":"tag-breakingnews","10":"tag-featured-news","11":"tag-featurednews","12":"tag-headlines","13":"tag-latest-news","14":"tag-latestnews","15":"tag-naglowki","16":"tag-najwazniejsze-artykuly","17":"tag-news","18":"tag-pl","19":"tag-poland","20":"tag-polish","21":"tag-polska","22":"tag-polski","23":"tag-top-stories","24":"tag-topstories","25":"tag-wiadomosci"},"share_on_mastodon":{"url":"https:\/\/pubeurope.com\/@pl\/115978402810705300","error":""},"_links":{"self":[{"href":"https:\/\/www.europesays.com\/pl\/wp-json\/wp\/v2\/posts\/231657","targetHints":{"allow":["GET"]}}],"collection":[{"href":"https:\/\/www.europesays.com\/pl\/wp-json\/wp\/v2\/posts"}],"about":[{"href":"https:\/\/www.europesays.com\/pl\/wp-json\/wp\/v2\/types\/post"}],"author":[{"embeddable":true,"href":"https:\/\/www.europesays.com\/pl\/wp-json\/wp\/v2\/users\/2"}],"replies":[{"embeddable":true,"href":"https:\/\/www.europesays.com\/pl\/wp-json\/wp\/v2\/comments?post=231657"}],"version-history":[{"count":0,"href":"https:\/\/www.europesays.com\/pl\/wp-json\/wp\/v2\/posts\/231657\/revisions"}],"wp:featuredmedia":[{"embeddable":true,"href":"https:\/\/www.europesays.com\/pl\/wp-json\/wp\/v2\/media\/231658"}],"wp:attachment":[{"href":"https:\/\/www.europesays.com\/pl\/wp-json\/wp\/v2\/media?parent=231657"}],"wp:term":[{"taxonomy":"category","embeddable":true,"href":"https:\/\/www.europesays.com\/pl\/wp-json\/wp\/v2\/categories?post=231657"},{"taxonomy":"post_tag","embeddable":true,"href":"https:\/\/www.europesays.com\/pl\/wp-json\/wp\/v2\/tags?post=231657"}],"curies":[{"name":"wp","href":"https:\/\/api.w.org\/{rel}","templated":true}]}}