{"id":231716,"date":"2026-01-29T13:02:09","date_gmt":"2026-01-29T13:02:09","guid":{"rendered":"https:\/\/www.europesays.com\/pl\/231716\/"},"modified":"2026-01-29T13:02:09","modified_gmt":"2026-01-29T13:02:09","slug":"traktuja-nas-jak-dzieci-pracownicy-ubisoftu-wypowiadaja-otwarta-wojne-zarzadowi","status":"publish","type":"post","link":"https:\/\/www.europesays.com\/pl\/231716\/","title":{"rendered":"\u201eTraktuj\u0105 nas jak dzieci\u201d. Pracownicy Ubisoftu wypowiadaj\u0105 otwart\u0105 wojn\u0119 zarz\u0105dowi"},"content":{"rendered":"<p>\u201eJak dzieci pod nadzorem\u201d bezkarnego zarz\u0105du \u2013 tak swoje do\u015bwiadczenia z Ubisoftem komentuj\u0105 pracownicy francuskiego wydawcy gier przed nadchodz\u0105cym strajkiem.<\/p>\n<p class=\"f2-related-link fit\">Powi\u0105zane:<a href=\"https:\/\/www.gry-online.pl\/newsroom\/16-tysiecy-osob-straci-prace-amazon-znow-przeprowadza-masowe-zwol\/zd30127\" rel=\"nofollow noopener\" target=\"_blank\">16 tysi\u0119cy os\u00f3b straci prac\u0119. Amazon zn\u00f3w przeprowadza masowe zwolnienia i ostrzega, \u017ce na tym nie poprzestanie<\/a><\/p>\n<p>Obecna sytuacja Ubisoftu staje si\u0119 wr\u0119cz podr\u0119cznikowym przyk\u0142adem giganta trac\u0105cego swoj\u0105 pozycj\u0119. Firma, kt\u00f3ra ma w swoim katalogu wiele z najbardziej znanych marek na rynku i kt\u00f3rej zawdzi\u0119czamy jedne z najbardziej kultowych gier i serii, w ostatnich latach raczej nie mia\u0142a wi\u0119kszych sukces\u00f3w. Do\u015b\u0107 powiedzie\u0107, jakoby Assassin\u2019s Creed: Shadows mia\u0142o by\u0107 <a href=\"https:\/\/www.gry-online.pl\/newsroom\/mamy-tylko-jedna-szanse-tworcy-assassins-creed-shadows-zrobia-wsz\/ze2b3e2\" rel=\"nofollow noopener\" target=\"_blank\">jedyn\u0105 szans\u0105<\/a> na pokazanie, \u017ce Ubisoft nadal jest powa\u017cnym graczem na rynku.<\/p>\n<p>Tytu\u0142 nie wypad\u0142 \u017ale, ale czas pokaza\u0142, \u017ce wyra\u017anie nie by\u0142 to sukces, jakiego potrzebowali Francuzi. Dowodem <a href=\"https:\/\/www.gry-online.pl\/newsroom\/ubisoft-anuluje-6-gier-w-tym-prince-of-persia-piaski-czasu-remake\/zb3003e\" rel=\"nofollow noopener\" target=\"_blank\">ostatnie decyzje Ubisoftu<\/a>: wielkie zwolnienia, zapowied\u017a dalszych redukcji etat\u00f3w, skasowanie 6 projekt\u00f3w oraz gruntowne zmiany strukturalne w firmie.<\/p>\n<p>Pracownicy \u201ejak dzieci\u201d pod okiem nieodpowiedzialnego zarz\u0105du Ubisoftu<\/p>\n<p>W teorii restrukturyzacja ma pozwoli\u0107 Ubisoftowi na sprawniejsze tworzenie gier i zarz\u0105dzanie projektami. Jednak\u017ce, jak ju\u017c <a href=\"https:\/\/www.gry-online.pl\/newsroom\/domowa-rewolucja-ubisoftu-i-powrot-do-biur-budza-obawy-pracowniko\/z530110\" rel=\"nofollow noopener\" target=\"_blank\">pisali\u015bmy<\/a>, pracownicy nie s\u0105 pewni, czy te zmiany faktycznie maj\u0105 na celu popraw\u0119 sytuacji firmy w d\u0142u\u017cszej perspektywie. Zw\u0142aszcza gdy w parze z nimi id\u0105 nie tylko spore zwolnienia, ale te\u017c zach\u0119ta do \u201edobrowolnego\u201d odej\u015bcia z pracy i nawet zapowied\u017a dalszych \u201eredukcji etat\u00f3w\u201d.<\/p>\n<p>St\u0105d w\u0142a\u015bnie zapowied\u017a strajku, o kt\u00f3rej pisali\u015bmy wczoraj. Jednak\u017ce protesty zacz\u0119\u0142y si\u0119 ju\u017c wcze\u015bniej za spraw\u0105 cz\u0142onk\u00f3w Solidaires Informatique, kt\u00f3rzy zach\u0119cali do jednodniowego strajku 22 stycznia. To nie pierwsza taka inicjatywa tego zwi\u0105zku zawodowego: grupa zach\u0119ca\u0142a do dzia\u0142a\u0144 ju\u017c w <a href=\"https:\/\/www.gry-online.pl\/newsroom\/ceo-ubisoftu-chce-dalej-brnac-w-nft-pomimo-krytyki-graczy-i-dewel\/z320fe6\" rel=\"nofollow noopener\" target=\"_blank\">poprzednich<\/a> <a href=\"https:\/\/www.gry-online.pl\/newsroom\/ubisoft-apel-prezesa-do-pracownikow-moze-wywolac-duzy-strajk\/z023db5\" rel=\"nofollow noopener\" target=\"_blank\">latach<\/a>, m.in. po <a href=\"https:\/\/www.gry-online.pl\/newsroom\/prezes-ubisoftu-zwraca-sie-do-pracownikow-by-dzwigneli-firme-z-do\/z123d6b\" rel=\"nofollow noopener\" target=\"_blank\">wypowiedzi prezes Yvesa Guillemota<\/a> na temat \u201eostro\u017cnych\u201d wydatk\u00f3w.<\/p>\n<p>Teraz SI po\u0142\u0105czy\u0142o si\u0142y z czterema innymi podobnymi stowarzyszeniami pracownik\u00f3w: <a target=\"_blank\" rel=\"noopener nofollow\" href=\"https:\/\/www.cfecgc.org\/\">CFE-CGC<\/a>, <a target=\"_blank\" rel=\"noopener nofollow\" href=\"https:\/\/www.cgt.fr\/\">Conf\u00e9d\u00e9ration G\u00e9n\u00e9rale du Travail<\/a>, <a target=\"_blank\" rel=\"noopener nofollow\" href=\"https:\/\/www.printemps-ecologique.fr\/\">Printemps \u00e9cologique<\/a> oraz <a target=\"_blank\" rel=\"noopener nofollow\" href=\"https:\/\/www.stjv.fr\/en\/\">Le Syndicat des Travailleureuses du Jeu Vid\u00e9o<\/a>. 5 zwi\u0105zk\u00f3w zawodowych <a target=\"_blank\" rel=\"noopener nofollow\" href=\"https:\/\/bsky.app\/profile\/did:plc:drkl6rkntt57jub7gghhfjmb\/post\/3mdiakqixmj2m?ref_src=embed&amp;ref_url=https%253A%252F%252Fwww.pcgamer.com%252Fgaming-industry%252Fthe-call-goes-out-for-a-massive-international-strike-at-ubisoft-we-are-treated-like-children-who-\">nawo\u0142uje<\/a> do masowego wyj\u015bcia pracownik\u00f3w Ubisoftu w prote\u015bcie przeciwko zmianom w firmie, m.in. pe\u0142nego powrotu do biur (tj. niemal ca\u0142kowitej rezygnacji z pracy zdalnej) i nieodpowiedzialno\u015bci zarz\u0105du firmy.<\/p>\n<p>Obiecuj\u0105 nam autonomi\u0119 Dom\u00f3w Kreatywnych, ale co z autonomi\u0105 pracownik\u00f3w? Pi\u0119\u0107 dni obowi\u0105zkowej pracy na miejscu: traktuj\u0105 nas jak dzieci wymagaj\u0105ce nadzoru, podczas gdy k\u0142amstwa i \u0142amanie prawa przez nasz zarz\u0105d uchodz\u0105 mu na sucho.<\/p>\n<p>Od ponad roku negocjowali\u015bmy polityk\u0119 prac\u0119 zdalnej, czasem w trudnych warunkach. W niekt\u00f3rych studiach porozumienie by\u0142o w mocy od wrze\u015bnia. Zlekcewa\u017cone! Nasi koledzy z jednostek bez porozumienia? Na \u0142asce arbitralnych decyzji. M\u00f3wi\u0105 nam o odpowiedzialno\u015bci, ale ci, kt\u00f3rzy tak \u0142atwo rzucaj\u0105 tym s\u0142owem, nie bior\u0105 \u017cadnej odpowiedzialno\u015bci za swoje katastrofalne zarz\u0105dzanie, czego najnowszym rezultatem jest pozbycie si\u0119 200 stanowisk w siedzibie Ubisoftu.<\/p>\n<p>W skr\u00f3cie: cierpliwo\u015b\u0107 zwi\u0105zk\u00f3w zawodowych zupe\u0142nie si\u0119 wyczerpa\u0142a po kolejnych nieprzesadnie owocnych dla wydawcy latach. Dlatego na 10-12 lutego zapowiedziano \u201eogromny mi\u0119dzynarodowy strajk\u201d.<\/p>\n<p><a data-id=\"bpic_href_1\" class=\"glbzm\" href=\"https:\/\/cdn.gracza.pl\/galeria\/galeria_duze3\/1199730390.jpg\" rel=\"nofollow noopener\" target=\"_blank\"><img data-id=\"bpic_img_1\" src=\"https:\/\/www.europesays.com\/pl\/wp-content\/uploads\/2026\/01\/1199730390.jpg\" width=\"720\" height=\"405\" class=\"bp-ah\" loading=\"lazy\" alt=\"\" decoding=\"async\"\/><\/a><a data-id=\"bpic_href_2\" class=\"glbzm\" href=\"https:\/\/cdn.gracza.pl\/galeria\/galeria_duze3\/1199731468.jpg\" rel=\"nofollow noopener\" target=\"_blank\"><img data-id=\"bpic_img_2\" src=\"https:\/\/www.europesays.com\/pl\/wp-content\/uploads\/2026\/01\/1199731468.jpg\" width=\"720\" height=\"405\" class=\"bp-ah\" loading=\"lazy\" alt=\"\" decoding=\"async\"\/><\/a><\/p>\n<p>Jak zauwa\u017ca <a target=\"_blank\" rel=\"noopener nofollow\" href=\"https:\/\/www.pcgamer.com\/gaming-industry\/the-call-goes-out-for-a-massive-international-strike-at-ubisoft-we-are-treated-like-children-who-need-to-be-supervised-while-our-management-gets-away-with-lies-and-breaking-the-law\/\">serwis PC Gamer<\/a>, zbiega si\u0119 to w czasie z ujawnieniem kwartalnego raportu fiskalnego Ubisoftu 12 lutego. By\u0107 mo\u017ce zwi\u0105zki chc\u0105 mie\u0107 pewno\u015b\u0107, \u017ce firma nie spr\u00f3buje odci\u0105gn\u0105\u0107 uwagi od krytycznych g\u0142os\u00f3w wynikami finansowymi i zapewnieniami o pozytywnym wp\u0142ywie zapowiedzianej \u201edomowej\u201d rewolucji.<\/p>\n<p>Niemniej faktyczny \u201emi\u0119dzynarodowy\u201d charakter strajku pozostaje otwart\u0105 kwesti\u0105 zwa\u017cywszy na r\u00f3\u017cn\u0105 sytuacj\u0119 zwi\u0105zk\u00f3w zawodowych poza Francj\u0105. O efektach apel\u00f3w SI przekonamy si\u0119 za 2 tygodnie.<\/p>\n<p class=\"f2-czytaj-wiecej-link fit\">Wi\u0119cej:<a href=\"https:\/\/www.gry-online.pl\/newsroom\/domowa-rewolucja-ubisoftu-i-powrot-do-biur-budza-obawy-pracowniko\/z530110\" rel=\"nofollow noopener\" target=\"_blank\">Domowa rewolucja Ubisoftu i powr\u00f3t do biur budz\u0105 obawy pracownik\u00f3w. Creative Network mo\u017ce przynie\u015b\u0107 kolejne zwolnienia<\/a><\/p>\n<p>&#13;<\/p>\n","protected":false},"excerpt":{"rendered":"\u201eJak dzieci pod nadzorem\u201d bezkarnego zarz\u0105du \u2013 tak swoje do\u015bwiadczenia z Ubisoftem komentuj\u0105 pracownicy francuskiego wydawcy gier przed&hellip;\n","protected":false},"author":2,"featured_media":231717,"comment_status":"","ping_status":"","sticky":false,"template":"","format":"standard","meta":{"footnotes":""},"categories":[20],"tags":[120,118,119,42,38,40,39,41,116,114,115,121,117],"class_list":{"0":"post-231716","1":"post","2":"type-post","3":"status-publish","4":"format-standard","5":"has-post-thumbnail","7":"category-nauka-i-technika","8":"tag-nauka","9":"tag-nauka-i-technika","10":"tag-naukatechnika","11":"tag-pl","12":"tag-poland","13":"tag-polish","14":"tag-polska","15":"tag-polski","16":"tag-science","17":"tag-science-and-technology","18":"tag-sciencetechnology","19":"tag-technika","20":"tag-technology"},"share_on_mastodon":{"url":"https:\/\/pubeurope.com\/@pl\/115978524667794638","error":""},"_links":{"self":[{"href":"https:\/\/www.europesays.com\/pl\/wp-json\/wp\/v2\/posts\/231716","targetHints":{"allow":["GET"]}}],"collection":[{"href":"https:\/\/www.europesays.com\/pl\/wp-json\/wp\/v2\/posts"}],"about":[{"href":"https:\/\/www.europesays.com\/pl\/wp-json\/wp\/v2\/types\/post"}],"author":[{"embeddable":true,"href":"https:\/\/www.europesays.com\/pl\/wp-json\/wp\/v2\/users\/2"}],"replies":[{"embeddable":true,"href":"https:\/\/www.europesays.com\/pl\/wp-json\/wp\/v2\/comments?post=231716"}],"version-history":[{"count":0,"href":"https:\/\/www.europesays.com\/pl\/wp-json\/wp\/v2\/posts\/231716\/revisions"}],"wp:featuredmedia":[{"embeddable":true,"href":"https:\/\/www.europesays.com\/pl\/wp-json\/wp\/v2\/media\/231717"}],"wp:attachment":[{"href":"https:\/\/www.europesays.com\/pl\/wp-json\/wp\/v2\/media?parent=231716"}],"wp:term":[{"taxonomy":"category","embeddable":true,"href":"https:\/\/www.europesays.com\/pl\/wp-json\/wp\/v2\/categories?post=231716"},{"taxonomy":"post_tag","embeddable":true,"href":"https:\/\/www.europesays.com\/pl\/wp-json\/wp\/v2\/tags?post=231716"}],"curies":[{"name":"wp","href":"https:\/\/api.w.org\/{rel}","templated":true}]}}