{"id":231718,"date":"2026-01-29T13:03:07","date_gmt":"2026-01-29T13:03:07","guid":{"rendered":"https:\/\/www.europesays.com\/pl\/231718\/"},"modified":"2026-01-29T13:03:07","modified_gmt":"2026-01-29T13:03:07","slug":"nabywcy-mieszkan-beda-dodatkowo-placic-za-schody-i-balkony-sa-niejasnosci","status":"publish","type":"post","link":"https:\/\/www.europesays.com\/pl\/231718\/","title":{"rendered":"Nabywcy mieszka\u0144 b\u0119d\u0105 dodatkowo p\u0142aci\u0107 za schody i balkony? S\u0105 niejasno\u015bci"},"content":{"rendered":"<p>Stworzy\u0142 ogromn\u0105 firm\u0119. Szczerze radzi: &#8222;Nie s\u0142uchaj klient\u00f3w&#8221;<\/p>\n<p>&#8222;Mimo \u017ce deweloper nie naliczy pieni\u0119dzy za powierzchnie pod \u015bcianami dzia\u0142owymi, to naliczy sobie pieni\u0105dze za powierzchnie innych element\u00f3w, kt\u00f3re wymienia norma PN-ISO 9836, a\u00a0kt\u00f3re dotychczas pomniejszane by\u0142y przez rozporz\u0105dzenie. Znaczy to tyle, \u017ce po nowelizacji ustawy deweloper b\u0119dzie inkasowa\u0142 wi\u0119ksze pieni\u0105dze ni\u017c do czasu nowelizacji. Co wi\u0119cej deweloper musi to naliczy\u0107 &#8211;\u00a0nie ma tutaj wyboru&#8221; &#8211;\u00a0alarmuje na stronie investorrealestateexpert.co geodeta Adrian Ho\u0142ub.<\/p>\n<p>Zmiany spotykaj\u0105 si\u0119 z\u00a0krytyk\u0105 specjalist\u00f3w z\u00a0bran\u017cy nieruchomo\u015bci, z\u00a0kt\u00f3rymi rozmawia\u0142a &#8222;Rzeczpospolita&#8221;. Radczyni prawa dr Agnieszka Grabowska-To\u015b zwraca uwag\u0119 na brak zgodno\u015bci z\u00a0dotychczasowym rozporz\u0105dzeniem ministra rozwoju. Jej zdaniem zasady okre\u015blone w\u00a0nowej normie mog\u0105 prowadzi\u0107 do chaosu i\u00a0zniech\u0119ca\u0107 nabywc\u00f3w, kt\u00f3rzy b\u0119d\u0105 musieli p\u0142aci\u0107 wi\u0119cej ni\u017c wcze\u015bniej za te same powierzchnie.<\/p>\n<p>Podobne stanowisko zajmuje adwokat dr Joanna Barzykowska, kt\u00f3ra zaleca podej\u015bcie celowo\u015bciowe do nowych przepis\u00f3w. Wed\u0142ug niej, powierzchnie takie jak balkony i\u00a0schody nie powinny wp\u0142ywa\u0107 na wy\u017csz\u0105 cen\u0119 mieszkania, mimo \u017ce Polska Norma je uwzgl\u0119dnia. Zwraca uwag\u0119, \u017ce niejasno\u015b\u0107 przepis\u00f3w mo\u017ce wprowadzi\u0107 niepewno\u015b\u0107 w\u015br\u00f3d deweloper\u00f3w co do ich stosowania &#8211;\u00a0czytamy w\u00a0dzienniku. <\/p>\n<p>Polski Zwi\u0105zek Firm Deweloperskich zwr\u00f3ci\u0142 si\u0119 do Ministerstwa Rozwoju i\u00a0Technologii z\u00a0pro\u015bb\u0105 o\u00a0wyja\u015bnienie i\u00a0interpretacj\u0119 nowych regulacji. <\/p>\n","protected":false},"excerpt":{"rendered":"Stworzy\u0142 ogromn\u0105 firm\u0119. Szczerze radzi: &#8222;Nie s\u0142uchaj klient\u00f3w&#8221; &#8222;Mimo \u017ce deweloper nie naliczy pieni\u0119dzy za powierzchnie pod \u015bcianami&hellip;\n","protected":false},"author":2,"featured_media":231719,"comment_status":"","ping_status":"","sticky":false,"template":"","format":"standard","meta":{"footnotes":""},"categories":[16],"tags":[113,112,42,38,40,39,41],"class_list":{"0":"post-231718","1":"post","2":"type-post","3":"status-publish","4":"format-standard","5":"has-post-thumbnail","7":"category-biznes","8":"tag-biznes","9":"tag-business","10":"tag-pl","11":"tag-poland","12":"tag-polish","13":"tag-polska","14":"tag-polski"},"share_on_mastodon":{"url":"https:\/\/pubeurope.com\/@pl\/115978528595398556","error":""},"_links":{"self":[{"href":"https:\/\/www.europesays.com\/pl\/wp-json\/wp\/v2\/posts\/231718","targetHints":{"allow":["GET"]}}],"collection":[{"href":"https:\/\/www.europesays.com\/pl\/wp-json\/wp\/v2\/posts"}],"about":[{"href":"https:\/\/www.europesays.com\/pl\/wp-json\/wp\/v2\/types\/post"}],"author":[{"embeddable":true,"href":"https:\/\/www.europesays.com\/pl\/wp-json\/wp\/v2\/users\/2"}],"replies":[{"embeddable":true,"href":"https:\/\/www.europesays.com\/pl\/wp-json\/wp\/v2\/comments?post=231718"}],"version-history":[{"count":0,"href":"https:\/\/www.europesays.com\/pl\/wp-json\/wp\/v2\/posts\/231718\/revisions"}],"wp:featuredmedia":[{"embeddable":true,"href":"https:\/\/www.europesays.com\/pl\/wp-json\/wp\/v2\/media\/231719"}],"wp:attachment":[{"href":"https:\/\/www.europesays.com\/pl\/wp-json\/wp\/v2\/media?parent=231718"}],"wp:term":[{"taxonomy":"category","embeddable":true,"href":"https:\/\/www.europesays.com\/pl\/wp-json\/wp\/v2\/categories?post=231718"},{"taxonomy":"post_tag","embeddable":true,"href":"https:\/\/www.europesays.com\/pl\/wp-json\/wp\/v2\/tags?post=231718"}],"curies":[{"name":"wp","href":"https:\/\/api.w.org\/{rel}","templated":true}]}}