{"id":231739,"date":"2026-01-29T13:15:04","date_gmt":"2026-01-29T13:15:04","guid":{"rendered":"https:\/\/www.europesays.com\/pl\/231739\/"},"modified":"2026-01-29T13:15:04","modified_gmt":"2026-01-29T13:15:04","slug":"ana-de-armas-zagra-w-amerykanskim-remakeu-polskiego-sweat-zdjecia-ruszaja-juz-w-marcu","status":"publish","type":"post","link":"https:\/\/www.europesays.com\/pl\/231739\/","title":{"rendered":"Ana de Armas zagra w ameryka\u0144skim remake\u2019u polskiego &#8222;Sweat&#8221;. Zdj\u0119cia ruszaj\u0105 ju\u017c w marcu"},"content":{"rendered":"<p>&#8222;Sweat&#8221; z\u00a02020 roku, nakr\u0119cony przez szwedzko\u2011polskiego tw\u00f3rc\u0119 Magnusa von Horna i\u00a0wyprodukowany przez polskie Lava Films, opowiada\u0142 histori\u0119 influencerki fitness i\u00a0jej zmaga\u0144 z\u00a0toksyczn\u0105 popularno\u015bci\u0105. Film zebra\u0142 znakomite recenzje za \u015bwie\u017ce spojrzenie na temat samotno\u015bci w\u00a0epoce medi\u00f3w spo\u0142eczno\u015bciowych oraz za wyrazist\u0105 g\u0142\u00f3wn\u0105 rol\u0119 Magdaleny Kole\u015bnik. <\/p>\n<p>Co wi\u0119cej, w\u00a02020 r. tytu\u0142 dosta\u0142 si\u0119 na festiwal w\u00a0Cannes. Niestety wydarzenie zosta\u0142o odwo\u0142ane z\u00a0powodu pandemii. Teraz okazuje si\u0119, \u017ce &#8222;Sweat&#8221; sta\u0142 si\u0119 punktem wyj\u015bcia dla szykowanej przez Hollywood produkcji.<\/p>\n<p>W ameryka\u0144skim remake\u2019u g\u0142\u00f3wn\u0105 rol\u0119 przejmie Ana de Armas, nominowana do Oscara za &#8222;Blonde&#8221;. Aktorka wcieli si\u0119 w\u00a0posta\u0107 Emmy Kent, ambitnej trenerki fitness, marz\u0105cej o\u00a0przebiciu swojej internetowej idolki, Kat Highbrook. Jej starannie budowany wizerunek zaczyna si\u0119 rozpada\u0107 po fatalnym spotkaniu z\u00a0gwiazd\u0105, kt\u00f3re zmusza j\u0105 do uwik\u0142ania si\u0119 w\u00a0niebezpieczn\u0105 relacj\u0119 z\u00a0obsesyjnym fanem o\u00a0imieniu Trent.<\/p>\n<p>Historia, podobnie jak w\u00a0polskim oryginale, skupi si\u0119 na presji wizerunku, samotno\u015bci ukrytej pod perfekcyjnymi zdj\u0119ciami i\u00a0cienkiej granicy mi\u0119dzy s\u0142aw\u0105 a\u00a0zagro\u017ceniem.<\/p>\n<p>Za sterami projektu stanie J\u00a0Blakeson, brytyjski re\u017cyser znany z\u00a0&#8222;O wszystko zadbam&#8221;. Zdj\u0119cia rozpoczn\u0105 si\u0119 30 marca 2026 roku, a\u00a0produkcja b\u0119dzie realizowana w\u00a0Los Angeles i\u00a0Wielkiej Brytanii.<\/p>\n<p>Ana de Armas ma za sob\u0105 intensywny 2025 r., z\u00a0premierami &#8222;Balleriny&#8221; (spin-off &#8222;Johna Wicka&#8221;) i\u00a0&#8222;Eden&#8221; Rona Howarda.<\/p>\n","protected":false},"excerpt":{"rendered":"&#8222;Sweat&#8221; z\u00a02020 roku, nakr\u0119cony przez szwedzko\u2011polskiego tw\u00f3rc\u0119 Magnusa von Horna i\u00a0wyprodukowany przez polskie Lava Films, opowiada\u0142 histori\u0119 influencerki&hellip;\n","protected":false},"author":2,"featured_media":231740,"comment_status":"","ping_status":"","sticky":false,"template":"","format":"standard","meta":{"footnotes":""},"categories":[22],"tags":[122,42,38,40,39,41,123],"class_list":{"0":"post-231739","1":"post","2":"type-post","3":"status-publish","4":"format-standard","5":"has-post-thumbnail","7":"category-rozrywka","8":"tag-entertainment","9":"tag-pl","10":"tag-poland","11":"tag-polish","12":"tag-polska","13":"tag-polski","14":"tag-rozrywka"},"share_on_mastodon":{"url":"https:\/\/pubeurope.com\/@pl\/115978575914970820","error":""},"_links":{"self":[{"href":"https:\/\/www.europesays.com\/pl\/wp-json\/wp\/v2\/posts\/231739","targetHints":{"allow":["GET"]}}],"collection":[{"href":"https:\/\/www.europesays.com\/pl\/wp-json\/wp\/v2\/posts"}],"about":[{"href":"https:\/\/www.europesays.com\/pl\/wp-json\/wp\/v2\/types\/post"}],"author":[{"embeddable":true,"href":"https:\/\/www.europesays.com\/pl\/wp-json\/wp\/v2\/users\/2"}],"replies":[{"embeddable":true,"href":"https:\/\/www.europesays.com\/pl\/wp-json\/wp\/v2\/comments?post=231739"}],"version-history":[{"count":0,"href":"https:\/\/www.europesays.com\/pl\/wp-json\/wp\/v2\/posts\/231739\/revisions"}],"wp:featuredmedia":[{"embeddable":true,"href":"https:\/\/www.europesays.com\/pl\/wp-json\/wp\/v2\/media\/231740"}],"wp:attachment":[{"href":"https:\/\/www.europesays.com\/pl\/wp-json\/wp\/v2\/media?parent=231739"}],"wp:term":[{"taxonomy":"category","embeddable":true,"href":"https:\/\/www.europesays.com\/pl\/wp-json\/wp\/v2\/categories?post=231739"},{"taxonomy":"post_tag","embeddable":true,"href":"https:\/\/www.europesays.com\/pl\/wp-json\/wp\/v2\/tags?post=231739"}],"curies":[{"name":"wp","href":"https:\/\/api.w.org\/{rel}","templated":true}]}}