{"id":231758,"date":"2026-01-29T13:26:13","date_gmt":"2026-01-29T13:26:13","guid":{"rendered":"https:\/\/www.europesays.com\/pl\/231758\/"},"modified":"2026-01-29T13:26:13","modified_gmt":"2026-01-29T13:26:13","slug":"szpital-wstrzymuje-przyjecia-pacjentow-wykryli-bakterie-w-wodzie-onet-wiadomosci","status":"publish","type":"post","link":"https:\/\/www.europesays.com\/pl\/231758\/","title":{"rendered":"Szpital wstrzymuje przyj\u0119cia pacjent\u00f3w. Wykryli bakteri\u0119 w wodzie &#8211; Onet Wiadomo\u015bci"},"content":{"rendered":"<ol>\n<li><a href=\"https:\/\/news.google.com\/rss\/articles\/CBMirAFBVV95cUxNR2x2b042cDZEMVotUDZ6ai1jblBtaEY0UGhRSTU2bXFWb0pKa194VFNkSENaRkd3dHRoYThYTXVweHN2SVAtVDA1N1JrZkFrLTZxRVFnRHljLVZNVTFPbEprOUlvaTBNdnJkc09JV0N1VVJFZF9nR1l6aUo2M3R3ZDZsd2dIc01fZkFwQ2pGOC1QSXVSN0NpSUVxZXF6UzZrYVJDUjdVN1BvWkFJ?oc=5\" target=\"_blank\" rel=\"nofollow noopener\">Szpital wstrzymuje przyj\u0119cia pacjent\u00f3w. Wykryli bakteri\u0119 w wodzie<\/a>&nbsp;&nbsp;Onet Wiadomo\u015bci<\/li>\n<li><a href=\"https:\/\/news.google.com\/rss\/articles\/CBMiqgFBVV95cUxQM05vMmhSR1FNTWNIbGpITHBEbW9WZ0FWd2QzMVVSRm9yTFhpbVY5eU5DM0RkY05ycy1UdEh6R3ZDTW1FemNfR0tJb1V3Y1RZbFVPUU1BVnNyczFjdzJtWjZWZWJINTNNdF90dktWY3A1UUhkQVdNekNKdHZYRzFuYmY0OVpMMWVWSUxqUGVDY25oV0ZaOUROazdLRkFONU56Yl9HNHppS3FzQQ?oc=5\" target=\"_blank\" rel=\"nofollow noopener\">Radom. Szpital wstrzyma\u0142 przyj\u0119cia. W wodzie wykryto bakterie | TVN Warszawa<\/a>&nbsp;&nbsp;TVN24<\/li>\n<li><a href=\"https:\/\/news.google.com\/rss\/articles\/CBMiggJBVV95cUxPTDBYbnFWa3VVM1R4cXdyY3RrWFRROUhnTTQwcDYwRnBOQzZLQ2JicDZNUmFmbTctT19MWXBqV1l3MHpONklybDdHYzIzTEdoQ1NrYTEwYWV2RElyb1Atbmk5bzdCZXZtVEF1ZDg1bzc5eExRNkF0MlRfbDR6czlsVzVNaDdxRHdCVWowQ0NZR1pNdUxKZlluY3I0XzBDU19DSW9idW1YWE5OTHVMdFlGZ1FiMjJSaVdlVjZzLXlKUlVwOFlTdXFsUUxGc0xKT3hVVjR5Zk5vcjBWWGVwQmx0Vm9aNkxFaktOQkZkdVVQYlRWOEIxbGxScGhOYnV3LXM0TkE?oc=5\" target=\"_blank\" rel=\"nofollow noopener\">Radomski Szpital Specjalistyczny wstrzyma\u0142 przyj\u0119cia, nie wykonuje dializ i planowych operacji. W wodzie bakterie. Jest reakcja<\/a>&nbsp;&nbsp;echodnia.eu<\/li>\n<li><a href=\"https:\/\/news.google.com\/rss\/articles\/CBMiugFBVV95cUxOY3FrdEhYbVhHUjY5aWx0Z09NUks5elIxRzVnM1gybk14WGpDR1prYnl4RlFRbDdOVXlhUl90ZTgwSjUwTlM4akxSZVdBeTg0VUtZdUFyY2FoZU9DSE92UjhNMHNMZC03eEFFVXE0LWlMOEpVbGUzNXlPaURZWlJtVXZIc2Zob0JOUi0yelZnbXkya2d5TXlvTHNDY2EtVGtnTzU5SFoxTm5PN2EyV3RqT2l4Q2I5NmZPV0E?oc=5\" target=\"_blank\" rel=\"nofollow noopener\">Szpital miejski w Radomiu nie przyjmuje pacjent\u00f3w. W sieci wodoci\u0105gowej wykryto gro\u017an\u0105 bakteri\u0119<\/a>&nbsp;&nbsp;radom.wyborcza.pl<\/li>\n<li><a href=\"https:\/\/news.google.com\/rss\/articles\/CBMitgFBVV95cUxOdGsyWDdCa1dydU5icnROR1pOQm52LWVGc1BNT2x2Z0hTNTdFeGV5TktPSVplSDVOSUZ6eS1RcEVZLTNrMlp1MWk4WS1QbmFYSGZZRmhZMC1HcUZxMERlcmZHVlc5a1JfblFPY3NERDNNbld1UzIySXpzaDI0dlJycUNTTUY3VDhYS2xyTU9IbGlsLXdvdzljTV9jVTA3ckMzZVRFZGxjM3ZnajA2RGJRSkJ6cDlLUQ?oc=5\" target=\"_blank\" rel=\"nofollow noopener\">Bakteria coli w wodzie. Radomski szpital wstrzymuje przyj\u0119cia i dializy<\/a>&nbsp;&nbsp;RMF24<\/li>\n<\/ol>\n","protected":false},"excerpt":{"rendered":"Szpital wstrzymuje przyj\u0119cia pacjent\u00f3w. Wykryli bakteri\u0119 w wodzie&nbsp;&nbsp;Onet Wiadomo\u015bci Radom. Szpital wstrzyma\u0142 przyj\u0119cia. W wodzie wykryto bakterie |&hellip;\n","protected":false},"author":2,"featured_media":231759,"comment_status":"","ping_status":"","sticky":false,"template":"","format":"standard","meta":{"footnotes":""},"categories":[12],"tags":[3040,32,33,36,37,27,34,35,28,31,48,25,46,42,38,40,39,41,2913,47,5602,29,30,70,435,26],"class_list":{"0":"post-231758","1":"post","2":"type-post","3":"status-publish","4":"format-standard","5":"has-post-thumbnail","7":"category-polska","8":"tag-bakteria","9":"tag-breaking-news","10":"tag-breakingnews","11":"tag-featured-news","12":"tag-featurednews","13":"tag-headlines","14":"tag-latest-news","15":"tag-latestnews","16":"tag-naglowki","17":"tag-najwazniejsze-artykuly","18":"tag-nat_styl","19":"tag-news","20":"tag-omp","21":"tag-pl","22":"tag-poland","23":"tag-polish","24":"tag-polska","25":"tag-polski","26":"tag-radom","27":"tag-screening_general","28":"tag-szpital","29":"tag-top-stories","30":"tag-topstories","31":"tag-w_skrocie","32":"tag-warszawa","33":"tag-wiadomosci"},"share_on_mastodon":{"url":"https:\/\/pubeurope.com\/@pl\/115978619312944618","error":""},"_links":{"self":[{"href":"https:\/\/www.europesays.com\/pl\/wp-json\/wp\/v2\/posts\/231758","targetHints":{"allow":["GET"]}}],"collection":[{"href":"https:\/\/www.europesays.com\/pl\/wp-json\/wp\/v2\/posts"}],"about":[{"href":"https:\/\/www.europesays.com\/pl\/wp-json\/wp\/v2\/types\/post"}],"author":[{"embeddable":true,"href":"https:\/\/www.europesays.com\/pl\/wp-json\/wp\/v2\/users\/2"}],"replies":[{"embeddable":true,"href":"https:\/\/www.europesays.com\/pl\/wp-json\/wp\/v2\/comments?post=231758"}],"version-history":[{"count":0,"href":"https:\/\/www.europesays.com\/pl\/wp-json\/wp\/v2\/posts\/231758\/revisions"}],"wp:featuredmedia":[{"embeddable":true,"href":"https:\/\/www.europesays.com\/pl\/wp-json\/wp\/v2\/media\/231759"}],"wp:attachment":[{"href":"https:\/\/www.europesays.com\/pl\/wp-json\/wp\/v2\/media?parent=231758"}],"wp:term":[{"taxonomy":"category","embeddable":true,"href":"https:\/\/www.europesays.com\/pl\/wp-json\/wp\/v2\/categories?post=231758"},{"taxonomy":"post_tag","embeddable":true,"href":"https:\/\/www.europesays.com\/pl\/wp-json\/wp\/v2\/tags?post=231758"}],"curies":[{"name":"wp","href":"https:\/\/api.w.org\/{rel}","templated":true}]}}