{"id":231760,"date":"2026-01-29T13:27:09","date_gmt":"2026-01-29T13:27:09","guid":{"rendered":"https:\/\/www.europesays.com\/pl\/231760\/"},"modified":"2026-01-29T13:27:09","modified_gmt":"2026-01-29T13:27:09","slug":"policja-ostrzega-mieszkancy-gorlic-stracili-ponad-milion-zlotych","status":"publish","type":"post","link":"https:\/\/www.europesays.com\/pl\/231760\/","title":{"rendered":"Policja ostrzega. Mieszka\u0144cy Gorlic stracili ponad milion z\u0142otych"},"content":{"rendered":"<p>Mieszkanka powiatu gorlickiego <a href=\"https:\/\/informacje.wp.pl\/wiadomosci\/oszustwa-na-pracownika-banku-49-osob-zatrzymanych-w-sledztwie-7248221395513921a\" rel=\"noopener noreferrer nofollow\" target=\"_blank\">pad\u0142a ofiar\u0105 przest\u0119pc\u00f3w podszywaj\u0105cych si\u0119 pod pracownik\u00f3w banku<\/a>, trac\u0105c przy tym ponad milion z\u0142otych. Zar\u00f3wno telefoniczne po\u0142\u0105czenia, jak i\u00a0wiadomo\u015bci e-mailowe przekona\u0142y starsz\u0105 kobiet\u0119, \u017ce grozi jej oszustwo zwi\u0105zane z\u00a0po\u017cyczkami na jej dane osobowe. Jak informuj\u0105 funkcjonariusze z\u00a0Komendy Wojew\u00f3dzkiej Policji w\u00a0Krakowie, przest\u0119pcy twierdzili, \u017ce jej \u015brodki s\u0105 zagro\u017cone.<\/p>\n<p>Pieni\u0105dze straci\u0142 r\u00f3wnie\u017c m\u0119\u017cczyzna po trzydziestce, kt\u00f3ry zdecydowa\u0142 si\u0119 powierzy\u0107 250 tys. z\u0142  rzekomej platformie inwestycyjnej. Nak\u0142oni\u0142a go do tego kobieta, poznana za po\u015brednictwem komunikatora internetowego. Skontaktowa\u0142a go ona z\u00a0fa\u0142szywymi doradcami inwestycyjnymi, a\u00a0ci szybko go przekonali do przekazania swoich \u015brodk\u00f3w. <\/p>\n<p>Niestety, pr\u0119dko okaza\u0142o si\u0119, \u017ce by\u0142 to bardzo niekorzystny ruch. M\u0119\u017cczyzna po kilku dniach otrzyma\u0142 informacj\u0119, \u017ce w\u00a0wyniku jego b\u0142\u0119du przy wykonywaniu operacji inwestycyjnych ma ujemne saldo i\u00a0aby odzyska\u0107 zainwestowane pieni\u0105dze, musi wp\u0142aci\u0107 dodatkowe \u015brodki. Pokrzywdzony pr\u00f3bowa\u0142 odzyska\u0107 to co zainwestowa\u0142, jednak nie mia\u0142 ju\u017c mo\u017cliwo\u015bci zalogowania si\u0119 do swojego konta na platformie.<\/p>\n","protected":false},"excerpt":{"rendered":"Mieszkanka powiatu gorlickiego pad\u0142a ofiar\u0105 przest\u0119pc\u00f3w podszywaj\u0105cych si\u0119 pod pracownik\u00f3w banku, trac\u0105c przy tym ponad milion z\u0142otych. Zar\u00f3wno&hellip;\n","protected":false},"author":2,"featured_media":231761,"comment_status":"","ping_status":"","sticky":false,"template":"","format":"standard","meta":{"footnotes":""},"categories":[5],"tags":[32,33,36,37,27,34,35,28,31,25,42,38,40,39,41,29,30,26],"class_list":{"0":"post-231760","1":"post","2":"type-post","3":"status-publish","4":"format-standard","5":"has-post-thumbnail","7":"category-naglowki","8":"tag-breaking-news","9":"tag-breakingnews","10":"tag-featured-news","11":"tag-featurednews","12":"tag-headlines","13":"tag-latest-news","14":"tag-latestnews","15":"tag-naglowki","16":"tag-najwazniejsze-artykuly","17":"tag-news","18":"tag-pl","19":"tag-poland","20":"tag-polish","21":"tag-polska","22":"tag-polski","23":"tag-top-stories","24":"tag-topstories","25":"tag-wiadomosci"},"share_on_mastodon":{"url":"https:\/\/pubeurope.com\/@pl\/115978622869267007","error":""},"_links":{"self":[{"href":"https:\/\/www.europesays.com\/pl\/wp-json\/wp\/v2\/posts\/231760","targetHints":{"allow":["GET"]}}],"collection":[{"href":"https:\/\/www.europesays.com\/pl\/wp-json\/wp\/v2\/posts"}],"about":[{"href":"https:\/\/www.europesays.com\/pl\/wp-json\/wp\/v2\/types\/post"}],"author":[{"embeddable":true,"href":"https:\/\/www.europesays.com\/pl\/wp-json\/wp\/v2\/users\/2"}],"replies":[{"embeddable":true,"href":"https:\/\/www.europesays.com\/pl\/wp-json\/wp\/v2\/comments?post=231760"}],"version-history":[{"count":0,"href":"https:\/\/www.europesays.com\/pl\/wp-json\/wp\/v2\/posts\/231760\/revisions"}],"wp:featuredmedia":[{"embeddable":true,"href":"https:\/\/www.europesays.com\/pl\/wp-json\/wp\/v2\/media\/231761"}],"wp:attachment":[{"href":"https:\/\/www.europesays.com\/pl\/wp-json\/wp\/v2\/media?parent=231760"}],"wp:term":[{"taxonomy":"category","embeddable":true,"href":"https:\/\/www.europesays.com\/pl\/wp-json\/wp\/v2\/categories?post=231760"},{"taxonomy":"post_tag","embeddable":true,"href":"https:\/\/www.europesays.com\/pl\/wp-json\/wp\/v2\/tags?post=231760"}],"curies":[{"name":"wp","href":"https:\/\/api.w.org\/{rel}","templated":true}]}}