{"id":231851,"date":"2026-01-29T14:24:07","date_gmt":"2026-01-29T14:24:07","guid":{"rendered":"https:\/\/www.europesays.com\/pl\/231851\/"},"modified":"2026-01-29T14:24:07","modified_gmt":"2026-01-29T14:24:07","slug":"real-sie-skompromitowal-i-poszlo-oto-sensacyjny-kandydat-na-trenera","status":"publish","type":"post","link":"https:\/\/www.europesays.com\/pl\/231851\/","title":{"rendered":"Real si\u0119 skompromitowa\u0142 i posz\u0142o. Oto sensacyjny kandydat na trenera"},"content":{"rendered":"<p class=\"art_paragraph\">W \u015brodowy wiecz\u00f3r <a href=\"https:\/\/www.sport.pl\/pilka\/7,65082,32524406,trzesienie-ziemi-w-madrycie-real-ukaral-trenera-za-niewinnosc.html#anchorLink\" rel=\"nofollow noopener\" target=\"_blank\">Real<\/a> Madryt przegra\u0142 po nieprawdopodobnym spotkaniu 2:4 z Benfic\u0105, w ostatnim <a href=\"https:\/\/www.sport.pl\/mecze#anchorLink\" rel=\"nofollow noopener\" target=\"_blank\">meczu<\/a> grupowym <a href=\"https:\/\/www.sport.pl\/pilka\/0,65041.html#anchorLink\" rel=\"nofollow noopener\" target=\"_blank\">Ligi Mistrz\u00f3w<\/a>. Pora\u017cka spowodowa\u0142a, \u017ce Kr\u00f3lewscy wypadli z najlepszej \u00f3semki fazy ligowej i b\u0119d\u0105 musieli rozgrywa\u0107 dodatkowy dwumecz. To kolejna kl\u0119ska klubu za kadencji Arbeloi, wcze\u015bniej jego podopieczni odpadli z Pucharu Kr\u00f3la, po sensacyjnej kl\u0119sce z Albacete. Na pocieszenie dla Hiszpana jego podopieczni bardzo pewnie prezentuj\u0105 si\u0119 w La Liga, mo\u017ce si\u0119 okaza\u0107, \u017ce dla w\u0142adz Realu b\u0119dzie to jednak za ma\u0142o.\u00a0<\/p>\n<p>\n    Zobacz wideo Kosecki pom\u00f3g\u0142 w transferze by\u0142ego pi\u0142karza Legii: Praktycznie sam przeprowadzi\u0142em t\u0119 transakcj\u0119\n  <\/p>\n<p> Zaskakuj\u0105ca informacja. Emery kandydatem na trenera Realu\u00a0<\/p>\n<p class=\"art_paragraph\">Niepewna sytuacja Arbeloi sprawia, \u017ce Real ju\u017c teraz zaczyna si\u0119 rozgl\u0105da\u0107 za innymi opcjami. Do\u015b\u0107 zaskakuj\u0105c\u0105 informacje przekaza\u0142 hiszpa\u0144ski dziennikarz,\u00a0Ram\u00f3n \u00c1lvarez de Mon, kt\u00f3ry twierdzi, \u017ce Kr\u00f3lewscy maj\u0105 by\u0107 zainteresowani sprowadzeniem trenera Aston Villi, Unaia Emery&#8217;ego.\u00a0<\/p>\n<p class=\"art_paragraph\">&#8211; Je\u015bli Real zdecyduje si\u0119 na zmian\u0119 trenera po tym sezonie, to Emery ma by\u0107 g\u0142\u00f3wnym faworytem. W ostatnich dniach mia\u0142y odby\u0107 si\u0119 rozmowy ze szkoleniowcem, dotycz\u0105cego jego dost\u0119pno\u015bci od lata &#8211; napisa\u0142 na portalu X\u00a0Ram\u00f3n \u00c1lvarez de Mon.\u00a0<\/p>\n<p class=\"art_paragraph\">Zobacz te\u017c: <a href=\"https:\/\/www.sport.pl\/pilka\/7,65041,32563338,to-dlatego-lewandowski-zmarnowal-setke-naprawde-to-powiedzial.html\" class=\"art_link\" rel=\"dofollow noopener\" target=\"_blank\">To dlatego Lewandowski zmarnowa\u0142 &#8222;setk\u0119&#8221;. Naprawd\u0119 to powiedzia\u0142. &#8222;Wia\u0142 wiatr&#8221;<\/a><\/p>\n<p> Emery pisz\u0119 pi\u0119kn\u0105 histori\u0119 w Aston Vilii\u00a0<\/p>\n<p class=\"art_paragraph\">Unai Emery to szkoleniowiec, kt\u00f3remu na pewno nie brakuje argument\u00f3w do prowadzenia takiego klubu jak Real. W przesz\u0142o\u015bci Hiszpan trenowa\u0142 m.in. Sevill\u0119, PSG czy Arsenal, a obecnie prowadzi znakomicie radz\u0105c\u0105 sobie w Premier League Aston Vill\u0119. Jego podopieczni walcz\u0105 jak r\u00f3wny z r\u00f3wnym z Arsenalem i <a href=\"https:\/\/www.sport.pl\/manchester-city#anchorLink\" rel=\"nofollow noopener\" target=\"_blank\">Manchesterem City<\/a> o mistrzostwo Anglii.\u00a0<\/p>\n<p class=\"art_paragraph\">Arbeloa szans na popraw\u0119 swojej sytuacji b\u0119dzie szuka\u0142 ju\u017c w najbli\u017cszy weekend. Real w ramach 22. kolejki La Liga zagra na w\u0142asnym stadionie z Vallecano. Kr\u00f3lewscy w tabeli ligi hiszpa\u0144skiej znajduj\u0105 si\u0119 na drugim miejscu, z punktem straty do Barcelony.\u00a0<\/p>\n","protected":false},"excerpt":{"rendered":"W \u015brodowy wiecz\u00f3r Real Madryt przegra\u0142 po nieprawdopodobnym spotkaniu 2:4 z Benfic\u0105, w ostatnim meczu grupowym Ligi Mistrz\u00f3w.&hellip;\n","protected":false},"author":2,"featured_media":187267,"comment_status":"","ping_status":"","sticky":false,"template":"","format":"standard","meta":{"footnotes":""},"categories":[24],"tags":[42,38,40,39,41,127,126],"class_list":{"0":"post-231851","1":"post","2":"type-post","3":"status-publish","4":"format-standard","5":"has-post-thumbnail","7":"category-sport","8":"tag-pl","9":"tag-poland","10":"tag-polish","11":"tag-polska","12":"tag-polski","13":"tag-sport","14":"tag-sports"},"share_on_mastodon":{"url":"https:\/\/pubeurope.com\/@pl\/115978847024095753","error":""},"_links":{"self":[{"href":"https:\/\/www.europesays.com\/pl\/wp-json\/wp\/v2\/posts\/231851","targetHints":{"allow":["GET"]}}],"collection":[{"href":"https:\/\/www.europesays.com\/pl\/wp-json\/wp\/v2\/posts"}],"about":[{"href":"https:\/\/www.europesays.com\/pl\/wp-json\/wp\/v2\/types\/post"}],"author":[{"embeddable":true,"href":"https:\/\/www.europesays.com\/pl\/wp-json\/wp\/v2\/users\/2"}],"replies":[{"embeddable":true,"href":"https:\/\/www.europesays.com\/pl\/wp-json\/wp\/v2\/comments?post=231851"}],"version-history":[{"count":0,"href":"https:\/\/www.europesays.com\/pl\/wp-json\/wp\/v2\/posts\/231851\/revisions"}],"wp:featuredmedia":[{"embeddable":true,"href":"https:\/\/www.europesays.com\/pl\/wp-json\/wp\/v2\/media\/187267"}],"wp:attachment":[{"href":"https:\/\/www.europesays.com\/pl\/wp-json\/wp\/v2\/media?parent=231851"}],"wp:term":[{"taxonomy":"category","embeddable":true,"href":"https:\/\/www.europesays.com\/pl\/wp-json\/wp\/v2\/categories?post=231851"},{"taxonomy":"post_tag","embeddable":true,"href":"https:\/\/www.europesays.com\/pl\/wp-json\/wp\/v2\/tags?post=231851"}],"curies":[{"name":"wp","href":"https:\/\/api.w.org\/{rel}","templated":true}]}}