{"id":231873,"date":"2026-01-29T14:42:23","date_gmt":"2026-01-29T14:42:23","guid":{"rendered":"https:\/\/www.europesays.com\/pl\/231873\/"},"modified":"2026-01-29T14:42:23","modified_gmt":"2026-01-29T14:42:23","slug":"rosyjskie-wojska-oczyszczaja-miejscowosc-do-ktorej-nie-dotarly","status":"publish","type":"post","link":"https:\/\/www.europesays.com\/pl\/231873\/","title":{"rendered":"Rosyjskie wojska \u201eoczyszczaj\u0105\u201d miejscowo\u015b\u0107, do kt\u00f3rej nie dotar\u0142y"},"content":{"rendered":"<p>   <a href=\"https:\/\/defence24.pl\/strona-autora\/bartlomiej-wypartowicz\" target=\"_self\" class=\"article-author__wrap\" rel=\"nofollow noopener\"><img loading=\"lazy\" decoding=\"async\" src=\"https:\/\/www.europesays.com\/pl\/wp-content\/uploads\/2026\/01\/5v0OsDlD0sBBbNYAk9q8XVTUy4FNwJkUEtfcLbva.tqmy.jpg\" alt=\"\"  width=\"100\" height=\"100\" author=\"Bart\u0142omiej Wypartowicz\" caption=\"\" fullscreen=\"https:\/\/cdn.defence24.pl\/2026\/01\/13\/1920xpx\/5v0OsDlD0sBBbNYAk9q8XVTUy4FNwJkUEtfcLbva.tspp.jpg\" class=\"img article-author__avatar img-avatar\"\/><br \/>\n          Bart\u0142omiej Wypartowicz<br \/>\n        <\/a><br \/>\n      28 stycznia 2026, 17:20<\/p>\n<p>\n      1 min.\n    <\/p>\n<p>Szef rosyjskiego Sztabu Generalnego, genera\u0142 Walery Gerasimow, og\u0142osi\u0142, \u017ce miejscowo\u015b\u0107 Kupiansk-Wuz\u0142owy w obwodzie charkowskim zosta\u0142a rzekomo zaj\u0119ta przez wojska rosyjskie. Tymczasem dost\u0119pne dane wskazuj\u0105, \u017ce rosyjskie si\u0142y nie zbli\u017cy\u0142y si\u0119 nawet do tej miejscowo\u015bci.<\/p>\n<p>  <img decoding=\"async\" src=\"https:\/\/www.europesays.com\/pl\/wp-content\/uploads\/2026\/01\/LgYcno9dWFFzY7lX7Y5pxvHj5LtuAvYZOstNx0L9.rpoy.jpg\" alt=\"wojna ukraina rosja wojsko \u017co\u0142nierze\"  width=\"800\" height=\"450\" author=\"Defense of Ukraine (@DefenceU)\/X\" fetchpriority=\"high\" class=\"img image-with-caption__image\"\/><br \/>\n        Ukrai\u0144scy \u017co\u0142nierze na wojnie z Rosj\u0105.<br \/>\n       <br \/>Autor. Defense of Ukraine (@DefenceU)\/X<\/p>\n<p class=\"paragraph-module\">Gerasimow wyg\u0142osi\u0142 o\u015bwiadczenie podczas inspekcji \u201egrupy wojsk Zach\u00f3d\u201d, a ministerstwo obrony Rosji opublikowa\u0142o z tej okazji nagranie wideo. Genera\u0142 twierdzi\u0142, \u017ce Kupiansk-Wuz\u0142owy zosta\u0142 ju\u017c \u201eoczyszczony z ukrai\u0144skich si\u0142 i kontrolowany przez wojska rosyjskie\u201d.<\/p>\n<p class=\"paragraph-module\">Nie jest to pierwszy raz, gdy rosyjskie w\u0142adze og\u0142aszaj\u0105 \u201ezdobycie\u201d miejscowo\u015bci, do kt\u00f3rych ich wojska nawet nie dotar\u0142y, co w przesz\u0142o\u015bci wielokrotnie okazywa\u0142o si\u0119 propagandowym chwytem maj\u0105cym podnie\u015b\u0107 morale i wywo\u0142a\u0107 efekt medialny.<\/p>\n<p class=\"paragraph-module\">Wed\u0142ug mapy DeepState z 27 stycznia 2026 r. odleg\u0142o\u015b\u0107 od Kupianska-Wuz\u0142owego do teren\u00f3w faktycznie kontrolowanych przez Rosjan wynosi co najmniej 10 km. Sama miejscowo\u015b\u0107 znajduje si\u0119 oko\u0142o 5 km na po\u0142udnie od Kupianska, gdzie ukrai\u0144skie Si\u0142y Zbrojne prowadz\u0105 operacje oczyszczania terenu z oddzia\u0142\u00f3w rosyjskich. Szara strefa nie dotar\u0142a nawet do przedmie\u015b\u0107, a ca\u0142a miejscowo\u015b\u0107 pozostaje pod pe\u0142n\u0105 kontrol\u0105 Ukrainy.<\/p>\n<p class=\"paragraph-module\">Kupiansk-Wuz\u0142owy to wa\u017cny w\u0119ze\u0142 kolejowy \u0142\u0105cz\u0105cy Chark\u00f3w, Walujki, \u015awiatohirsk, Bie\u0142gorod, Popasn\u0105 i Kupiansk-Piwdenny. W 2022 roku Rosja wykorzystywa\u0142a stacj\u0119 kolejow\u0105 do przemieszczania wojsk z regionu Bie\u0142gorodu na czasowo okupowane tereny wschodniej Ukrainy.<\/p>\n<p class=\"paragraph-module\">Miejscowo\u015b\u0107 zosta\u0142a wyzwolona przez ukrai\u0144skie Si\u0142y Zbrojne w pierwszej po\u0142owie wrze\u015bnia 2022 roku podczas kontrnatarcia w obwodzie charkowskim. Pod koniec grudnia 2025 roku rosyjskie oddzia\u0142y straci\u0142y kontrol\u0119 nad cz\u0119\u015bciami Kupianska, kt\u00f3re wcze\u015bniej zdobywa\u0142y przy u\u017cyciu ma\u0142ych grup piechoty.<\/p>\n","protected":false},"excerpt":{"rendered":"Bart\u0142omiej Wypartowicz 28 stycznia 2026, 17:20 1 min. Szef rosyjskiego Sztabu Generalnego, genera\u0142 Walery Gerasimow, og\u0142osi\u0142, \u017ce miejscowo\u015b\u0107&hellip;\n","protected":false},"author":2,"featured_media":231874,"comment_status":"","ping_status":"","sticky":false,"template":"","format":"standard","meta":{"footnotes":""},"categories":[14],"tags":[32,33,24408,27,13560,34,35,1066,28,31,25,40,41,87,80,29,30,415,26,892,2278,82,83,84,42200],"class_list":{"0":"post-231873","1":"post","2":"type-post","3":"status-publish","4":"format-standard","5":"has-post-thumbnail","7":"category-swiat","8":"tag-breaking-news","9":"tag-breakingnews","10":"tag-gierasimow","11":"tag-headlines","12":"tag-kupiansk","13":"tag-latest-news","14":"tag-latestnews","15":"tag-miasto","16":"tag-naglowki","17":"tag-najwazniejsze-artykuly","18":"tag-news","19":"tag-polish","20":"tag-polski","21":"tag-rosja","22":"tag-swiat","23":"tag-top-stories","24":"tag-topstories","25":"tag-ukraina","26":"tag-wiadomosci","27":"tag-wojna","28":"tag-wojna-na-ukrainie","29":"tag-world","30":"tag-world-news","31":"tag-worldnews","32":"tag-zdobycz-wojenna"},"share_on_mastodon":{"url":"https:\/\/pubeurope.com\/@pl\/115978918005873117","error":""},"_links":{"self":[{"href":"https:\/\/www.europesays.com\/pl\/wp-json\/wp\/v2\/posts\/231873","targetHints":{"allow":["GET"]}}],"collection":[{"href":"https:\/\/www.europesays.com\/pl\/wp-json\/wp\/v2\/posts"}],"about":[{"href":"https:\/\/www.europesays.com\/pl\/wp-json\/wp\/v2\/types\/post"}],"author":[{"embeddable":true,"href":"https:\/\/www.europesays.com\/pl\/wp-json\/wp\/v2\/users\/2"}],"replies":[{"embeddable":true,"href":"https:\/\/www.europesays.com\/pl\/wp-json\/wp\/v2\/comments?post=231873"}],"version-history":[{"count":0,"href":"https:\/\/www.europesays.com\/pl\/wp-json\/wp\/v2\/posts\/231873\/revisions"}],"wp:featuredmedia":[{"embeddable":true,"href":"https:\/\/www.europesays.com\/pl\/wp-json\/wp\/v2\/media\/231874"}],"wp:attachment":[{"href":"https:\/\/www.europesays.com\/pl\/wp-json\/wp\/v2\/media?parent=231873"}],"wp:term":[{"taxonomy":"category","embeddable":true,"href":"https:\/\/www.europesays.com\/pl\/wp-json\/wp\/v2\/categories?post=231873"},{"taxonomy":"post_tag","embeddable":true,"href":"https:\/\/www.europesays.com\/pl\/wp-json\/wp\/v2\/tags?post=231873"}],"curies":[{"name":"wp","href":"https:\/\/api.w.org\/{rel}","templated":true}]}}