{"id":231922,"date":"2026-01-29T15:19:13","date_gmt":"2026-01-29T15:19:13","guid":{"rendered":"https:\/\/www.europesays.com\/pl\/231922\/"},"modified":"2026-01-29T15:19:13","modified_gmt":"2026-01-29T15:19:13","slug":"hit-nad-hity-oto-potencjalni-rywale-barcelony-w-1-8-finalu-ligi-mistrzow","status":"publish","type":"post","link":"https:\/\/www.europesays.com\/pl\/231922\/","title":{"rendered":"Hit nad hity! Oto potencjalni rywale Barcelony w 1\/8 fina\u0142u Ligi Mistrz\u00f3w"},"content":{"rendered":"<p class=\"art_paragraph\">Barcelona nie rozpocz\u0119\u0142a dobrze swojego ostatniego <a href=\"https:\/\/www.sport.pl\/mecze#anchorLink\" rel=\"nofollow noopener\" target=\"_blank\">meczu<\/a> w fazie ligowej bie\u017c\u0105cej edycji Ligi Mistrz\u00f3w. Ju\u017c w czwartej minucie FC Kopenhaga szokuj\u0105co wysz\u0142a na prowadzenie po bramce 17-letniego Islandczyka, Viktora Dadasona. W pierwszej po\u0142owie bramkarze nie dali si\u0119 pokona\u0107, ale w drugiej na Camp Nou rz\u0105dzili gospodarze &#8211; Duma Katalonii wygra\u0142a 4:1.<\/p>\n<p>\n    Zobacz wideo Lewandowski trafi do MLS? Kosecki: Cz\u0119sto to powtarza\u0142, na pewno ma plan\n  <\/p>\n<p class=\"art_paragraph\">Du\u017cy udzia\u0142 w tym zwyci\u0119stwie mia\u0142 Robert <a href=\"https:\/\/www.sport.pl\/pilka\/7,65037,32519823,lewandowski-zgarnal-wyjatkowy-tytul-oto-jak-zareagowal-pieknie.html#anchorLink\" rel=\"nofollow noopener\" target=\"_blank\">Lewandowski<\/a>. To on da\u0142 impuls do odrabiania strat, strzelaj\u0105c wyr\u00f3wnuj\u0105cego gola na pocz\u0105tku drugiej po\u0142owy. Kapitan reprezentacji Polski wywalczy\u0142 r\u00f3wnie\u017c rzut karny, wykorzystany w 69. minucie przez Raphinh\u0119.\u00a0<\/p>\n<p> FC Barcelona triumfuje i zas\u0142u\u017cy\u0142a na odpoczynek<\/p>\n<p class=\"art_paragraph\">Wyniki wszystkich mecz\u00f3w \u00f3smej kolejki Ligi Mistrz\u00f3w pozwoli\u0142y Barcelonie awansowa\u0107 z dziewi\u0105tego na pi\u0105te miejsce w tabeli. Oznacza to, \u017ce podopieczni Hansiego Flicka awansowali bezpo\u015brednio do 1\/8 <a href=\"https:\/\/www.sport.pl\/tenis\/7,64987,30022805,swiatek-wygrala-z-dawna-soba-przedwczesny-final-zawiodl-ale.html#anchorLink\" rel=\"nofollow noopener\" target=\"_blank\">fina\u0142u<\/a> LM. Gorszy los spotka\u0142 Real Madryt. <a href=\"https:\/\/www.sport.pl\/pilka\/7,65041,32562980,byla-98-minuta-meczu-realu-i-nagle-gol-bramkarza-na-wage-awansu.html\" class=\"art_link\" rel=\"dofollow noopener\" target=\"_blank\">Kr\u00f3lewscy w \u015brod\u0119 rano plasowali si\u0119 na trzeciej lokacie, ale spadli na dziewi\u0105te po sensacyjnej pora\u017cce z Benfik\u0105<\/a>. Przez to b\u0119d\u0105 musieli zagra\u0107 jeden dwumecz wi\u0119cej.<\/p>\n<p class=\"art_paragraph\">Zobacz te\u017c:\u00a0<a href=\"https:\/\/www.sport.pl\/pilka\/7,65041,32563203,lewandowski-oglosil-swiatu-po-meczu-ligi-mistrzow-bylo-tuz.html\" class=\"art_link\" rel=\"dofollow noopener\" target=\"_blank\">Lewandowski og\u0142osi\u0142 \u015bwiatu po meczu Ligi Mistrz\u00f3w. By\u0142o tu\u017c po p\u00f3\u0142nocy<\/a><\/p>\n<p class=\"art_paragraph\">Barcelona b\u0119dzie wi\u0119c mie\u0107 dwa wolne \u015brodowe wieczory pod koniec lutego. Nie wiadomo natomiast, z kim Duma Katalonii zmierzy si\u0119 w po\u0142owie marca w kolejnej rundzie Ligi Mistrz\u00f3w. Wszystko zale\u017ce\u0107 b\u0119dzie od dw\u00f3ch losowa\u0144. Pierwsze jest zaplanowane na pi\u0105tek 30 stycznia &#8211; poznamy wtedy pary 1\/16 fina\u0142u. O dok\u0142adnym wygl\u0105dzie drabinki zadecyduje losowanie, kt\u00f3re 27 lutego odb\u0119dzie si\u0119 w szwajcarskim Nyonie.<\/p>\n<p> Z nimi Barcelona mo\u017ce zagra\u0107 w LM<\/p>\n<p class=\"art_paragraph\">Znane s\u0105 natomiast kluby, kt\u00f3re mog\u0105 zmierzy\u0107 si\u0119 w marcu z Barcelon\u0105. Opcje s\u0105 cztery. Na drodze Dumy Katalonii stanie jeden z zespo\u0142\u00f3w, kt\u00f3re zaj\u0119\u0142y miejsca 11., 12., 21. oraz 22. w zako\u0144czonej w \u015brod\u0119 fazie ligowej. O awansie do 1\/8 fina\u0142u zadecyduje dwumecz pomi\u0119dzy Paris Saint Germain b\u0105d\u017a Newcastle United a AS Monako lub Karabachem Agdam.<\/p>\n<p class=\"art_paragraph\">Mo\u017cliwy jest wi\u0119c absolutny hit. Ewentualne starcie dw\u00f3ch kolos\u00f3w europejskiej <a href=\"https:\/\/www.sport.pl\/pilka\/0,0.html#anchorLink\" rel=\"nofollow noopener\" target=\"_blank\">pi\u0142ki<\/a> &#8211; Barcelony oraz <a href=\"https:\/\/www.sport.pl\/psg#anchorLink\" rel=\"nofollow noopener\" target=\"_blank\">PSG<\/a> &#8211; z pewno\u015bci\u0105 przyniesie wielkie emocje. Smaczku dodaje fakt, \u017ce Pary\u017canie s\u0105 obro\u0144cami zdobytego w maju zesz\u0142ego roku trofeum. Co wi\u0119cej, oba kluby mierzy\u0142y si\u0119 ju\u017c ze sob\u0105 w tym sezonie Ligi Mistrz\u00f3w. Cho\u0107 wynik otworzy\u0142 Ferran Torres, PSG wygra\u0142o na wyje\u017adzie 2:1 po bramkach\u00a0Mayulu oraz Ramosa.<\/p>\n<p class=\"art_paragraph\">Niewykluczone te\u017c, \u017ce na Camp Nou przyjedzie Mateusz Kochalski. Karabach nie b\u0119dzie faworytem ani przeciwko PSG, ani przeciwko Newcastle, ale\u00a0mistrz Azerbejd\u017canu zanotowa\u0142 kilka warto\u015bciowych wynik\u00f3w &#8211; domowy remis z Chelsea czy zwyci\u0119stwo w Lizbonie z Benfik\u0105.<\/p>\n","protected":false},"excerpt":{"rendered":"Barcelona nie rozpocz\u0119\u0142a dobrze swojego ostatniego meczu w fazie ligowej bie\u017c\u0105cej edycji Ligi Mistrz\u00f3w. Ju\u017c w czwartej minucie&hellip;\n","protected":false},"author":2,"featured_media":231044,"comment_status":"","ping_status":"","sticky":false,"template":"","format":"standard","meta":{"footnotes":""},"categories":[5],"tags":[32,33,36,37,27,34,35,28,31,25,42,38,40,39,41,29,30,26],"class_list":{"0":"post-231922","1":"post","2":"type-post","3":"status-publish","4":"format-standard","5":"has-post-thumbnail","7":"category-naglowki","8":"tag-breaking-news","9":"tag-breakingnews","10":"tag-featured-news","11":"tag-featurednews","12":"tag-headlines","13":"tag-latest-news","14":"tag-latestnews","15":"tag-naglowki","16":"tag-najwazniejsze-artykuly","17":"tag-news","18":"tag-pl","19":"tag-poland","20":"tag-polish","21":"tag-polska","22":"tag-polski","23":"tag-top-stories","24":"tag-topstories","25":"tag-wiadomosci"},"share_on_mastodon":{"url":"https:\/\/pubeurope.com\/@pl\/115979063370907586","error":""},"_links":{"self":[{"href":"https:\/\/www.europesays.com\/pl\/wp-json\/wp\/v2\/posts\/231922","targetHints":{"allow":["GET"]}}],"collection":[{"href":"https:\/\/www.europesays.com\/pl\/wp-json\/wp\/v2\/posts"}],"about":[{"href":"https:\/\/www.europesays.com\/pl\/wp-json\/wp\/v2\/types\/post"}],"author":[{"embeddable":true,"href":"https:\/\/www.europesays.com\/pl\/wp-json\/wp\/v2\/users\/2"}],"replies":[{"embeddable":true,"href":"https:\/\/www.europesays.com\/pl\/wp-json\/wp\/v2\/comments?post=231922"}],"version-history":[{"count":0,"href":"https:\/\/www.europesays.com\/pl\/wp-json\/wp\/v2\/posts\/231922\/revisions"}],"wp:featuredmedia":[{"embeddable":true,"href":"https:\/\/www.europesays.com\/pl\/wp-json\/wp\/v2\/media\/231044"}],"wp:attachment":[{"href":"https:\/\/www.europesays.com\/pl\/wp-json\/wp\/v2\/media?parent=231922"}],"wp:term":[{"taxonomy":"category","embeddable":true,"href":"https:\/\/www.europesays.com\/pl\/wp-json\/wp\/v2\/categories?post=231922"},{"taxonomy":"post_tag","embeddable":true,"href":"https:\/\/www.europesays.com\/pl\/wp-json\/wp\/v2\/tags?post=231922"}],"curies":[{"name":"wp","href":"https:\/\/api.w.org\/{rel}","templated":true}]}}