{"id":231938,"date":"2026-01-29T15:34:09","date_gmt":"2026-01-29T15:34:09","guid":{"rendered":"https:\/\/www.europesays.com\/pl\/231938\/"},"modified":"2026-01-29T15:34:09","modified_gmt":"2026-01-29T15:34:09","slug":"koszmar-czyza-powrocil-znow-zerwal-wiezadla-klub-przedluzyl-jego-umowe-widzewtomy","status":"publish","type":"post","link":"https:\/\/www.europesays.com\/pl\/231938\/","title":{"rendered":"Koszmar Czy\u017ca powr\u00f3ci\u0142 &#8211; zn\u00f3w zerwa\u0142 wi\u0119zad\u0142a! Klub przed\u0142u\u017cy\u0142 jego umow\u0119 &#8211; WidzewToMy"},"content":{"rendered":"<p>        29 stycznia 2026, 12:18 | Autor: <a href=\"https:\/\/www.widzewtomy.net\/author\/ryan\/\" title=\"Wpisy od Ryan\" rel=\"author nofollow noopener\" target=\"_blank\">Ryan<\/a><\/p>\n<p><a href=\"https:\/\/www.widzewtomy.net\/wp-content\/uploads\/2025\/11\/czyz.jpg\" rel=\"nofollow noopener\" target=\"_blank\"><img loading=\"lazy\" decoding=\"async\" class=\"aligncenter size-thumbnail-postcontent wp-image-475043\" src=\"https:\/\/www.europesays.com\/pl\/wp-content\/uploads\/2026\/01\/czyz-500x334.jpg\" alt=\"\" width=\"500\" height=\"334\"  \/><\/a><\/p>\n<p>Fatalna wiadomo\u015b\u0107 nap\u0142yn\u0119\u0142a w\u0142a\u015bnie z obozu Widzewiak\u00f3w. Po raz trzeci w swojej karierze pi\u0142karskiej wi\u0119zad\u0142a krzy\u017cowe w kolanie zerwa\u0142 Szymon Czy\u017c, przez co zn\u00f3w b\u0119dzie musia\u0142 pauzowa\u0107 przez wiele miesi\u0119cy. Nie zostanie jednak na lodzie \u2013 klub o rok przed\u0142u\u017cy\u0142 jego kontrakt!<\/p>\n<p>Pomocnik trafi\u0142 na Pi\u0142sudskiego przed rokiem, maj\u0105c za sob\u0105 ju\u017c dwie kontuzje tego rodzaju. Pierwszy raz mia\u0142 miejsce we wrze\u015bniu 2022 roku, gdy zawodnik wyst\u0119powa\u0142 w Rakowie Cz\u0119stochowa. Zerwanie wi\u0119zade\u0142 oznacza\u0142o dla niego przerw\u0119 trwaj\u0105c\u0105 ponad sze\u015b\u0107 miesi\u0119cy (dok\u0142adnie 223 dni). Gdy upora\u0142 si\u0119 z tym problemem, po mozolnej rehabilitacji zacz\u0105\u0142 powoli wraca\u0107 na boisko i zaliczy\u0142 dwa kr\u00f3tkie wyst\u0119py na finiszu sezonu.<\/p>\n<p>Aby odbudowa\u0107 si\u0119 po kontuzji, Czy\u017c zosta\u0142 na kolejne rozgrywki wypo\u017cyczony do G\u00f3rnika Zabrze. Wszystko wskazywa\u0142o na to, \u017ce czarny okres jest ju\u017c za nim \u2013 pi\u0142karz rozegra\u0142 dwadzie\u015bcia osiem oficjalnych wyst\u0119p\u00f3w w zabrza\u0144skim zespole. Gdy my\u015blami by\u0142 ju\u017c z powrotem w Rakowie, w maju 2023 roku koszmar powr\u00f3ci\u0142. Pierwotnie wydawa\u0142o si\u0119, \u017ce dosz\u0142o tylko do naderwania wi\u0119zade\u0142, ale ostatecznie pauza i tak by\u0142a jeszcze d\u0142u\u017csza ni\u017c za pierwszym razem (243 dni).<\/p>\n<p>Szymon Czy\u017c nie pod\u0142ama\u0142 si\u0119 k\u0142opotami zdrowotnymi. W przerwie zimowej kampanii 2024\/2025 by\u0142 ju\u017c w pe\u0142ni gotowy do kolejnego powrotu, dlatego skorzysta\u0142 z opcji transferu definitywnego do Widzewa, gdzie konkurencja w \u015brodku pola by\u0142a w\u00f3wczas znacznie mniejsza ni\u017c w Cz\u0119stochowie. Zadebiutowa\u0142 w wyjazdowym meczu z Radomiakiem Radom, gdy trenerem \u0141odzian by\u0142 na kr\u00f3tko Patryk Czubak. Z czasem 24-latek wywalczy\u0142 sobie pewne miejsce w wyj\u015bciowej jedenastce, a w minionej rundzie jesiennej tak\u017ce nie narzeka\u0142 na brak szans. \u0141\u0105cznie w ci\u0105gu roku zagra\u0142 dla czerwono-bia\u0142o-czerwonych w trzydziestu jeden spotkaniach.<\/p>\n<p>Wiosna zapowiada\u0142a si\u0119 dla Widzewiaka jako wymagaj\u0105ca ze wzgl\u0119du na znaczne zwi\u0119kszenie poziomu konkurencji w\u015br\u00f3d \u015brodkowych pomocnik\u00f3w. Tymczasem nawet nie b\u0119dzie m\u00f3g\u0142 podj\u0105\u0107 rywalizacji ze wzgl\u0119du na trzecie zerwanie wi\u0119zade\u0142 krzy\u017cowych w tym samym stawie kolanowym. Dosz\u0142o do niego podczas \u015brodowego treningu w Uniejowie, bez kontaktu z drugim graczem. W tym sezonie nie zobaczymy go ju\u017c na murawie.<\/p>\n<p>Jak poinformowa\u0142a oficjalna witryna, postanowiono otoczy\u0107 zawodnika opiek\u0105 lekarsk\u0105 i\u2026 przed\u0142u\u017cy\u0107 z nim wygasaj\u0105cy z ko\u0144cem sezonu kontrakt. Nowa umowa, poprzez aktywacj\u0119 klauzuli, b\u0119dzie obowi\u0105zywa\u0142a do 30 czerwca 2027 roku.<\/p>\n<p>Szymon, trzymaj si\u0119!<\/p>\n<p>\t\t\t\tOstatnie wpisyKoszmar Czy\u017ca powr\u00f3ci\u0142 &#8211; zn\u00f3w zerwa\u0142 wi\u0119zad\u0142a! Klub przed\u0142u\u017cy\u0142 jego umow\u0119[29.01.2026]<\/p>\n","protected":false},"excerpt":{"rendered":"29 stycznia 2026, 12:18 | Autor: Ryan Fatalna wiadomo\u015b\u0107 nap\u0142yn\u0119\u0142a w\u0142a\u015bnie z obozu Widzewiak\u00f3w. Po raz trzeci w&hellip;\n","protected":false},"author":2,"featured_media":231939,"comment_status":"","ping_status":"","sticky":false,"template":"","format":"standard","meta":{"footnotes":""},"categories":[24],"tags":[42,38,40,39,41,127,126],"class_list":{"0":"post-231938","1":"post","2":"type-post","3":"status-publish","4":"format-standard","5":"has-post-thumbnail","7":"category-sport","8":"tag-pl","9":"tag-poland","10":"tag-polish","11":"tag-polska","12":"tag-polski","13":"tag-sport","14":"tag-sports"},"share_on_mastodon":{"url":"https:\/\/pubeurope.com\/@pl\/115979122583674552","error":""},"_links":{"self":[{"href":"https:\/\/www.europesays.com\/pl\/wp-json\/wp\/v2\/posts\/231938","targetHints":{"allow":["GET"]}}],"collection":[{"href":"https:\/\/www.europesays.com\/pl\/wp-json\/wp\/v2\/posts"}],"about":[{"href":"https:\/\/www.europesays.com\/pl\/wp-json\/wp\/v2\/types\/post"}],"author":[{"embeddable":true,"href":"https:\/\/www.europesays.com\/pl\/wp-json\/wp\/v2\/users\/2"}],"replies":[{"embeddable":true,"href":"https:\/\/www.europesays.com\/pl\/wp-json\/wp\/v2\/comments?post=231938"}],"version-history":[{"count":0,"href":"https:\/\/www.europesays.com\/pl\/wp-json\/wp\/v2\/posts\/231938\/revisions"}],"wp:featuredmedia":[{"embeddable":true,"href":"https:\/\/www.europesays.com\/pl\/wp-json\/wp\/v2\/media\/231939"}],"wp:attachment":[{"href":"https:\/\/www.europesays.com\/pl\/wp-json\/wp\/v2\/media?parent=231938"}],"wp:term":[{"taxonomy":"category","embeddable":true,"href":"https:\/\/www.europesays.com\/pl\/wp-json\/wp\/v2\/categories?post=231938"},{"taxonomy":"post_tag","embeddable":true,"href":"https:\/\/www.europesays.com\/pl\/wp-json\/wp\/v2\/tags?post=231938"}],"curies":[{"name":"wp","href":"https:\/\/api.w.org\/{rel}","templated":true}]}}