{"id":231951,"date":"2026-01-29T15:44:09","date_gmt":"2026-01-29T15:44:09","guid":{"rendered":"https:\/\/www.europesays.com\/pl\/231951\/"},"modified":"2026-01-29T15:44:09","modified_gmt":"2026-01-29T15:44:09","slug":"nawet-50-tys-zl-na-dom-tak-mozna-skorzystac-z-dofinansowania","status":"publish","type":"post","link":"https:\/\/www.europesays.com\/pl\/231951\/","title":{"rendered":"Nawet 50 tys. z\u0142 na dom. Tak mo\u017cna skorzysta\u0107 z dofinansowania"},"content":{"rendered":"\n<p>Jak podaje portalsamorzodwy.pl, program rz\u0105dowy &#8222;Moja Elektrownia Wiatrowa&#8221; ma na celu zwi\u0119kszenie zainteresowania przydomowymi turbinami wiatrowymi. Skierowany jest wy\u0142\u0105cznie do w\u0142a\u015bcicieli <a href=\"https:\/\/finanse.wp.pl\/11-kolorow-pojemnikow-na-smieci-ue-planuje-rewolucje-7248249630923072a\" rel=\"noopener noreferrer nofollow\" target=\"_blank\">dom\u00f3w<\/a> jednorodzinnych, kt\u00f3rzy chc\u0105 zainwestowa\u0107 w\u00a0mikroelektrownie wiatrowe. Wsparcie to stanowi cz\u0119\u015b\u0107 szerszej strategii rozwoju energetyki prosumenckiej w\u00a0Polsce.<\/p>\n<p>Spada zaufanie do dolara. Ekspert m\u00f3wi, co to oznacza dla z\u0142ota<\/p>\n<p>Pa\u0144stwo dop\u0142aci do prywatnych wiatrak\u00f3w<\/p>\n<p>Wsparcie finansowe z\u00a0programu &#8222;Moja Elektrownia Wiatrowa&#8221; na przydomowy wiatrak wynosi maksymalnie 50 proc. koszt\u00f3w kwalifikowanych, nie mo\u017ce jednak przekroczy\u0107 30 tys. z\u0142. Dodatkowym limitem jest 5\u00a0tys. z\u0142 na ka\u017cdy 1\u00a0kW mocy zainstalowanej.<\/p>\n<p> <img role=\"presentation\" class=\"absolute left-1\/2 top-1\/2 max-h-[80%] max-w-[100px] -translate-x-1\/2 -translate-y-1\/2\" src=\"https:\/\/v.wpimg.pl\/ZXJfd3AudTkrBBIAbg54LGhcRlAxHQUrPgJGH2MAeGJoSQ1eIBI_K2UHAEVuBTY5KQMMXC0RPyoVERQdMgM9ejc\" loading=\"lazy\" decoding=\"async\"\/> <\/p>\n<p>W\u00a0ramach programu przewidziano tak\u017ce wsparcie na magazyny <a href=\"https:\/\/finanse.wp.pl\/ida-mrozy-nawet-25-c-policzyli-ile-wzrosnie-koszt-ogrzewania-domu-7248557217073536a\" rel=\"noopener noreferrer nofollow\" target=\"_blank\">energii<\/a>. W\u00a0tym przypadku mowa o\u00a0maksymalnie 50 proc. koszt\u00f3w kwalifikowanych i nie wi\u0119cej ni\u017c 17 tys. z\u0142 na jeden magazyn energii elektrycznej. Akumulator musi mie\u0107 min. 2\u00a0kWh, przy czym samo dofinansowanie nie mo\u017ce by\u0107 wi\u0119ksze ni\u017c 6\u00a0tys. z\u0142\/1 kWh.<\/p>\n<p>Wa\u017cnym aspektem s\u0105 r\u00f3wnie\u017c wymagania techniczne. Jak podaje portal KB.pl, obejmuj\u0105 one m.in.: maksymaln\u0105 wysoko\u015b\u0107 konstrukcji do 30 metr\u00f3w; \u0142\u0105czn\u0105 moc wszystkich mikroinstalacji realizowanych w\u00a0ramach jednej inwestycji \u2013\u00a0nieprzekraczaj\u0105c\u0105 50 kW; moc pojedynczej turbiny obj\u0119tej dofinansowaniem w\u00a0przedziale od 1\u00a0do 20 kW. <\/p>\n<p>Dodatkowo, montowane urz\u0105dzenia musz\u0105 by\u0107 fabrycznie nowe i\u00a0wyprodukowane nie wcze\u015bniej ni\u017c 24 miesi\u0105ce przed dat\u0105 instalacji.<\/p>\n<p> <img role=\"presentation\" class=\"absolute left-1\/2 top-1\/2 max-h-[80%] max-w-[100px] -translate-x-1\/2 -translate-y-1\/2\" src=\"https:\/\/v.wpimg.pl\/ZXJfd3AudTkrBBIAbg54LGhcRlAxHQUrPgJGH2MAeGJoSQ1eIBI_K2UHAEVuBTY5KQMMXC0RPyoVERQdMgM9ejc\" loading=\"lazy\" decoding=\"async\"\/> <a href=\"https:\/\/finanse.wp.pl\/buduja-osiedle-mikrokawalerek-klatkowy-chow-polakow-7248356968831360a\" class=\"teaser-inline\" rel=\"nofollow noopener\" target=\"_blank\">  <img decoding=\"async\" src=\"https:\/\/www.europesays.com\/pl\/wp-content\/uploads\/2026\/01\/M2I1MGMyYlMoUzt0YgJvRmsLby4kW2EQPBN3ZWJIfwp5SWIhJBUoQCxBImkqCzhCKEY9aT0VYlM5WGIxfFYpWzpBISY0VihfK1Qp.jpeg\" width=\"0\" height=\"0\" loading=\"lazy\" class=\"wp-media-image cropped\" alt=\"Buduj\u0105 osiedle mikrokawalerek. Internauci komentuj\u0105. &quot;Ch\u00f3w klatkowy&quot;\"\/><\/p>\n<p>Buduj\u0105 osiedle mikrokawalerek. Internauci komentuj\u0105. &#8222;Ch\u00f3w klatkowy&#8221;<\/p>\n<p><\/a><\/p>\n<p>Miliony z\u0142otych na przydomowe wiatraki<\/p>\n<p>Program &#8222;Moja Elektrownia Wiatrowa&#8221; ma dzia\u0142a\u0107 do 2029 r., a\u00a0jego bud\u017cet wynosi 400 mln z\u0142. Nab\u00f3r wniosk\u00f3w prowadzony jest w\u00a0trybie ci\u0105g\u0142ym, a\u017c do wyczerpania \u015brodk\u00f3w lub do ko\u0144ca 2028 r.<\/p>\n<p>Kluczowe jest, by inwestycj\u0119 finansowa\u0107 z\u00a0w\u0142asnych \u015brodk\u00f3w, a\u00a0nast\u0119pnie ubiega\u0107 si\u0119 o\u00a0zwrot cz\u0119\u015bci koszt\u00f3w. <\/p>\n<p> <img role=\"presentation\" class=\"absolute left-1\/2 top-1\/2 max-h-[80%] max-w-[100px] -translate-x-1\/2 -translate-y-1\/2\" src=\"https:\/\/v.wpimg.pl\/ZXJfd3AudTkrBBIAbg54LGhcRlAxHQUrPgJGH2MAeGJoSQ1eIBI_K2UHAEVuBTY5KQMMXC0RPyoVERQdMgM9ejc\" loading=\"lazy\" decoding=\"async\"\/> <\/p>\n<p>Jak informowa\u0142 serwis money.pl, osoba zainteresowana tak\u0105 inwestycj\u0105 powinna w\u00a0gminie sprawdzi\u0107 miejscowy plan zagospodarowania przestrzennego. <\/p>\n<p>&#8211; Te wysoko\u015bci wiatrak\u00f3w b\u0119d\u0105 zale\u017cne od dopuszczalnych wysoko\u015bci zabudowy w\u00a0danej lokalizacji. Nie zawsze b\u0119dzie tak, \u017ce w\u00a0ka\u017cdej gminie te warunki b\u0119d\u0105 takie same &#8211;\u00a0zaznacza\u0142a Dorota Zawadzka-St\u0119pniak, prezes Narodowego Funduszu Ochrony \u015arodowiska i\u00a0Gospodarki Wodnej (NFO\u015aiGW).<\/p>\n<p>\u0179r\u00f3d\u0142o: portalsamorzadowy.pl, money.pl<\/p>\n","protected":false},"excerpt":{"rendered":"Jak podaje portalsamorzodwy.pl, program rz\u0105dowy &#8222;Moja Elektrownia Wiatrowa&#8221; ma na celu zwi\u0119kszenie zainteresowania przydomowymi turbinami wiatrowymi. Skierowany jest&hellip;\n","protected":false},"author":2,"featured_media":231952,"comment_status":"","ping_status":"","sticky":false,"template":"","format":"standard","meta":{"footnotes":""},"categories":[16],"tags":[113,112,42,38,40,39,41],"class_list":{"0":"post-231951","1":"post","2":"type-post","3":"status-publish","4":"format-standard","5":"has-post-thumbnail","7":"category-biznes","8":"tag-biznes","9":"tag-business","10":"tag-pl","11":"tag-poland","12":"tag-polish","13":"tag-polska","14":"tag-polski"},"share_on_mastodon":{"url":"https:\/\/pubeurope.com\/@pl\/115979161988317156","error":""},"_links":{"self":[{"href":"https:\/\/www.europesays.com\/pl\/wp-json\/wp\/v2\/posts\/231951","targetHints":{"allow":["GET"]}}],"collection":[{"href":"https:\/\/www.europesays.com\/pl\/wp-json\/wp\/v2\/posts"}],"about":[{"href":"https:\/\/www.europesays.com\/pl\/wp-json\/wp\/v2\/types\/post"}],"author":[{"embeddable":true,"href":"https:\/\/www.europesays.com\/pl\/wp-json\/wp\/v2\/users\/2"}],"replies":[{"embeddable":true,"href":"https:\/\/www.europesays.com\/pl\/wp-json\/wp\/v2\/comments?post=231951"}],"version-history":[{"count":0,"href":"https:\/\/www.europesays.com\/pl\/wp-json\/wp\/v2\/posts\/231951\/revisions"}],"wp:featuredmedia":[{"embeddable":true,"href":"https:\/\/www.europesays.com\/pl\/wp-json\/wp\/v2\/media\/231952"}],"wp:attachment":[{"href":"https:\/\/www.europesays.com\/pl\/wp-json\/wp\/v2\/media?parent=231951"}],"wp:term":[{"taxonomy":"category","embeddable":true,"href":"https:\/\/www.europesays.com\/pl\/wp-json\/wp\/v2\/categories?post=231951"},{"taxonomy":"post_tag","embeddable":true,"href":"https:\/\/www.europesays.com\/pl\/wp-json\/wp\/v2\/tags?post=231951"}],"curies":[{"name":"wp","href":"https:\/\/api.w.org\/{rel}","templated":true}]}}