{"id":231953,"date":"2026-01-29T15:45:07","date_gmt":"2026-01-29T15:45:07","guid":{"rendered":"https:\/\/www.europesays.com\/pl\/231953\/"},"modified":"2026-01-29T15:45:07","modified_gmt":"2026-01-29T15:45:07","slug":"straumatyzowany-premier-slowacji-rzuca-obelgi-na-media-boi-sie-ze-narazil-relacje-z-szalonym-trumpem","status":"publish","type":"post","link":"https:\/\/www.europesays.com\/pl\/231953\/","title":{"rendered":"&#8222;Straumatyzowany&#8221; premier S\u0142owacji rzuca obelgi na media. Boi si\u0119, \u017ce narazi\u0142 relacje z &#8222;szalonym&#8221; Trumpem"},"content":{"rendered":"<p>Zgodnie ze \u017ar\u00f3d\u0142ami POLITICO w dyplomacji, debata z Trumpem &#8222;traumatycznie wp\u0142yn\u0119\u0142a&#8221; na s\u0142owackiego premiera. Fico tymczasem, zgodnie z oczekiwaniami, stwierdzi\u0142, \u017ce liberalne i probrukselskie media k\u0142ami\u0105.<\/p>\n<p>Celem POLITICO jest wed\u0142ug Fico &#8222;niszczenie konstruktywnych relacji, kt\u00f3re S\u0142owacja ma ze wszystkimi czterema stronami \u015bwiata&#8221;. Musia\u0142 to powiedzie\u0107, aby zachowa\u0107 twarz w swoim kraju. Ca\u0142a ta sytuacja m\u00f3wi nam jednak co\u015b bardzo wa\u017cnego, od czego s\u0142owacki premier nie b\u0119dzie w stanie \u0142atwo si\u0119 wymiga\u0107.<\/p>\n<p class=\"ods-c-paragraph \">Ka\u017cdy, kto nie odwraca wzroku, musi dostrzega\u0107, \u017ce Trump jest niebezpieczny. Jednak dostrze\u017cenie niebezpiecze\u0144stwa przez Fic\u0119 wci\u0105\u017c jest mimo wszystko lepsze ni\u017c jego usilne ignorowanie.<\/p>\n<p class=\"ods-c-paragraph \">Premier S\u0142owacji nie chce i nie mo\u017ce publicznie przyzna\u0107 si\u0119, <a href=\"https:\/\/wiadomosci.onet.pl\/swiat\/fico-po-spotkaniu-z-trumpem-on-jedzie-na-bialym-koniu-a-my-na-osiolkach\/jf78twd\" id=\"8e42efa6-9907-4378-a52c-c02e5c1e8b6d\" rel=\"nofollow noopener\" target=\"_blank\">dlaczego by\u0142 tak ma\u0142om\u00f3wny od czasu powrotu z Mar-a-Lago<\/a>. Zamiast triumfu pozosta\u0142a cisza. Gdyby twierdzenia POLITICO by\u0142y cho\u0107 cz\u0119\u015bciowo prawdziwe, s\u0142owacki premier zas\u0142ugiwa\u0142by nawet na pochwa\u0142\u0119 za to, \u017ce podzieli\u0142 si\u0119 swoimi obawami z partnerami z UE.<\/p>\n<p>    Dalszy ci\u0105g artyku\u0142u pod materia\u0142em wideo <\/p>\n<p class=\"ods-c-paragraph \">To, \u017ce Trump jest niebezpieczny, od co najmniej 6 stycznia 2021 r. [dosz\u0142o w\u00f3wczas do <a href=\"https:\/\/www.onet.pl\/informacje\/onetwiadomosci\/usa-zamieszki-w-waszyngtonie-tlum-wdarl-sie-do-kapitolu-komentarz-donalda-trumpa\/6vmz79y,79cfc278\" id=\"6e3076bc-6f3d-4d00-b384-e63cc799e06f\" rel=\"nofollow noopener\" target=\"_blank\">wtargni\u0119cia zwolennik\u00f3w prezydenta USA na Kapitol<\/a>] musi widzie\u0107 ka\u017cdy, kto celowo nie odwraca wzroku.<\/p>\n<p>&#8222;Mroczna, dystopijna przysz\u0142o\u015b\u0107 staje si\u0119 rzeczywisto\u015bci\u0105&#8221;<\/p>\n<p class=\"ods-c-paragraph \">Nie wiemy, co dok\u0142adnie tak przestraszy\u0142o s\u0142owackiego premiera i prawdopodobnie nigdy si\u0119 tego nie dowiemy. Nie wiedz\u0105 tego nawet dyplomaci, z kt\u00f3rymi rozmawiali dziennikarze POLITICO. Jednak \u017ceby przestraszy\u0107 si\u0119 Stan\u00f3w Zjednoczonych \u2014 nie stanu psychicznego Donalda Trumpa, ale stanu trumpowskiej Ameryki \u2014 nie trzeba siedzie\u0107 godzinami naprzeciwko prezydenta USA. Wystarczy w\u0142\u0105czy\u0107 wiadomo\u015bci.<\/p>\n<p class=\"ods-c-paragraph \">Reporter &#8222;The New York Times&#8221; Charles Homans pisze, \u017ce w Minneapolis mroczna, dystopijna przysz\u0142o\u015b\u0107 staje si\u0119 rzeczywisto\u015bci\u0105. Dziennikarz sp\u0119dzi\u0142 w tym mie\u015bcie 10 dni. W Minneapolis zamaskowani agenci federalni, kt\u00f3rzy wed\u0142ug rzeczniczki Bia\u0142ego Domu maj\u0105 &#8222;aresztowa\u0107 najgorszych z najgorszych przest\u0119pc\u00f3w w\u015br\u00f3d nielegalnych imigrant\u00f3w&#8221;, w ci\u0105gu dw\u00f3ch tygodni zabili dw\u00f3ch bia\u0142ych obywateli ameryka\u0144skich.<\/p>\n<p class=\"ods-c-paragraph \">S\u0142u\u017cba migracyjna ICE tylko w 2025 r. podwoi\u0142a liczb\u0119 pracownik\u00f3w i obecnie ma wi\u0119kszy bud\u017cet ni\u017c wszystkie inne agencje federalne razem wzi\u0119te. Na \u015bwiecie jest tylko 15 pa\u0144stw, kt\u00f3rych armie maj\u0105 wi\u0119kszy bud\u017cet ni\u017c ICE. &#8222;<a href=\"https:\/\/wiadomosci.onet.pl\/politico\/sytuacja-zaczyna-sie-obracac-przeciwko-nam-trump-mierzy-sie-z-gniewem-amerykanow\/pkzgx8t\" id=\"965a2c1c-f605-4986-a201-fd0806e7f983\" rel=\"nofollow noopener\" target=\"_blank\">Federalni agenci przypominaj\u0105 raczej oddzia\u0142 \u017co\u0142nierzy<\/a> przemierzaj\u0105cy wrogie miasto za granic\u0105 ni\u017c zwyk\u0142e si\u0142y porz\u0105dkowe w ameryka\u0144skim mie\u015bcie&#8221; \u2014 opisuje Homans.<\/p>\n<p class=\"ods-c-paragraph \">&#8222;Jedyne, co moim zdaniem powstrzymywa\u0142o t\u0142um, to \u015bwiadomo\u015b\u0107, \u017ce oficer taki jak oni tydzie\u0144 temu zastrzeli\u0142 kobiet\u0119, a inny zaledwie godzin\u0119 temu postrzeli\u0142 m\u0119\u017cczyzn\u0119 nieco dalej na ulicy. Tej nocy odchodzi\u0142em stamt\u0105d z przekonaniem, \u017ce to si\u0119 powt\u00f3rzy&#8221; \u2014 pisze reporter.<\/p>\n<p class=\"ods-c-paragraph \">I rzeczywi\u015bcie si\u0119 powt\u00f3rzy\u0142o.<\/p>\n<p class=\"ods-c-paragraph \">Jeden z zamaskowanych m\u0119\u017cczyzn strzeli\u0142 z bliska w plecy 37-letniego ratownika medycznego Alexa Prettiego. Sekretarz bezpiecze\u0144stwa wewn\u0119trznego Kristi Noem okre\u015bli\u0142a to jako &#8222;strza\u0142y obronne&#8221;, chocia\u017c nagrania z telefon\u00f3w kom\u00f3rkowych przechodni\u00f3w zaprzeczaj\u0105 jej twierdzeniom.<\/p>\n<p class=\"ods-c-paragraph \">Gubernator stanu Minnesota wzywa wszystkich mieszka\u0144c\u00f3w, aby zawsze mieli przy sobie telefon kom\u00f3rkowy i filmowali agent\u00f3w, aby stworzy\u0107 &#8222;baz\u0119 danych <a href=\"https:\/\/wiadomosci.onet.pl\/politico\/republikanie-sie-lamia-zaplecze-donalda-trumpa-z-trudem-kryje-wscieklosc-kryzys-w\/7n1kp5m\" id=\"2cc6d04a-2c02-4c69-bb44-187b5a693efc\" rel=\"nofollow noopener\" target=\"_blank\">okrucie\u0144stw pope\u0142nianych na mieszka\u0144cach Minnesoty<\/a>&#8222;, kt\u00f3ra zostanie wykorzystana w przysz\u0142ych post\u0119powaniach karnych.<\/p>\n<p class=\"ods-c-paragraph \">A przedstawiciele administracji Trumpa okre\u015blaj\u0105 ofiar\u0119 jako terroryst\u0119 i osob\u0119, kt\u00f3ra chcia\u0142a wymordowa\u0107 funkcjonariuszy s\u0142u\u017cb bezpiecze\u0144stwa tylko dlatego, \u017ce mia\u0142a przy sobie legalnie posiadan\u0105 bro\u0144, kt\u00f3rej nawet nie tkn\u0119\u0142a. Ameryka\u0144ska opinia publiczna musi wi\u0119c zdecydowa\u0107, czy uwierzy swoim wybranym przedstawicielom, czy temu, co widzia\u0142a na w\u0142asne oczy. S\u0142owa o dystopii nie s\u0105 wcale przesadzone.<\/p>\n<p class=\"ods-c-paragraph \">Administracja Trumpa nie dba nawet o w\u0142asnych wyborc\u00f3w. Po ka\u017cdej masowej strzelaninie, kt\u00f3re w Ameryce zdarzaj\u0105 si\u0119 praktycznie codziennie, Republikanie z pobo\u017cnym szacunkiem bronili nienaruszalno\u015bci prawa do noszenia broni zgodnie z drug\u0105 poprawk\u0105 do ameryka\u0144skiej konstytucji i nie chcieli jej narusza\u0107, ale teraz twierdz\u0105, \u017ce ka\u017cdy, kto ma przy sobie bro\u0144, jest potencjalnym terroryst\u0105.<\/p>\n<p>&#8222;\u017byjemy w realnym \u015bwiecie, w kt\u00f3rym rz\u0105dzi si\u0142a&#8221;   <\/p>\n<p class=\"ods-c-paragraph \">&#8222;Nie mo\u017cecie posiada\u0107 broni. Nie mo\u017cecie po prostu przychodzi\u0107 z broni\u0105 [na protesty]&#8221; \u2014 powiedzia\u0142 Trump. Kiedy\u015b by\u0142o nie do pomy\u015blenia, \u017ce republika\u0144ski prezydent m\u00f3g\u0142by wypowiedzie\u0107 co\u015b takiego. Trumpizm nie kieruje si\u0119 jednak prawem, moralno\u015bci\u0105, a nawet ideologi\u0105.<\/p>\n<p> <img decoding=\"async\" src=\"https:\/\/cdn.wiadomosci.onet.pl\/1\/pOrk9lBaHR0cHM6Ly9vY2RuLmV1L3B1bHNjbXMvTURBXy9jNWFjZjQ1NjBmNWYyMzBlOTQxOWU4NmE1NDZjMTVlMy5qcGeRlQLNB1gAwsPeAAKhMAehMQQ\" height=\"627\" width=\"940\" style=\"min-height:627px;\" alt=\"Donald Trump\" loading=\"lazy\" class=\"ods-c-image__img ods-c-image__img--viewport-width\"\/> <\/p>\n<p>Donald TrumpSamuel Corum \/ Stringer \/ Getty Images<\/p>\n<p class=\"ods-c-paragraph \">Zale\u017cy mu tylko na bezgranicznej lojalno\u015bci. Jest przekonany, \u017ce nie tylko pa\u0144stwo, ale tak\u017ce prawda nale\u017c\u0105 do tego, kto rz\u0105dzi.<\/p>\n<p class=\"ods-c-paragraph \">&#8222;\u017byjemy w realnym \u015bwiecie, w kt\u00f3rym rz\u0105dzi si\u0142a, w kt\u00f3rym rz\u0105dzi przymus, w kt\u00f3rym rz\u0105dzi w\u0142adza. S\u0105 to \u017celazne prawa \u015bwiata, kt\u00f3re istniej\u0105 od pocz\u0105tku wiek\u00f3w&#8221; \u2014 stwierdzi\u0142 bez ogr\u00f3dek doradca Trumpa Stephen Miller. W klasycznym pa\u0144stwie prawa w\u0142adza jest ograniczona przez prawo. W \u015bwiecie Trumpa prawa s\u0105 ograniczone przez w\u0142adz\u0119. A t\u0119 ogranicza tylko sam w\u0142adca.<\/p>\n<p class=\"ods-c-paragraph \">&#8222;Moja moralno\u015b\u0107. M\u00f3j w\u0142asny umys\u0142. To jedyne, co mnie powstrzymuje&#8221; \u2014 przyzna\u0142 Trump, gdy dziennikarze New York Timesa zapytali go, czy b\u0119dzie przestrzega\u0142 prawa mi\u0119dzynarodowego i gdzie le\u017c\u0105 granice ameryka\u0144skiej globalnej pot\u0119gi. Dlaczego jednak mieliby\u015bmy oczekiwa\u0107 czego\u015b innego? Je\u015bli Trump traktuje w\u0142asnych obywateli tak, jakby nie by\u0142 zwi\u0105zany prawem, dlaczego mia\u0142by traktowa\u0107 lepiej obce pa\u0144stwa? Na przyk\u0142ad S\u0142owacj\u0119.<\/p>\n<p class=\"ods-c-paragraph \">Ameryka\u0144ski komentator Jonathan Rauch uwa\u017ca, \u017ce nadszed\u0142 czas, aby <a href=\"https:\/\/www.onet.pl\/informacje\/onetwiadomosci\/donald-trump-jest-faszysta-uwaza-byly-dowodca-sil-zbrojnych-usa\/ckjpv1b,79cfc278\" id=\"7dcffea2-e3f8-4956-b0e6-600604fc2316\" rel=\"nofollow noopener\" target=\"_blank\">nazwa\u0107 Trumpa faszyst\u0105<\/a>. &#8222;Trump si\u0119 zdemaskowa\u0142 i musimy nazwa\u0107 to, co widzimy&#8221; \u2014 napisa\u0142 dla magazynu The Atlantic. Mimo to twierdzi, \u017ce Ameryka nie jest jeszcze faszystowska. &#8222;Jest pa\u0144stwem hybrydowym, kt\u00f3re \u0142\u0105czy faszystowskiego przyw\u00f3dc\u0119 i liberaln\u0105 konstytucj\u0119. Nie, nie popad\u0142a w faszyzm. I nie popadnie&#8221;.<\/p>\n<p class=\"ods-c-paragraph \">Nie powinni\u015bmy by\u0107 tego tak pewni. Widzimy, \u017ce za sprzeciw wobec rz\u0105du obywatele mog\u0105 zap\u0142aci\u0107 nawet \u017cyciem. A rz\u0105d nie staje w obronie ofiar, ale tych, kt\u00f3rzy je zabili. <a href=\"https:\/\/wiadomosci.onet.pl\/swiat\/trzy-powody-dlaczego-rada-pokoju-trumpa-moze-byc-niebezpieczna\/3y8dgvh\" id=\"82c04106-89aa-4a4a-a5a5-5d7a4d1b9750\" rel=\"nofollow noopener\" target=\"_blank\">Trump jest niebezpieczny<\/a>. Ale jeszcze bardziej niebezpieczni s\u0105 wszyscy ci, kt\u00f3rzy mu to umo\u017cliwiaj\u0105 i wspieraj\u0105: wiceprezydent J. D. Vance, doradca Stephen Miller oraz sekretarz bezpiecze\u0144stwa wewn\u0119trznego Kristi Noem.<\/p>\n<p class=\"ods-c-paragraph \">Bez nich trumpizm nie by\u0142by w stanie przetrwa\u0107. Musimy przygotowa\u0107 si\u0119 na to, \u017ce kraj, kt\u00f3ry niegdy\u015b by\u0142 niemal synonimem Zachodu, mo\u017ce ju\u017c na d\u0142ugo przesta\u0107 by\u0107 demokratyczny. Je\u015bli Robert Fico naprawd\u0119 uwa\u017ca w tej sytuacji, \u017ce ameryka\u0144ski prezydent oszala\u0142, to mo\u017ce mie\u0107 racj\u0119.<\/p>\n<p class=\"ods-c-paragraph \">Nie ma si\u0119 czego wstydzi\u0107. Wr\u0119cz przeciwnie. Je\u015bli strach zbli\u017cy go do europejskich sojusznik\u00f3w, to dobrze si\u0119 stanie. Poniewa\u017c tego, co Trump zrobi z Ameryk\u0105, nie boj\u0105 si\u0119 tylko naiwni politycy. Albo ci, kt\u00f3rzy chc\u0105 by\u0107 jak Trump. A naiwny Robert Fico z pewno\u015bci\u0105 nie jest.<\/p>\n","protected":false},"excerpt":{"rendered":"Zgodnie ze \u017ar\u00f3d\u0142ami POLITICO w dyplomacji, debata z Trumpem &#8222;traumatycznie wp\u0142yn\u0119\u0142a&#8221; na s\u0142owackiego premiera. Fico tymczasem, zgodnie z&hellip;\n","protected":false},"author":2,"featured_media":231954,"comment_status":"","ping_status":"","sticky":false,"template":"","format":"standard","meta":{"footnotes":""},"categories":[14],"tags":[56,32,33,44,27,34,35,28,31,48,160,25,46,40,41,6690,47,596,80,29,30,71,26,82,83,84],"class_list":{"0":"post-231953","1":"post","2":"type-post","3":"status-publish","4":"format-standard","5":"has-post-thumbnail","7":"category-swiat","8":"tag-article_premium","9":"tag-breaking-news","10":"tag-breakingnews","11":"tag-donald_trump","12":"tag-headlines","13":"tag-latest-news","14":"tag-latestnews","15":"tag-naglowki","16":"tag-najwazniejsze-artykuly","17":"tag-nat_styl","18":"tag-nato","19":"tag-news","20":"tag-omp","21":"tag-polish","22":"tag-polski","23":"tag-robert_fico","24":"tag-screening_general","25":"tag-slowacja","26":"tag-swiat","27":"tag-top-stories","28":"tag-topstories","29":"tag-usa","30":"tag-wiadomosci","31":"tag-world","32":"tag-world-news","33":"tag-worldnews"},"share_on_mastodon":{"url":"https:\/\/pubeurope.com\/@pl\/115979165654624715","error":""},"_links":{"self":[{"href":"https:\/\/www.europesays.com\/pl\/wp-json\/wp\/v2\/posts\/231953","targetHints":{"allow":["GET"]}}],"collection":[{"href":"https:\/\/www.europesays.com\/pl\/wp-json\/wp\/v2\/posts"}],"about":[{"href":"https:\/\/www.europesays.com\/pl\/wp-json\/wp\/v2\/types\/post"}],"author":[{"embeddable":true,"href":"https:\/\/www.europesays.com\/pl\/wp-json\/wp\/v2\/users\/2"}],"replies":[{"embeddable":true,"href":"https:\/\/www.europesays.com\/pl\/wp-json\/wp\/v2\/comments?post=231953"}],"version-history":[{"count":0,"href":"https:\/\/www.europesays.com\/pl\/wp-json\/wp\/v2\/posts\/231953\/revisions"}],"wp:featuredmedia":[{"embeddable":true,"href":"https:\/\/www.europesays.com\/pl\/wp-json\/wp\/v2\/media\/231954"}],"wp:attachment":[{"href":"https:\/\/www.europesays.com\/pl\/wp-json\/wp\/v2\/media?parent=231953"}],"wp:term":[{"taxonomy":"category","embeddable":true,"href":"https:\/\/www.europesays.com\/pl\/wp-json\/wp\/v2\/categories?post=231953"},{"taxonomy":"post_tag","embeddable":true,"href":"https:\/\/www.europesays.com\/pl\/wp-json\/wp\/v2\/tags?post=231953"}],"curies":[{"name":"wp","href":"https:\/\/api.w.org\/{rel}","templated":true}]}}