{"id":231957,"date":"2026-01-29T15:47:09","date_gmt":"2026-01-29T15:47:09","guid":{"rendered":"https:\/\/www.europesays.com\/pl\/231957\/"},"modified":"2026-01-29T15:47:09","modified_gmt":"2026-01-29T15:47:09","slug":"rzad-chce-zmian-dla-wlascicieli-psow-i-kotow-obowiazkowe-czipowanie-albo-kara","status":"publish","type":"post","link":"https:\/\/www.europesays.com\/pl\/231957\/","title":{"rendered":"Rz\u0105d chce zmian dla w\u0142a\u015bcicieli ps\u00f3w i kot\u00f3w. Obowi\u0105zkowe czipowanie albo kara"},"content":{"rendered":"<p class=\"article-p\" data-section=\"detail-body\">Resort rolnictwa ju\u017c w 2025 r. zapowiada\u0142 wprowadzenie Krajowego Rejestru Oznakowanych Ps\u00f3w i Kot\u00f3w Krajowego. Prace nad projektem ustawy przez ostatnie miesi\u0105ce si\u0119 \u015blimaczy\u0142y. Dopiero po tym, jak ujawniono, w jakich warunkach trzymane by\u0142y psy i koty w <a href=\"https:\/\/www.fakt.pl\/wydarzenia\/pieklo-psow-w-schronisku-w-sobolewie-dotarlismy-do-upiornych-szczegolow\/mz6tbq7\" id=\"845f233f-b0ea-425e-ae65-61030c1ca531\" rel=\"nofollow noopener\" target=\"_blank\">schronisku w Sobolewie ko\u0142o Garwolina<\/a>, tempo nad przepisami wyra\u017anie zwi\u0119kszono. \u2014 Projekt ten zosta\u0142 przekazany do rozpatrzenia przez Sta\u0142y Komitet Rady Ministr\u00f3w 29 stycznia 2026 r. \u2014 tak\u0105 informacj\u0119 przekaza\u0142o &#8222;Faktowi&#8221; biuro prasowe resortu rolnictwa. Nowe przepisy wprowadz\u0105 obowi\u0105zek czipowania zwierz\u0105t.<\/p>\n<p>        Powstanie pa\u0144stwowy rejestr ps\u00f3w i kot\u00f3w. Tyle b\u0119d\u0105 przechowywane dane<\/p>\n<p class=\"article-p\" data-section=\"detail-body\">&#8222;Ze wzgl\u0119du na rosn\u0105c\u0105 liczb\u0119 bezdomnych kot\u00f3w w schroniskach dla zwierz\u0105t, zasadne jest wprowadzenie obowi\u0105zku znakowania i rejestracji r\u00f3wnie\u017c tych zwierz\u0105t&#8221; \u2014 czytamy w uzasadnieniu do projektu ustawy. Prze\u015bwietlili\u015bmy planowane rozwi\u0105zania. Projekt zak\u0142ada, \u017ce powstanie publiczny rejestr prowadzony przez Agencj\u0119 Restrukturyzacji i Modernizacji Rolnictwa. W nim znajdowa\u0107 si\u0119 b\u0119d\u0105 dane w\u0142a\u015bcicieli ps\u00f3w i kot\u00f3w, kt\u00f3re b\u0119d\u0105 mog\u0142y by\u0107 przechowywane nawet przez 30 lat.<\/p>\n<p class=\"article-p\" data-section=\"detail-body\"><a href=\"https:\/\/www.fakt.pl\/pieniadze\/rewolucja-w-prawie-wlasciciele-psow-i-kotow-musza-sie-przygotowac\/6qhfecd\" id=\"b6b01f2e-0c09-4e84-b6d4-b123df382ee4\" rel=\"nofollow noopener\" target=\"_blank\">Rewolucja w prawie. W\u0142a\u015bciciele ps\u00f3w i kot\u00f3w musz\u0105 si\u0119 przygotowa\u0107<\/a><\/p>\n<p>        Kiedy trzeba b\u0119dzie zaczipowa\u0107 psa lub kota?<\/p>\n<p class=\"article-p\" data-section=\"detail-body\">Obowi\u0105zek czipowania i rejestracji b\u0119dzie dotyczy\u0107 m.in.<\/p>\n<p class=\"article-p\" data-section=\"detail-body\">\u2022 ps\u00f3w \u2014 w terminie do dnia pierwszego szczepienia przeciwko w\u015bciekli\u017anie albo do dnia poprzedzaj\u0105cego dzie\u0144 przeniesienia w\u0142asno\u015bci (np. przed sprzeda\u017c\u0105 psa z hodowli), je\u017celi zdarzenie to nast\u0105pi wcze\u015bniej, albo do dnia nast\u0119puj\u0105cego po dniu przyj\u0119cia do schroniska,<\/p>\n<p class=\"article-p\" data-section=\"detail-body\">\u2022 kot\u00f3w \u2014 w terminie do dnia poprzedzaj\u0105cego dzie\u0144 przeniesienia w\u0142asno\u015bci albo do dnia nast\u0119puj\u0105cego po dniu przyj\u0119cia do schroniska,<\/p>\n<p class=\"article-p\" data-section=\"detail-body\">\u2022 ps\u00f3w i kot\u00f3w sprowadzonych do Polski (nieoznakowanych transponderem, kt\u00f3rego numer identyfikacyjny jest mo\u017cliwy do odczytania przy u\u017cyciu czytnika) \u2014 w terminie 14 dni od dnia ich wwozu, a w przypadku, gdy by\u0142y obj\u0119te kwarantann\u0105, w terminie 14 dni od dnia zako\u0144czenia kwarantanny.<\/p>\n<p class=\"article-p\" data-section=\"detail-body\">Przepisy mog\u0105 wej\u015b\u0107 w \u017cycie w tym roku. W projekcie przewidziano okres przej\u015bciowy, zgodnie z kt\u00f3rymi:<\/p>\n<p class=\"article-p\" data-section=\"detail-body\">\u2022 psy, kt\u00f3rych termin pierwszego szczepienia up\u0142yn\u0105\u0142 przed dniem wej\u015bcia w \u017cycie projektowanej ustawy, lub kt\u00f3re zosta\u0142y po raz pierwszy zaszczepione przeciw w\u015bciekli\u017anie przed tym dniem, nale\u017cy oznakowa\u0107 i zarejestrowa\u0107 w terminie do 3 lat od dnia wej\u015bcia w \u017cycie projektowanej ustawy,<\/p>\n<p class=\"article-p\" data-section=\"detail-body\">\u2022 psy i koty, kt\u00f3re zosta\u0142y przyj\u0119te do schroniska dla zwierz\u0105t przed dniem wej\u015bcia w \u017cycie projektowanej ustawy, b\u0119d\u0105 musia\u0142y zosta\u0107 oznakowane przed ich wydaniem ze schroniska, nie p\u00f3\u017aniej jednak ni\u017c w terminie 12 miesi\u0119cy od dnia wej\u015bcia w \u017cycie ustawy.<\/p>\n<p class=\"article-p\" data-section=\"detail-body\"><a href=\"https:\/\/www.fakt.pl\/pieniadze\/500-plus-na-kota-lub-psa-kto-moze-dostac-wsparcie\/8m73qvr\" id=\"106d4eac-9afb-495c-9ce4-6fc2c7c077a7\" rel=\"nofollow noopener\" target=\"_blank\">500 plus na kota lub psa. Kto mo\u017ce dosta\u0107 wsparcie?<\/a><\/p>\n<p>        Brak czipa u psa lub kota? B\u0119d\u0105 kary<\/p>\n<p class=\"article-p\" data-section=\"detail-body\">Oznakowanie psa lub kota b\u0119dzie polega\u0107 na wszczepieniu czipa (transpondera) przez lekarza lub technika weterynarii. Obowi\u0105zek zapewnienia oznakowania i rejestracji psa lub kota b\u0119dzie spoczywa\u0142 na jego w\u0142a\u015bcicielu, a w przypadku zwierz\u0119cia przebywaj\u0105cego w schronisku dla zwierz\u0105t \u2014 na podmiocie prowadz\u0105cym plac\u00f3wk\u0119.<\/p>\n<p class=\"article-p\" data-section=\"detail-body\">&#8222;Koszt oznakowania zwierz\u0119cia i jego rejestracji w KROPiK b\u0119dzie, co do zasady, ponoszony przez w\u0142a\u015bcicieli ps\u00f3w i kot\u00f3w&#8221; \u2014 czytamy w uzasadnieniu do projektu ustawy. Gminy, w ramach posiadanych \u015brodk\u00f3w finansowych, b\u0119d\u0105 mog\u0142y refundowa\u0107 koszty wszczepienia takiego czipa. Z danych udost\u0119pnionych przez resort rolnictwa wynika, \u017ce \u015bredni koszt oznakowania psa (wraz z rejestracj\u0105 w jednej z funkcjonuj\u0105cych obecnie baz danych, je\u017celi czynno\u015b\u0107 ta jest dokonywana przez zak\u0142ad leczniczy dla zwierz\u0105t), wynosi\u0142 ok. 53 z\u0142 w miastach poni\u017cej 20 tys. mieszka\u0144c\u00f3w; 66 z\u0142 w miastach 20-100 tys. mieszka\u0144c\u00f3w; 85 z\u0142 w miastach powy\u017cej 100 tys. mieszka\u0144c\u00f3w.<\/p>\n<p class=\"article-p\" data-section=\"detail-body\">Dost\u0119p do danych w KROPiK b\u0119dzie mie\u0107 m.in. gmina, Policja, stra\u017c miejska, Inspekcja Weterynaryjna, prokuratura i s\u0105dy. Za niedope\u0142nienie obowi\u0105zku czipowania i rejestracji b\u0119dzie nak\u0142adana grzywna, kt\u00f3ra mo\u017ce wynie\u015b\u0107 nawet 5 tys. z\u0142.<\/p>\n<p>        \/2<\/p>\n<p>                    <img decoding=\"async\" class=\"article-image-img\" loading=\"lazy\" alt=\"\" src=\"https:\/\/www.europesays.com\/pl\/wp-content\/uploads\/2026\/01\/AK7k9kuTURBXy85NjVlZTVkNi00OGZkLTQzYjMtOTRjMy1mM2Y4ZTI0ZjRiMDcuanBlZ5GTAs0DSM0CL94AAqEwAaExAQ.jpeg\" width=\"840\" height=\"559\"\/><\/p>\n<p>                  Grzegorz Krzy\u017cewski \/ Fotonews<\/p>\n<p class=\"article-gallery-p\">\n        Minister rolnictwa Stefan Krajewski. w jego resorcie przyspieszaj\u0105 prace nad rejestrem oznakowania ps\u00f3w i kot\u00f3w.\n    <\/p>\n<p>        \/2<\/p>\n<p>                    <img decoding=\"async\" class=\"article-image-img\" loading=\"lazy\" alt=\"\" src=\"https:\/\/www.europesays.com\/pl\/wp-content\/uploads\/2026\/01\/DApk9kuTURBXy9jNjFlNzJiNC1iY2Y0LTRjMDItODEzOS02ZjhjMWEyZDAzM2MuanBlZ5GTAs0DSM0CMN4AAqEwAaExAQ.jpeg\" width=\"840\" height=\"560\"\/><\/p>\n<p>                  &#8211; \/ 123RF<\/p>\n<p class=\"article-gallery-p\">\n        Kiedy przepisy wejd\u0105 w \u017cycie, w\u0142a\u015bciciele b\u0119d\u0105 mie\u0107 obowi\u0105zek zaczipowania ps\u00f3w i kot\u00f3w. Wyja\u015bniamy zasady.\n    <\/p>\n","protected":false},"excerpt":{"rendered":"Resort rolnictwa ju\u017c w 2025 r. zapowiada\u0142 wprowadzenie Krajowego Rejestru Oznakowanych Ps\u00f3w i Kot\u00f3w Krajowego. Prace nad projektem&hellip;\n","protected":false},"author":2,"featured_media":231958,"comment_status":"","ping_status":"","sticky":false,"template":"","format":"standard","meta":{"footnotes":""},"categories":[5],"tags":[32,33,36,37,27,34,35,28,31,25,42,38,40,39,41,29,30,26],"class_list":{"0":"post-231957","1":"post","2":"type-post","3":"status-publish","4":"format-standard","5":"has-post-thumbnail","7":"category-naglowki","8":"tag-breaking-news","9":"tag-breakingnews","10":"tag-featured-news","11":"tag-featurednews","12":"tag-headlines","13":"tag-latest-news","14":"tag-latestnews","15":"tag-naglowki","16":"tag-najwazniejsze-artykuly","17":"tag-news","18":"tag-pl","19":"tag-poland","20":"tag-polish","21":"tag-polska","22":"tag-polski","23":"tag-top-stories","24":"tag-topstories","25":"tag-wiadomosci"},"share_on_mastodon":{"url":"https:\/\/pubeurope.com\/@pl\/115979173614737664","error":""},"_links":{"self":[{"href":"https:\/\/www.europesays.com\/pl\/wp-json\/wp\/v2\/posts\/231957","targetHints":{"allow":["GET"]}}],"collection":[{"href":"https:\/\/www.europesays.com\/pl\/wp-json\/wp\/v2\/posts"}],"about":[{"href":"https:\/\/www.europesays.com\/pl\/wp-json\/wp\/v2\/types\/post"}],"author":[{"embeddable":true,"href":"https:\/\/www.europesays.com\/pl\/wp-json\/wp\/v2\/users\/2"}],"replies":[{"embeddable":true,"href":"https:\/\/www.europesays.com\/pl\/wp-json\/wp\/v2\/comments?post=231957"}],"version-history":[{"count":0,"href":"https:\/\/www.europesays.com\/pl\/wp-json\/wp\/v2\/posts\/231957\/revisions"}],"wp:featuredmedia":[{"embeddable":true,"href":"https:\/\/www.europesays.com\/pl\/wp-json\/wp\/v2\/media\/231958"}],"wp:attachment":[{"href":"https:\/\/www.europesays.com\/pl\/wp-json\/wp\/v2\/media?parent=231957"}],"wp:term":[{"taxonomy":"category","embeddable":true,"href":"https:\/\/www.europesays.com\/pl\/wp-json\/wp\/v2\/categories?post=231957"},{"taxonomy":"post_tag","embeddable":true,"href":"https:\/\/www.europesays.com\/pl\/wp-json\/wp\/v2\/tags?post=231957"}],"curies":[{"name":"wp","href":"https:\/\/api.w.org\/{rel}","templated":true}]}}