{"id":231974,"date":"2026-01-29T15:59:17","date_gmt":"2026-01-29T15:59:17","guid":{"rendered":"https:\/\/www.europesays.com\/pl\/231974\/"},"modified":"2026-01-29T15:59:17","modified_gmt":"2026-01-29T15:59:17","slug":"kreml-zaprasza-zelenskiego-do-moskwy-zagwarantujemy-mu-bezpieczenstwo","status":"publish","type":"post","link":"https:\/\/www.europesays.com\/pl\/231974\/","title":{"rendered":"Kreml zaprasza Ze\u0142enskiego do Moskwy. 'Zagwarantujemy mu bezpiecze\u0144stwo&#8217;"},"content":{"rendered":"<p> Kreml zaprasza Ze\u0142enskiego do Rosji\u00a0<\/p>\n<p class=\"art_paragraph\">Doradca W\u0142adimira Putina, Jurij Uszakow, przyzna\u0142, \u017ce Moskwa nie wyklucza spotkania Putin-Ze\u0142enski. &#8211; Rosja zaprasza Wo\u0142odymyra Ze\u0142enskiego do Moskwy, je\u015bli jest on got\u00f3w spotka\u0107 si\u0119 z W\u0142adimirem Putinem\u00a0&#8211; powiedzia\u0142 na antenie rosyjskiej telewizji Rossija-1. Uszakow potwierdzi\u0142, \u017ce sprawa bezpo\u015bredniego spotkania przyw\u00f3dc\u00f3w by\u0142o tematem kilku rozm\u00f3w telefonicznych Putina i <a href=\"https:\/\/wiadomosci.gazeta.pl\/donald-tusk#anchorLink\" rel=\"nofollow noopener\" target=\"_blank\">Donalda<\/a> Trumpa. Prezydent Stan\u00f3w Zjednoczonych mia\u0142 sugerowa\u0107, \u017ceby Rosjanie zastanowili si\u0119 nad zorganizowaniem takiego spotkania. &#8211;\u00a0Najwa\u017cniejsze jest, aby takie kontakty by\u0142y dobrze przygotowane, to po pierwsze. Po drugie powinny skupia\u0107 si\u0119 na osi\u0105gni\u0119ciu konkretnego, pozytywnego wyniku &#8211; powiedzia\u0142 w programie propagandysty Paw\u0142a Zarubina. I doda\u0142, \u017ce Putin ju\u017c w przesz\u0142o\u015bci m\u00f3wi\u0142 o tym, \u017ce je\u015bli Ze\u0142enski b\u0119dzie naprawd\u0119 gotowy na spotkanie, w\u00f3wczas mo\u017ce przyjecha\u0107 do Moskwy. &#8211; Zagwarantujemy mu bezpiecze\u0144stwo i niezb\u0119dne do <a href=\"https:\/\/wiadomosci.gazeta.pl\/praca#anchorLink\" rel=\"nofollow noopener\" target=\"_blank\">pracy<\/a> warunki &#8211; powiedzia\u0142 Uszakow.<\/p>\n<p> O\u015bwiadczenie Putina z wrze\u015bnia 2025 r.\u00a0<\/p>\n<p class=\"art_paragraph\">Podczas wizyty w Chinach, na pocz\u0105tku wrze\u015bnia 2025 roku, <a href=\"https:\/\/wiadomosci.gazeta.pl\/wladimir-putin#anchorLink\" rel=\"nofollow noopener\" target=\"_blank\">W\u0142adimir Putin<\/a> powiedzia\u0142, \u017ce rzekomo &#8222;Rosja chce uregulowa\u0107 konflikt z Ukrain\u0105 pokojowymi \u015brodkami&#8221;. &#8211; Wydaje mi si\u0119, \u017ce wida\u0107 \u015bwiat\u0142o na ko\u0144cu tunelu &#8211; powiedzia\u0142 w\u00f3wczas. Putin powt\u00f3rzy\u0142\u00a0\u017c\u0105dania wobec Kijowa: to rezygnacja Ukrainy z integracji z NATO, uznanie rosyjskiej jurysdykcji na terenach Ukrainy, kt\u00f3re Rosjanie okupuj\u0105, oraz uwzgl\u0119dnianie interes\u00f3w Moskwy w kwestii gwarancji bezpiecze\u0144stwa. &#8211;\u00a0Niech Ze\u0142enski przyjedzie do Moskwy, wtedy spotkam si\u0119 z nim &#8211; zadeklarowa\u0142 przyw\u00f3dca Kremla. Podkre\u015bli\u0142, \u017ce &#8222;je\u015bli zwyci\u0119\u017cy zdrowy rozs\u0105dek, mo\u017cna b\u0119dzie osi\u0105gn\u0105\u0107 akceptowalny dla wszystkich spos\u00f3b zako\u0144czenia konfliktu w Ukrainie&#8221;. Szef <a href=\"https:\/\/wiadomosci.gazeta.pl\/ministerstwo-spraw-zagranicznych#anchorLink\" rel=\"nofollow noopener\" target=\"_blank\">MSZ<\/a> Ukrainy odpowiedzia\u0142 wtedy, \u017ce s\u0105 pa\u0144stwa, kt\u00f3re zorganizuj\u0105 spotkanie Putina i Ze\u0142enskiego na neutralnym gruncie, a Putin &#8222;igra ze wszystkimi&#8221;.\u00a0<\/p>\n<p>\n    Zobacz wideo Ciep\u0142o z Polski dla Kijowa. Polacy za\u0142o\u017cyli zbi\u00f3rk\u0119\n  <\/p>\n<p> Wojna w Ukrainie. Kolejna tura rozm\u00f3w pokojowych<\/p>\n<p class=\"art_paragraph\">Rosja zapowiedzia\u0142a wznowienie negocjacji pokojowych z USA i Ukrain\u0105 1 lutego.\u00a0Wed\u0142ug rzecznika Kremla, W\u0142adimir Putin codziennie przekazuje swoim wys\u0142annikom zalecenia dotycz\u0105ce rozm\u00f3w z\u00a0przedstawicielami Stan\u00f3w Zjednoczonych i Ukrainy. &#8211; Je\u015bli chodzi o publiczne dyskusje na ten temat, to one szkodz\u0105 negocjacjom &#8211; o\u015bwiadczy\u0142 Dmitrij Pieskow, unikaj\u0105c odpowiedzi na pytania dotycz\u0105ce szczeg\u00f3\u0142\u00f3w rozm\u00f3w prowadzonych w tr\u00f3jstronnym formacie. Po pierwszej rundzie negocjacji wszystkie strony bior\u0105ce w nich udzia\u0142 przekaza\u0142y, \u017ce rozmowa by\u0142a &#8222;konstruktywna&#8221; i &#8222;produktywna&#8221;. Wys\u0142annicy Waszyngtonu, Kijowa i Moskwy potwierdzili, \u017ce g\u0142\u00f3wnym tematem negocjacji s\u0105 kwestie terytorialne. Rosja \u017c\u0105da Donbasu, Krymu oraz cz\u0119\u015bci obwod\u00f3w cherso\u0144skiego i zaporoskiego. Natomiast Ukraina\u00a0odrzuca te \u017c\u0105dania.<\/p>\n<p class=\"art_paragraph\">Czytaj r\u00f3wnie\u017c najnowszy tekst Patryka Strza\u0142kowskiego: <a href=\"https:\/\/wiadomosci.gazeta.pl\/swiat\/7,198075,32560718,nie-ma-juz-wsi-ktora-odwiedzilismy-na-zachodnim-brzegu-mieszkancy.html\" class=\"art_link\" rel=\"dofollow noopener\" target=\"_blank\">&#8222;Nie ma ju\u017c wsi, kt\u00f3r\u0105 odwiedzili\u015bmy na Zachodnim Brzegu. Mieszka\u0144cy wysiedleni pod presj\u0105 osadnik\u00f3w&#8221;.<\/a>\n  <\/p>\n<p>\u0179r\u00f3d\u0142a:rp.pl, <a href=\"https:\/\/wiadomosci.gazeta.pl\/swiat\/7,198077,32224952,putin-rzucil-zelenskiemu-wyzwanie-jasna-odpowiedz-z-ukrainy.html\" class=\"art_link\" rel=\"dofollow noopener\" target=\"_blank\">Gazeta.pl<\/a>, IAR<\/p>\n","protected":false},"excerpt":{"rendered":"Kreml zaprasza Ze\u0142enskiego do Rosji\u00a0 Doradca W\u0142adimira Putina, Jurij Uszakow, przyzna\u0142, \u017ce Moskwa nie wyklucza spotkania Putin-Ze\u0142enski. &#8211;&hellip;\n","protected":false},"author":2,"featured_media":231975,"comment_status":"","ping_status":"","sticky":false,"template":"","format":"standard","meta":{"footnotes":""},"categories":[14],"tags":[32,33,27,34,35,28,31,25,40,41,80,29,30,26,82,83,84],"class_list":{"0":"post-231974","1":"post","2":"type-post","3":"status-publish","4":"format-standard","5":"has-post-thumbnail","7":"category-swiat","8":"tag-breaking-news","9":"tag-breakingnews","10":"tag-headlines","11":"tag-latest-news","12":"tag-latestnews","13":"tag-naglowki","14":"tag-najwazniejsze-artykuly","15":"tag-news","16":"tag-polish","17":"tag-polski","18":"tag-swiat","19":"tag-top-stories","20":"tag-topstories","21":"tag-wiadomosci","22":"tag-world","23":"tag-world-news","24":"tag-worldnews"},"share_on_mastodon":{"url":"https:\/\/pubeurope.com\/@pl\/115979220601591316","error":""},"_links":{"self":[{"href":"https:\/\/www.europesays.com\/pl\/wp-json\/wp\/v2\/posts\/231974","targetHints":{"allow":["GET"]}}],"collection":[{"href":"https:\/\/www.europesays.com\/pl\/wp-json\/wp\/v2\/posts"}],"about":[{"href":"https:\/\/www.europesays.com\/pl\/wp-json\/wp\/v2\/types\/post"}],"author":[{"embeddable":true,"href":"https:\/\/www.europesays.com\/pl\/wp-json\/wp\/v2\/users\/2"}],"replies":[{"embeddable":true,"href":"https:\/\/www.europesays.com\/pl\/wp-json\/wp\/v2\/comments?post=231974"}],"version-history":[{"count":0,"href":"https:\/\/www.europesays.com\/pl\/wp-json\/wp\/v2\/posts\/231974\/revisions"}],"wp:featuredmedia":[{"embeddable":true,"href":"https:\/\/www.europesays.com\/pl\/wp-json\/wp\/v2\/media\/231975"}],"wp:attachment":[{"href":"https:\/\/www.europesays.com\/pl\/wp-json\/wp\/v2\/media?parent=231974"}],"wp:term":[{"taxonomy":"category","embeddable":true,"href":"https:\/\/www.europesays.com\/pl\/wp-json\/wp\/v2\/categories?post=231974"},{"taxonomy":"post_tag","embeddable":true,"href":"https:\/\/www.europesays.com\/pl\/wp-json\/wp\/v2\/tags?post=231974"}],"curies":[{"name":"wp","href":"https:\/\/api.w.org\/{rel}","templated":true}]}}