{"id":231976,"date":"2026-01-29T16:01:07","date_gmt":"2026-01-29T16:01:07","guid":{"rendered":"https:\/\/www.europesays.com\/pl\/231976\/"},"modified":"2026-01-29T16:01:07","modified_gmt":"2026-01-29T16:01:07","slug":"wraca-sprawa-azylu-dla-romanowskiego-zajmie-sie-nia-pe","status":"publish","type":"post","link":"https:\/\/www.europesays.com\/pl\/231976\/","title":{"rendered":"Wraca sprawa azylu dla Romanowskiego. Zajmie si\u0119 ni\u0105 PE"},"content":{"rendered":"<p>Sprawa azylu dla Micha\u0142a Romanowskiego ponownie trafi\u0142a pod obrady Parlamentu Europejskiego. Wniosek, kt\u00f3ry na pocz\u0105tku grudnia zosta\u0142 odrzucony g\u0142osami europos\u0142\u00f3w PiS, w\u00a0\u015brod\u0119 uzyska\u0142 akceptacj\u0119 koordynator\u00f3w grup politycznych PE, a\u00a0nast\u0119pnie w\u00a0czwartek zosta\u0142 przeg\u0142osowany na posiedzeniu komisji petycji (PETI).<\/p>\n<p>Wraca sprawa azylu dla Romanowskiego. Zajmie si\u0119 ni\u0105 PE<\/p>\n<p>Za procedowaniem wniosku g\u0142osowa\u0142o 25 eurodeputowanych, przeciwko by\u0142o 15, a\u00a09\u00a0wstrzyma\u0142o si\u0119 od g\u0142osu. Jak dowiedzia\u0142a si\u0119 PAP, PETI ma zaj\u0105\u0107 si\u0119 spraw\u0105 w\u00a0drugiej po\u0142owie lutego.<\/p>\n<p>Petycj\u0119 w\u00a0sprawie Romanowskiego z\u0142o\u017cy\u0142 jeden z\u00a0obywateli Polski, a\u00a0wniosek o\u00a0zaj\u0119cie si\u0119 spraw\u0105 przez PETI zg\u0142osi\u0142 europose\u0142 Micha\u0142 Kobosko z\u00a0Polski2050. Komisja b\u0119dzie m.in. wnioskowa\u0107, aby Komisja Europejska zbada\u0142a, czy dzia\u0142ania W\u0119gier w\u00a0zwi\u0105zku z\u00a0Europejskim Nakazem Aresztowania wobec Romanowskiego by\u0142y zgodne z\u00a0prawem UE oraz wezwa\u0142a rz\u0105d W\u0119gier do niezw\u0142ocznego przekazania go polskim organom zgodnie z\u00a0zasad\u0105 wzajemnego uznawania decyzji s\u0105dowych.<\/p>\n<p>Wed\u0142ug PiS to atak na rz\u0105d W\u0119gier w\u00a0obliczu zbli\u017caj\u0105cych si\u0119 wybor\u00f3w parlamentarnych w\u00a0tym kraju.<\/p>\n<p>Europose\u0142 PiS Jacek Ozdoba okre\u015bli\u0142 wniosek mianem &#8222;spektakularnego wtr\u0105cania si\u0119 przez PETI i\u00a0PE w\u00a0kampani\u0119 wyborcz\u0105 na W\u0119grzech&#8221;, a\u00a0jego partyjny kolega Arkadiusz Mularczyk ostrzeg\u0142, \u017ce mo\u017cliwe, i\u017c za dwa lata politycy z\u00a0partii rz\u0105dz\u0105cej &#8222;b\u0119d\u0105 sami prosi\u0107 o\u00a0azyl w\u00a0Berlinie i\u00a0wtedy role si\u0119 odwr\u00f3c\u0105&#8221;.<\/p>\n<p>Bior\u0105cy udzia\u0142 w\u00a0dyskusji europose\u0142 KO Micha\u0142 Szczerba zapewni\u0142 z\u00a0kolei, \u017ce inicjatywa nie ma \u017cadnego zwi\u0105zku z\u00a0kalendarzem wyborczym na W\u0119grzech, a\u00a0Scheuring-Wielgus zauwa\u017cy\u0142a, \u017ce petycja nie zosta\u0142a z\u0142o\u017cona przez \u017cadn\u0105 grup\u0119 polityczn\u0105 tylko przez obywatela UE.<\/p>\n","protected":false},"excerpt":{"rendered":"Sprawa azylu dla Micha\u0142a Romanowskiego ponownie trafi\u0142a pod obrady Parlamentu Europejskiego. Wniosek, kt\u00f3ry na pocz\u0105tku grudnia zosta\u0142 odrzucony&hellip;\n","protected":false},"author":2,"featured_media":231977,"comment_status":"","ping_status":"","sticky":false,"template":"","format":"standard","meta":{"footnotes":""},"categories":[5],"tags":[32,33,36,37,27,34,35,28,31,25,42,38,40,39,41,29,30,26],"class_list":{"0":"post-231976","1":"post","2":"type-post","3":"status-publish","4":"format-standard","5":"has-post-thumbnail","7":"category-naglowki","8":"tag-breaking-news","9":"tag-breakingnews","10":"tag-featured-news","11":"tag-featurednews","12":"tag-headlines","13":"tag-latest-news","14":"tag-latestnews","15":"tag-naglowki","16":"tag-najwazniejsze-artykuly","17":"tag-news","18":"tag-pl","19":"tag-poland","20":"tag-polish","21":"tag-polska","22":"tag-polski","23":"tag-top-stories","24":"tag-topstories","25":"tag-wiadomosci"},"share_on_mastodon":{"url":"https:\/\/pubeurope.com\/@pl\/115979228517938709","error":""},"_links":{"self":[{"href":"https:\/\/www.europesays.com\/pl\/wp-json\/wp\/v2\/posts\/231976","targetHints":{"allow":["GET"]}}],"collection":[{"href":"https:\/\/www.europesays.com\/pl\/wp-json\/wp\/v2\/posts"}],"about":[{"href":"https:\/\/www.europesays.com\/pl\/wp-json\/wp\/v2\/types\/post"}],"author":[{"embeddable":true,"href":"https:\/\/www.europesays.com\/pl\/wp-json\/wp\/v2\/users\/2"}],"replies":[{"embeddable":true,"href":"https:\/\/www.europesays.com\/pl\/wp-json\/wp\/v2\/comments?post=231976"}],"version-history":[{"count":0,"href":"https:\/\/www.europesays.com\/pl\/wp-json\/wp\/v2\/posts\/231976\/revisions"}],"wp:featuredmedia":[{"embeddable":true,"href":"https:\/\/www.europesays.com\/pl\/wp-json\/wp\/v2\/media\/231977"}],"wp:attachment":[{"href":"https:\/\/www.europesays.com\/pl\/wp-json\/wp\/v2\/media?parent=231976"}],"wp:term":[{"taxonomy":"category","embeddable":true,"href":"https:\/\/www.europesays.com\/pl\/wp-json\/wp\/v2\/categories?post=231976"},{"taxonomy":"post_tag","embeddable":true,"href":"https:\/\/www.europesays.com\/pl\/wp-json\/wp\/v2\/tags?post=231976"}],"curies":[{"name":"wp","href":"https:\/\/api.w.org\/{rel}","templated":true}]}}