{"id":231984,"date":"2026-01-29T16:06:09","date_gmt":"2026-01-29T16:06:09","guid":{"rendered":"https:\/\/www.europesays.com\/pl\/231984\/"},"modified":"2026-01-29T16:06:09","modified_gmt":"2026-01-29T16:06:09","slug":"domino-ruszylo-donald-trump-rozzloscil-potezne-lobby-w-usa-niebezpieczne-i-bledne","status":"publish","type":"post","link":"https:\/\/www.europesays.com\/pl\/231984\/","title":{"rendered":"Domino ruszy\u0142o. Donald Trump rozz\u0142o\u015bci\u0142 pot\u0119\u017cne lobby w USA. &#8222;Niebezpieczne i b\u0142\u0119dne&#8221;"},"content":{"rendered":"<p>Tim Cook najwyra\u017aniej poczu\u0142 si\u0119 zmuszony do wydania o\u015bwiadczenia. W wewn\u0119trznym komunikacie skierowanym do pracownik\u00f3w koncernu Apple \u2014 kt\u00f3ry nieprzypadkowo szybko trafi\u0142 do wielu ameryka\u0144skich medi\u00f3w \u2014 wykaza\u0142 si\u0119 zaskakuj\u0105c\u0105 emocjonalno\u015bci\u0105. Napisa\u0142, \u017ce jest &#8222;g\u0142\u0119boko wstrz\u0105\u015bni\u0119ty <a href=\"https:\/\/wiadomosci.onet.pl\/politico\/czy-ice-jest-nietykalne-wirginia-probowala-i-polegla-teraz-ten-sam-mur-moze-zmiazdzyc\/gt1r59r\" id=\"8123cf6f-eab4-45fb-8f90-9400795d202d\" rel=\"nofollow noopener\" target=\"_blank\">wydarzeniami w Minneapolis<\/a>&#8221; i osobi\u015bcie poinformowa\u0142 prezydenta Donalda Trumpa o swoim zaniepokojeniu. Doda\u0142, \u017ce priorytetem jest teraz z\u0142agodzenie napi\u0119\u0107.<\/p>\n<p>&#8222;Wierz\u0119, \u017ce Ameryka jest najsilniejsza, gdy realizujemy nasze najwy\u017csze idea\u0142y, gdy traktujemy ka\u017cdego z godno\u015bci\u0105 i szacunkiem, bez wzgl\u0119du na to, kim jest i sk\u0105d pochodzi, oraz gdy akceptujemy nasze cz\u0142owiecze\u0144stwo. W tym tygodniu odby\u0142em owocn\u0105 rozmow\u0119 z prezydentem, podczas kt\u00f3rej przedstawi\u0142em mu swoje pogl\u0105dy i doceniam jego otwarto\u015b\u0107 na kwestie, kt\u00f3re s\u0105 wa\u017cne dla nas wszystkich&#8221; \u2014 napisa\u0142 prezes Apple w komunikacie.<\/p>\n<p>Fakt, \u017ce czu\u0142 si\u0119 zmuszony do zabrania g\u0142osu, mo\u017ce mie\u0107 r\u00f3wnie\u017c zwi\u0105zek z tym, \u017ce spotka\u0142 si\u0119 z krytyk\u0105 opinii publicznej i w\u0142asnych pracownik\u00f3w. Zaledwie kilka godzin po tym, jak w sobot\u0119 <a href=\"https:\/\/wiadomosci.onet.pl\/swiat\/strzelanina-w-minnesocie-prokurator-ujawnil-tozsamosc-ofiary\/538wf8g\" id=\"206fed26-76ec-4c61-aab5-54ec83f200fc\" rel=\"nofollow noopener\" target=\"_blank\">piel\u0119gniarz Alex Pretti zosta\u0142 zabity w Minneapolis przez funkcjonariuszy ICE<\/a>, Cook uczestniczy\u0142 w wieczornym wydarzeniu w Bia\u0142ym Domu. Atmosfera wydawa\u0142a si\u0119 by\u0107 weso\u0142a \u2014 po zako\u0144czeniu Cook obejrza\u0142 &#8222;Melania&#8221;: nowy film o pierwszej damie Melanii Trump.<\/p>\n<p>Po raz pierwszy od ponownego wyboru Trumpa na prezydenta znani szefowie firm, tacy jak Cook, zacz\u0119li krytykowa\u0107 jego polityk\u0119.<\/p>\n<p>Ostro\u017cnie na palcach<\/p>\n<p class=\"ods-c-paragraph \">Do tej pory liderzy biznesu z Doliny Krzemowej wyr\u00f3\u017cniali si\u0119 uleg\u0142ymi wr\u0119cz gestami wobec administracji Trumpa. Niezapomniane s\u0105 sceny z jesieni ubieg\u0142ego roku, kiedy Mark Zuckerberg, Jeff Bezos i sp\u00f3\u0142ka zebrali si\u0119 na spotkaniu w Gabinecie Owalnym, a Donald Trump przed kamerami przez kilka minut wychwala\u0142 ich dalekowzroczn\u0105 i m\u0105dr\u0105 polityk\u0119.<\/p>\n<p class=\"ods-c-paragraph \">Kalkulacja by\u0142a oczywista \u2014 jego administracja nap\u0119dza <a href=\"https:\/\/www.onet.pl\/informacje\/deutsche-welle\/wojny-handlowe-i-rosnaca-banka-ai-co-czeka-gospodarke-w-2026-r\/lnmetn7,0666d3f1\" id=\"cef7acab-2d5d-4304-824f-9ee166ce537a\" rel=\"nofollow noopener\" target=\"_blank\">boom na sztuczn\u0105 inteligencj\u0119<\/a> w USA za pomoc\u0105 wszelkiego rodzaju dotacji pa\u0144stwowych, \u0142agodnych wymog\u00f3w dotycz\u0105cych centr\u00f3w danych oraz zam\u00f3wie\u0144 pa\u0144stwowych dla wojska i stra\u017cy granicznej opiewaj\u0105cych na miliardy dolar\u00f3w. \u017badna bran\u017ca nie odnotowa\u0142a w ubieg\u0142ym roku tak silnego wzrostu jak Big Tech. Od dawna wiele tworz\u0105cych j\u0105 firm jest czym\u015b wi\u0119cej ni\u017c tylko mediami spo\u0142eczno\u015bciowymi lub dostawcami oprogramowania do pracy i codziennego \u017cycia.<\/p>\n<p class=\"ods-c-paragraph \">Giganci technologiczni, tacy jak Meta czy Microsoft, stali si\u0119 nieodzownym elementem drugiego co do wielko\u015bci kompleksu wojskowego na \u015bwiecie. Kristi Noem, sekretarz bezpiecze\u0144stwa krajowego Stan\u00f3w Zjednoczonych, nie ukrywa, \u017ce jej departament przeznacza ogromne kwoty na wzmocnienie ochrony granic.<\/p>\n<p>    <img decoding=\"async\" src=\"https:\/\/www.europesays.com\/pl\/wp-content\/uploads\/2026\/01\/gwBk9lBaHR0cHM6Ly9vY2RuLmV1L3B1bHNjbXMvTURBXy9hMTAwMzVkZjg5MTkyMzZhODA5ZjgzN2U5ZTc1OGJkMC5qcGeRlQLNB.jpeg\" height=\"627\" width=\"940\" style=\"min-height:627px;\" alt=\"Dyrektor generalny Apple Tim Cook (w \u015brodku) obserwuje, jak Donald Trump wita lider\u00f3w biznesu podczas spotkania w rezydencji ambasadora Stan\u00f3w Zjednoczonych w Tokio, 28 pa\u017adziernika 2025 r.\" loading=\"lazy\" class=\"ods-c-image__img ods-c-image__img--viewport-width\"\/> <\/p>\n<p>Dyrektor generalny Apple Tim Cook (w \u015brodku) obserwuje, jak Donald Trump wita lider\u00f3w biznesu podczas spotkania w rezydencji ambasadora Stan\u00f3w Zjednoczonych w Tokio, 28 pa\u017adziernika 2025 r.Andrew Harnik \/ Staff \/ Getty Images<\/p>\n<p class=\"ods-c-paragraph \">Republikanka twierdzi, \u017ce dzi\u0119ki <a href=\"https:\/\/wiadomosci.onet.pl\/swiat\/wielka-piekna-ustawa-trumpa-zostala-zatwierdzona-przez-senat\/9d96bw8\" id=\"02f827ae-35fb-4e2a-b2c9-8d40adc488f5\" rel=\"nofollow noopener\" target=\"_blank\">&#8222;Wielkiej, pi\u0119knej ustawie&#8221;<\/a> (&#8222;The One Big Beautiful Bill Act&#8221;) jej departament otrzyma\u0142 &#8222;niesamowicie du\u017ce \u015brodki&#8221;. Wed\u0142ug &#8222;Washington Post&#8221; pierwsza transza si\u0119ga do 6 mld dol. (21 mld z\u0142). Wkr\u00f3tce kwota ta mo\u017ce znacznie wzrosn\u0105\u0107. Biznes zwi\u0105zany z wojskiem i ochron\u0105 granic jest zabezpieczony na lata.<\/p>\n<p class=\"ods-c-paragraph \">R\u00f3wnie\u017c funkcjonariusze ICE coraz cz\u0119\u015bciej korzystaj\u0105 z produkt\u00f3w koncern\u00f3w technologicznych, zw\u0142aszcza Palantir [ameryka\u0144skiej firmy tworz\u0105cej produkty do analizy du\u017cych zbior\u00f3w danych]. Nic wi\u0119c dziwnego, \u017ce dotychczas w zarz\u0105dach w Kalifornii i Teksasie starano si\u0119 unika\u0107 otwartego krytykowania prezydenta. Dlatego te\u017c obecne wyrazy zaniepokojenia ze strony Doliny Krzemowej s\u0105 bardzo ostro\u017cne.<\/p>\n<p>Kij i marchewka<\/p>\n<p class=\"ods-c-paragraph \">Sam Altman, prezes OpenAI, powiedzia\u0142 jasno i wyra\u017anie. \u2014 ICE posuwa si\u0119 za daleko. Istnieje ogromna r\u00f3\u017cnica mi\u0119dzy deportacj\u0105 brutalnych przest\u0119pc\u00f3w a tym, co dzieje si\u0119 obecnie, i musimy jasno to rozr\u00f3\u017cni\u0107 \u2014 stwierdzi\u0142.<\/p>\n<p class=\"ods-c-paragraph \">Nast\u0119pnie jednak w komunikacie wys\u0142anym do pracownik\u00f3w przemyci\u0142 pochlebstwo pod adresem prezydenta. &#8222;Kocham Stany Zjednoczone i ich warto\u015bci demokracji i wolno\u015bci i b\u0119d\u0119 wspiera\u0142 ten kraj z ca\u0142ych si\u0142. Prezydent Trump jest bardzo silnym przyw\u00f3dc\u0105 i mam nadziej\u0119, \u017ce sprosta temu wyzwaniu i zjednoczy kraj. Reakcje z ostatnich godzin dodaj\u0105 mi otuchy i mam nadziej\u0119, \u017ce dzi\u0119ki przejrzystym dochodzeniom uda si\u0119 przywr\u00f3ci\u0107 zaufanie&#8221; \u2014 napisa\u0142.<\/p>\n<p class=\"ods-c-paragraph \">Krytyka ze strony Doliny Krzemowej jest nast\u0119pstwem listu protestacyjnego z pocz\u0105tku tygodnia. Podpisa\u0142o go 60 szef\u00f3w przedsi\u0119biorstw, w tym znanych firm, takich jak 3M, United Health czy sie\u0107 handlowa Target. Zamaskowani funkcjonariusze ICE wielokrotnie wpadali do ich sklep\u00f3w i zatrzymywali w nich osoby, kt\u00f3re podejrzewali o nielegalny pobyt w kraju.<\/p>\n<p>    Dalszy ci\u0105g artyku\u0142u pod materia\u0142em wideo <\/p>\n<p class=\"ods-c-paragraph \">&#8222;W tym trudnym dla naszej spo\u0142eczno\u015bci czasie wzywamy do pokoju i ukierunkowanej wsp\u00f3\u0142pracy mi\u0119dzy lokalnymi, stanowymi i federalnymi przyw\u00f3dcami&#8221; \u2014 napisali w poniedzia\u0142kowym li\u015bcie.<\/p>\n<p class=\"ods-c-paragraph \">Teraz, gdy dyrektorzy firm technologicznych, tacy jak Cook i Altman, wyrazili swoje stanowisko, krytyka ze strony \u015bwiata biznesu powinna ucichn\u0105\u0107, przynajmniej na razie. Niezadowolenie panuje tam ju\u017c od d\u0142u\u017cszego czasu, ale prawie nikt nie odwa\u017cy\u0142 si\u0119 wej\u015b\u0107 w konflikt z administracj\u0105 Trumpa. <\/p>\n<p class=\"ods-c-paragraph \">Zaskakuj\u0105ca cisza zapanowa\u0142a na przyk\u0142ad wtedy, gdy jesieni\u0105 ubieg\u0142ego roku prezydent USA powi\u0105za\u0142 popularn\u0105 w\u015br\u00f3d firm technologicznych wiz\u0119 H1B [umo\u017cliwiaj\u0105c\u0105 pracodawcom zatrudnianie specjalist\u00f3w z zagranicy w zawodach wymagaj\u0105cych wysokich kwalifikacji] z op\u0142at\u0105 w wysoko\u015bci 100 tys. dol. (352 tys. z\u0142). Od dawna dzia\u0142ania ICE nie dotycz\u0105 ju\u017c jednak wy\u0142\u0105cznie przest\u0119pc\u00f3w zagranicznych, ale tak\u017ce imigrant\u00f3w przebywaj\u0105cych w USA bez wa\u017cnego pozwolenia na pobyt, kt\u00f3rzy przestrzegaj\u0105 prawa i pracuj\u0105 na wa\u017cnych stanowiskach w r\u00f3\u017cnych bran\u017cach.<\/p>\n<p>   Oddolny sprzeciw<\/p>\n<p class=\"ods-c-paragraph \">Chocia\u017c Trump i sp\u00f3\u0142ka po \u015bmiertelnym postrzeleniu Renee Good w Minneapolis jeszcze bardziej podsycali atmosfer\u0119, teraz wydaje si\u0119, \u017ce staraj\u0105 si\u0119 ja \u0142agodzi\u0107. <a href=\"https:\/\/wiadomosci.onet.pl\/swiat\/kim-jest-greg-bovino-dowodca-strazy-granicznej-oskarzany-o-brutalnosc\/x6j3wpl\" id=\"da182b19-3592-4714-b6fb-6b51f2486cf3\" rel=\"nofollow noopener\" target=\"_blank\">Dow\u00f3dca stra\u017cy granicznej Gregory Bovino<\/a>, kt\u00f3remu demokraci, tacy jak gubernator Kalifornii Gavin Newsom, zarzucaj\u0105 stosowanie &#8222;metod gestapo&#8221;, zosta\u0142 wycofany z Minnesoty, a pierwsza dama Melania Trump w jednym ze swoich rzadkich przem\u00f3wie\u0144 wezwa\u0142a demonstrant\u00f3w do pokojowego zachowania podczas protest\u00f3w.<\/p>\n<p class=\"ods-c-paragraph \">Donald Trump natomiast po\u015brednio zaprzeczy\u0142 wypowiedzi swojego zast\u0119pcy szefa sztabu Stephena Millera. Ten kr\u00f3tko po \u015bmiertelnych strza\u0142ach oskar\u017cy\u0142 ofiar\u0119 o to, \u017ce by\u0142a terroryst\u0105, kt\u00f3ry chcia\u0142 zamordowa\u0107 funkcjonariuszy ICE \u2014 co jednak w \u017caden spos\u00f3b nie zosta\u0142o udowodnione. Nagrania wideo pokazuj\u0105, \u017ce funkcjonariusze wyj\u0119li bro\u0144 Prettiego, kt\u00f3r\u0105 legalnie nosi\u0142 przy sobie, z kabury, a dopiero potem oddali w jego kierunku 10 strza\u0142\u00f3w.<\/p>\n<p>    <img decoding=\"async\" src=\"https:\/\/www.europesays.com\/pl\/wp-content\/uploads\/2026\/01\/Hutk9lBaHR0cHM6Ly9vY2RuLmV1L3B1bHNjbXMvTURBXy9kYjY3OWFlMmE4ZTM0ZGM1ZWQ3ZGFkYzA0MmNiOGM0ZC5qcGeRlQLNB.jpeg\" height=\"643\" width=\"940\" style=\"min-height:643px;\" alt=\"Protest w centrum Minneapolis w stanie Minnesota, 23 stycznia 2026 r.\" loading=\"lazy\" class=\"ods-c-image__img ods-c-image__img--viewport-width\"\/> <\/p>\n<p>Protest w centrum Minneapolis w stanie Minnesota, 23 stycznia 2026 r.Star Tribune via Getty Images \/ Contributor \/ Getty Images<\/p>\n<p class=\"ods-c-paragraph \">Niepokoj\u0105ce obrazy z Minneapolis nie wywo\u0142uj\u0105 jednak sprzeciwu wszystkich firm technologicznych. Palantir na przyk\u0142ad najwyra\u017aniej poczu\u0142 si\u0119 zmuszony uzasadni\u0107 swoje dzia\u0142ania przed pracownikami, ale powstrzyma\u0142 si\u0119 od publicznych o\u015bwiadcze\u0144 na temat ostatnich wydarze\u0144.<\/p>\n<p class=\"ods-c-paragraph \">Dzi\u0119ki oprogramowaniu Palantir ICE mo\u017ce generowa\u0107 widoki map, zaznacza\u0107 punkty newralgiczne lub ca\u0142e dzielnice, w kt\u00f3rych przebywa wiele potencjalnych migrant\u00f3w, a tym samym planowa\u0107 naloty. Dzi\u0119ki monitorowaniu w czasie rzeczywistym funkcjonariusze ICE mog\u0105 r\u00f3wnie\u017c \u015bledzi\u0107 ruchy wybranych os\u00f3b \u2014 na przyk\u0142ad poprzez informacje o ich podr\u00f3\u017cach i lotach, metadane z telefon\u00f3w kom\u00f3rkowych lub inne \u015blady cyfrowe.<\/p>\n<p class=\"ods-c-paragraph \">Jak donosi platforma \u015bledcza Wired, w\u015br\u00f3d pracownik\u00f3w Palantir ro\u015bnie niezadowolenie z wykorzystywania oprogramowania przez funkcjonariuszy ICE. Niedawno zadali kierownictwu krytyczne pytania dotycz\u0105ce przyk\u0142adowo celowo\u015bci dalszej wsp\u00f3\u0142pracy z ICE. &#8222;Moim zdaniem ICE to ci \u017ali. Nie jestem dumny z tego, \u017ce firma, dla kt\u00f3rej tak ch\u0119tnie pracuj\u0119, bierze w tym udzia\u0142&#8221; \u2014 napisa\u0142 jeden z pracownik\u00f3w na Slacku. Nie s\u0105 jednak znane \u017cadne wypowiedzi zarz\u0105du w tej sprawie.<\/p>\n<p>   G\u0142osy oburzenia<\/p>\n<p class=\"ods-c-paragraph \">Drugi przypadek \u015bmiertelnego postrzelenia przez funkcjonariuszy ICE w Minneapolis w ci\u0105gu kilku tygodni wywo\u0142a\u0142 r\u00f3wnie\u017c now\u0105 debat\u0119 na temat prawa do posiadania broni \u2014 co mo\u017ce sta\u0107 si\u0119 powa\u017cnym problemem dla Trumpa. \u2014 Nie wolno posiada\u0107 broni, nie wolno wchodzi\u0107 z broni\u0105, to nie jest mo\u017cliwe \u2014 powiedzia\u0142 prezydent USA przed dziennikarzami, zaprzeczaj\u0105c w ten spos\u00f3b drugiej poprawce do konstytucji, kt\u00f3ra zasadniczo zezwala Amerykanom na noszenie broni.<\/p>\n<p class=\"ods-c-paragraph \">Wypowiedzi te spotka\u0142y si\u0119 ze szczeg\u00f3lnym sprzeciwem jednego z najpot\u0119\u017cniejszych lobby w USA: National Rifle Association (NRA, Krajowego Stowarzyszenia Strzeleckiego), od dziesi\u0119cioleci jednego z najwi\u0119kszych i najbardziej wp\u0142ywowych darczy\u0144c\u00f3w Partii Republika\u0144skiej. Niezadowolenie budzi r\u00f3wnie\u017c to, \u017ce prezydent stosuje podw\u00f3jne standardy: podczas publicznych wydarze\u0144 MAGA organizowanych przez jego zwolennik\u00f3w w wielu miastach USA cz\u0119sto pojawiaj\u0105 si\u0119 ci\u0119\u017cko uzbrojeni demonstranci.<\/p>\n<p class=\"ods-c-paragraph \">Teraz jednak NRA i inne ameryka\u0144skie lobby broni palnej domagaj\u0105 si\u0119 &#8222;pe\u0142nego \u015bledztwa&#8221; w sprawie zab\u00f3jstwa Alexa Prettiego. NRA wyda\u0142o o\u015bwiadczenie \u2014 wypowied\u017a prokuratora federalnego Billa Essayli, kt\u00f3ry stwierdzi\u0142, \u017ce osoby nosz\u0105ce bro\u0144 nara\u017caj\u0105 si\u0119 na to, \u017ce zostan\u0105 legalnie zastrzelone przez funkcjonariuszy, nazwa\u0142o &#8222;niebezpieczn\u0105 i b\u0142\u0119dn\u0105&#8221;. Essayli napisa\u0142 wcze\u015bniej w serwisie X: &#8222;je\u015bli zbli\u017casz si\u0119 do policji z broni\u0105, istnieje du\u017ce prawdopodobie\u0144stwo, \u017ce b\u0119dzie ona mia\u0142a prawo do oddania strza\u0142u. Nie r\u00f3b tego!&#8221;.<\/p>\n<p class=\"ods-c-paragraph \">NRA natomiast nie zgadza si\u0119 z twierdzeniem administracji Trumpa, \u017ce to Pretti sprowokowa\u0142 strza\u0142y. &#8222;Odpowiedzialne g\u0142osy publiczne powinny poczeka\u0107 na zako\u0144czenie pe\u0142nego \u015bledztwa i nie generalizowa\u0107 ani nie pot\u0119pia\u0107 przestrzegaj\u0105cych prawa obywateli. Czekaj\u0105c na te fakty i uzyskanie ja\u015bniejszego obrazu sytuacji, wzywamy decydent\u00f3w politycznych do uspokojenia sytuacji, aby zapewni\u0107 bezpiecze\u0144stwo swoim wyborcom i funkcjonariuszom organ\u00f3w \u015bcigania&#8221; \u2014 czytamy w o\u015bwiadczeniu.<\/p>\n<p class=\"ods-c-paragraph \">Nadzieja na uspokojenie sytuacji wydaje si\u0119 jednak nie spe\u0142nia\u0107. W \u015brod\u0119 dosz\u0142o do eskalacji dzia\u0142a\u0144 stra\u017cy granicznej w Arizonie: obywatel USA skazany za handel lud\u017ami zosta\u0142 postrzelony, prawdopodobnie po tym, jak pr\u00f3bowa\u0142 uciec przed kontrol\u0105 stra\u017cy granicznej. W Minneapolis dosz\u0142o do protest\u00f3w na ulicach, a demonstranci zdemolowali cz\u0119\u015b\u0107 hotelu, w kt\u00f3rym zakwaterowani s\u0105 funkcjonariusze ICE. Nastroje w kraju wydaj\u0105 si\u0119 nadal zaostrza\u0107.<\/p>\n","protected":false},"excerpt":{"rendered":"Tim Cook najwyra\u017aniej poczu\u0142 si\u0119 zmuszony do wydania o\u015bwiadczenia. W wewn\u0119trznym komunikacie skierowanym do pracownik\u00f3w koncernu Apple \u2014&hellip;\n","protected":false},"author":2,"featured_media":231985,"comment_status":"","ping_status":"","sticky":false,"template":"","format":"standard","meta":{"footnotes":""},"categories":[14],"tags":[56,32,33,44,27,6956,34,35,28,31,48,25,46,40,41,47,80,29,30,71,26,82,83,84],"class_list":{"0":"post-231984","1":"post","2":"type-post","3":"status-publish","4":"format-standard","5":"has-post-thumbnail","7":"category-swiat","8":"tag-article_premium","9":"tag-breaking-news","10":"tag-breakingnews","11":"tag-donald_trump","12":"tag-headlines","13":"tag-ice","14":"tag-latest-news","15":"tag-latestnews","16":"tag-naglowki","17":"tag-najwazniejsze-artykuly","18":"tag-nat_styl","19":"tag-news","20":"tag-omp","21":"tag-polish","22":"tag-polski","23":"tag-screening_general","24":"tag-swiat","25":"tag-top-stories","26":"tag-topstories","27":"tag-usa","28":"tag-wiadomosci","29":"tag-world","30":"tag-world-news","31":"tag-worldnews"},"share_on_mastodon":{"url":"https:\/\/pubeurope.com\/@pl\/115979248335670122","error":""},"_links":{"self":[{"href":"https:\/\/www.europesays.com\/pl\/wp-json\/wp\/v2\/posts\/231984","targetHints":{"allow":["GET"]}}],"collection":[{"href":"https:\/\/www.europesays.com\/pl\/wp-json\/wp\/v2\/posts"}],"about":[{"href":"https:\/\/www.europesays.com\/pl\/wp-json\/wp\/v2\/types\/post"}],"author":[{"embeddable":true,"href":"https:\/\/www.europesays.com\/pl\/wp-json\/wp\/v2\/users\/2"}],"replies":[{"embeddable":true,"href":"https:\/\/www.europesays.com\/pl\/wp-json\/wp\/v2\/comments?post=231984"}],"version-history":[{"count":0,"href":"https:\/\/www.europesays.com\/pl\/wp-json\/wp\/v2\/posts\/231984\/revisions"}],"wp:featuredmedia":[{"embeddable":true,"href":"https:\/\/www.europesays.com\/pl\/wp-json\/wp\/v2\/media\/231985"}],"wp:attachment":[{"href":"https:\/\/www.europesays.com\/pl\/wp-json\/wp\/v2\/media?parent=231984"}],"wp:term":[{"taxonomy":"category","embeddable":true,"href":"https:\/\/www.europesays.com\/pl\/wp-json\/wp\/v2\/categories?post=231984"},{"taxonomy":"post_tag","embeddable":true,"href":"https:\/\/www.europesays.com\/pl\/wp-json\/wp\/v2\/tags?post=231984"}],"curies":[{"name":"wp","href":"https:\/\/api.w.org\/{rel}","templated":true}]}}