{"id":231988,"date":"2026-01-29T16:08:10","date_gmt":"2026-01-29T16:08:10","guid":{"rendered":"https:\/\/www.europesays.com\/pl\/231988\/"},"modified":"2026-01-29T16:08:10","modified_gmt":"2026-01-29T16:08:10","slug":"czy-mozna-zarazic-sie-nipah-przez-swiezy-sok-i-owoce-ekspertka-odpowiada","status":"publish","type":"post","link":"https:\/\/www.europesays.com\/pl\/231988\/","title":{"rendered":"Czy mo\u017cna zarazi\u0107 si\u0119 Nipah przez \u015bwie\u017cy sok i owoce? Ekspertka odpowiada"},"content":{"rendered":"<p class=\"article-p\" data-section=\"detail-body\">\u2014 Nie mamy wirusa w \u015brodowisku ani warunk\u00f3w do jego szerzenia si\u0119 \u2014 podsumowuje.<\/p>\n<p class=\"article-p\" data-section=\"detail-body\">\u2014 W \u015brodowisku wirus wyst\u0119puje lokalnie tam, gdzie \u017cyje okre\u015blony gatunek owoco\u017cernych nietoperzy. M\u00f3wimy o Azji Po\u0142udniowo-Wschodniej: Indiach, Malezji, Singapurze \u2014 t\u0142umaczy.<\/p>\n<p class=\"article-p\" data-section=\"detail-body\">\u2014 W Polsce nie ma wirusa w \u015brodowisku ani nietoperzy, kt\u00f3re s\u0105 jego naturalnym rezerwuarem. Szans na powstanie lokalnych ognisk w naszym kraju po prostu nie ma \u2014 podkre\u015bla ekspertka.<\/p>\n<p>        \u015awinie i ludzie. G\u0142\u00f3wne drogi zaka\u017cenia<\/p>\n<p class=\"article-p\" data-section=\"detail-body\">Jak t\u0142umaczy prof. Joanna Zajkowska, \u017ar\u00f3d\u0142em zaka\u017cenia mog\u0105 by\u0107 produkty spo\u017cywcze.<\/p>\n<p class=\"article-p\" data-section=\"detail-body\">\u2014 Ludzie mog\u0105 zakazi\u0107 si\u0119 przez owoce albo \u015bwie\u017cy sok z palmy daktylowej, kt\u00f3ry pij\u0105 lokalni mieszka\u0144cy. W takich \u015bwie\u017cych produktach wirus mo\u017ce przetrwa\u0107 \u2014 zaznacza.<\/p>\n<p class=\"article-p\" data-section=\"detail-body\">Jednocze\u015bnie uspokaja, \u017ce \u017cywno\u015b\u0107 poddana obr\u00f3bce termicznej nie stanowi zagro\u017cenia, i co wa\u017cne, w przypadku suszonych owoc\u00f3w, takich jak daktyle, nie stwierdzono zaka\u017ce\u0144.<\/p>\n<p class=\"article-p\" data-section=\"detail-body\">Ekspertka zwraca uwag\u0119 na rol\u0119 zwierz\u0105t hodowlanych. \u2014 Zagro\u017ceniem s\u0105 hodowane na tym terenie \u015bwinie, kt\u00f3re mog\u0105 sta\u0107 si\u0119 \u017ar\u00f3d\u0142em zaka\u017cenia dla cz\u0142owieka. Niebezpieczny jest kontakt z zaka\u017conymi tkankami \u2014 m\u00f3wi prof. Zajkowska.<\/p>\n<p class=\"article-p\" data-section=\"detail-body\">Najwi\u0119ksze ryzyko wi\u0105\u017ce si\u0119 jednak z bezpo\u015brednim kontaktem mi\u0119dzyludzkim.<\/p>\n<p class=\"article-p\" data-section=\"detail-body\">\u2014 Najwi\u0119kszym zagro\u017ceniem jest chory cz\u0142owiek i kontakt z nim w czasie choroby \u2014 podkre\u015bla wirusolo\u017cka.<\/p>\n<p class=\"article-p\" data-section=\"detail-body\">Jak dot\u0105d choruj\u0105 g\u0142\u00f3wnie osoby mieszkaj\u0105ce na terenach endemicznych.<\/p>\n<p class=\"article-p\" data-section=\"detail-body\">Zachorowania dotycz\u0105 lokalnej ludno\u015bci, cz\u0119sto os\u00f3b o niskim statusie socjoekonomicznym: pij\u0105cych \u015bwie\u017cy sok palmowy, pracuj\u0105cych w rze\u017aniach oraz opiekun\u00f3w chorych<\/p>\n<p class=\"article-p\" data-section=\"detail-body\">\u2014 dodaje ekspertka<\/p>\n<p class=\"article-p\" data-section=\"detail-body\"><a href=\"https:\/\/www.fakt.pl\/zdrowie\/nowy-wirus-nipah-uderza-w-azje-kraje-reaguja-i-wprowadzaja-obostrzenia\/skxcrz4\" id=\"7b1ff976-32fc-4c9d-a2f9-98b193d558c2\" rel=\"nofollow noopener\" target=\"_blank\">Nowy wirus Nipah uderza w Azj\u0119. Kraje reaguj\u0105 i wprowadzaj\u0105 obostrzenia<\/a><\/p>\n<p>        Czy wirus Nipah mo\u017ce trafi\u0107 do Polski?<\/p>\n<p class=\"article-p\" data-section=\"detail-body\">Scenariusz, \u017ce patogen trafi nad Wis\u0142\u0119, jest mo\u017cliwy tylko w pojedynczych przypadkach.<\/p>\n<p class=\"article-p\" data-section=\"detail-body\">\u2014 Zachorowa\u0107 mo\u017ce osoba, kt\u00f3ra pojedzie do regionu zagro\u017conego i b\u0119dzie mia\u0142a kontakt z chorym cz\u0142owiekiem albo ska\u017con\u0105 \u017cywno\u015bci\u0105 \u2014 wyja\u015bnia prof. Zajkowska.<\/p>\n<p class=\"article-p\" data-section=\"detail-body\">Dotychczas nie odnotowano zawleczenia wirusa do kraju nieendemicznego, cho\u0107 \u2014 jak zaznacza ekspertka \u2014 nara\u017ceni mog\u0105 by\u0107 pracownicy ochrony zdrowia, je\u015bli nie zostan\u0105 zachowane procedury bezpiecze\u0144stwa.<\/p>\n<p class=\"article-p\" data-section=\"detail-body\"><a href=\"https:\/\/www.fakt.pl\/pieniadze\/nowy-wariant-grypy-pojawia-sie-w-polsce-lekarka-ostrzega-przed-groznymi-objawami\/5jrv996\" id=\"a6199aaf-d6a8-447c-8bf2-ab48cd1d56ba\" rel=\"nofollow noopener\" target=\"_blank\">Nowy wariant grypy pojawia si\u0119 w Polsce. Lekarka ostrzega przed gro\u017anymi objawami<\/a><\/p>\n<p>        Gro\u017any, ale daleki od Polski<\/p>\n<p class=\"article-p\" data-section=\"detail-body\">Wirus Nipah powoduje ci\u0119\u017ckie zapalenie p\u0142uc i m\u00f3zgu, a \u015bmiertelno\u015b\u0107 si\u0119ga nawet 75 proc. przypadk\u00f3w, dlatego znajduje si\u0119 pod \u015bcis\u0142ym nadzorem WHO. Mimo to \u2014 jak podkre\u015bla prof. Zajkowska \u2014 dla Polski nie jest dzi\u015b realnym zagro\u017ceniem.<\/p>\n<p class=\"article-p\" data-section=\"detail-body\">\u2014 Nie mamy wirusa w \u015brodowisku ani warunk\u00f3w do jego szerzenia si\u0119 \u2014 podsumowuje.<\/p>\n<p class=\"article-p\" data-section=\"detail-body\"><a href=\"https:\/\/www.fakt.pl\/wydarzenia\/kontrole-na-lotniskach-po-wykryciu-wirusa-nipah-kolejne-kraje-reaguja\/73h8qps\" id=\"d14aa66b-38ca-48c5-84c1-37f532c15ad5\" rel=\"nofollow noopener\" target=\"_blank\">Kontrole na lotniskach po wykryciu wirusa Nipah. Kolejne kraje reaguj\u0105<\/a> <\/p>\n<p>        \/3<\/p>\n<p>                    <img decoding=\"async\" class=\"article-image-img\" loading=\"lazy\" alt=\"\" src=\"https:\/\/www.europesays.com\/pl\/wp-content\/uploads\/2026\/01\/fPPk9kuTURBXy9lMjgyYjI1NC05OGZjLTQ2YTktYTIyOS1kNzE5ODliOGY1ZWMuanBlZ5GTAs0DSM0Ex94AAqEwAaExAQ.jpeg\" width=\"840\" height=\"1223\"\/><\/p>\n<p>                  Jan Malec \/ newspix.pl<\/p>\n<p class=\"article-gallery-p\">\n        Prof. dr hab. Joanna Zajkowska z Uniwersytetu Medycznego w Bia\u0142ymstoku.\n    <\/p>\n<p>        \/3<\/p>\n<p>                    <img decoding=\"async\" class=\"article-image-img\" loading=\"lazy\" alt=\"\" src=\"https:\/\/www.europesays.com\/pl\/wp-content\/uploads\/2026\/01\/dvzk9kuTURBXy81MWU2YTc0NC05ZGQ4LTQ1ZjUtYjU5NC0xOTcxMGEzMmM0YTUuanBlZ5GTAs0DSM0CS94AAqEwAaExAQ.jpeg\" width=\"840\" height=\"587\"\/><\/p>\n<p>                  EPA\/AIRPORTS OF THAILAND \/ PAP<\/p>\n<p class=\"article-gallery-p\">\n        Tajlandia, Nepal i Tajwan przywr\u00f3ci\u0142y na lotniskach kontrole sanitarne, jakie stosowano podczas pandemii COVID-19.\n    <\/p>\n","protected":false},"excerpt":{"rendered":"\u2014 Nie mamy wirusa w \u015brodowisku ani warunk\u00f3w do jego szerzenia si\u0119 \u2014 podsumowuje. \u2014 W \u015brodowisku wirus&hellip;\n","protected":false},"author":2,"featured_media":231989,"comment_status":"","ping_status":"","sticky":false,"template":"","format":"standard","meta":{"footnotes":""},"categories":[5],"tags":[32,33,36,37,27,34,35,28,31,25,42,38,40,39,41,29,30,26],"class_list":{"0":"post-231988","1":"post","2":"type-post","3":"status-publish","4":"format-standard","5":"has-post-thumbnail","7":"category-naglowki","8":"tag-breaking-news","9":"tag-breakingnews","10":"tag-featured-news","11":"tag-featurednews","12":"tag-headlines","13":"tag-latest-news","14":"tag-latestnews","15":"tag-naglowki","16":"tag-najwazniejsze-artykuly","17":"tag-news","18":"tag-pl","19":"tag-poland","20":"tag-polish","21":"tag-polska","22":"tag-polski","23":"tag-top-stories","24":"tag-topstories","25":"tag-wiadomosci"},"share_on_mastodon":{"url":"https:\/\/pubeurope.com\/@pl\/115979256287539855","error":""},"_links":{"self":[{"href":"https:\/\/www.europesays.com\/pl\/wp-json\/wp\/v2\/posts\/231988","targetHints":{"allow":["GET"]}}],"collection":[{"href":"https:\/\/www.europesays.com\/pl\/wp-json\/wp\/v2\/posts"}],"about":[{"href":"https:\/\/www.europesays.com\/pl\/wp-json\/wp\/v2\/types\/post"}],"author":[{"embeddable":true,"href":"https:\/\/www.europesays.com\/pl\/wp-json\/wp\/v2\/users\/2"}],"replies":[{"embeddable":true,"href":"https:\/\/www.europesays.com\/pl\/wp-json\/wp\/v2\/comments?post=231988"}],"version-history":[{"count":0,"href":"https:\/\/www.europesays.com\/pl\/wp-json\/wp\/v2\/posts\/231988\/revisions"}],"wp:featuredmedia":[{"embeddable":true,"href":"https:\/\/www.europesays.com\/pl\/wp-json\/wp\/v2\/media\/231989"}],"wp:attachment":[{"href":"https:\/\/www.europesays.com\/pl\/wp-json\/wp\/v2\/media?parent=231988"}],"wp:term":[{"taxonomy":"category","embeddable":true,"href":"https:\/\/www.europesays.com\/pl\/wp-json\/wp\/v2\/categories?post=231988"},{"taxonomy":"post_tag","embeddable":true,"href":"https:\/\/www.europesays.com\/pl\/wp-json\/wp\/v2\/tags?post=231988"}],"curies":[{"name":"wp","href":"https:\/\/api.w.org\/{rel}","templated":true}]}}